{"id":10198,"date":"2012-01-28T13:20:32","date_gmt":"2012-01-28T16:20:32","guid":{"rendered":"http:\/\/kunstinargentinien.com\/?p=10198"},"modified":"2012-01-29T16:18:28","modified_gmt":"2012-01-29T19:18:28","slug":"agenda-kalender-296","status":"publish","type":"post","link":"https:\/\/kunstinargentinien.com\/index.php\/2012\/01\/28\/agenda-kalender-296\/","title":{"rendered":"Agenda \/ Kalender"},"content":{"rendered":"<p><a href=\"http:\/\/kunstinargentinien.com\/index.php\/2012\/01\/28\/kalender-agenda-307\/\">Klicken Sie hier, um die deutsche Version zu lesen.<\/a><\/p>\n<p><strong>Agenda de Muestras 28\/01\/2012-04\/02\/2012<\/p>\n<p><em>Por Susanne Franz<\/em><\/strong><\/p>\n<p><a href=\"http:\/\/kunstinargentinien.com\/wp-content\/uploads\/2012\/01\/singingintherain.jpg\"><img loading=\"lazy\" decoding=\"async\" src=\"http:\/\/kunstinargentinien.com\/wp-content\/uploads\/2012\/01\/singingintherain.jpg\" alt=\"\" title=\"singingintherain\" width=\"250\" height=\"127\" class=\"alignleft size-full wp-image-10225\" \/><\/a>Buenas noticias para los amantes del cine: Durante el mes de febrero, en el Auditorio del <a href=\"http:\/\/www.malba.org.ar\/web\/home.php\">Malba<\/a> se ofrece una programaci\u00f3n del g\u00e9nero musical en todas sus variantes, desde sus inicios con &#8220;El cantor de jazz&#8221; (1927) hasta los documentales sobre rock&#8217;n&#8217;roll, pasando por la opereta europea de comienzos del sonoro, la influencia de Broadway, las pel\u00edculas dedicadas a estrellas populares (Zarah Leander, Carlos Gardel, Bing Crosby, The Beatles, etc.), los econ\u00f3micos musicales hechos en tiempo de guerra o los despliegues en Technicolor promovidos por el productor Arthur Freed durante la d\u00e9cada de 1950.<\/p>\n<p>Un peque\u00f1o anticipo de la programaci\u00f3n: 2\/2, 18:00 hs: &#8220;Cantando bajo la lluvia&#8221;, de Gene Kelly y Stanley Donen (foto); 3\/2, 24:00 hs: &#8220;The Blues Brothers&#8221;, de John Landis; 4\/2, 24:00 hs: &#8220;The Rocky Horror Picture Show&#8221;, de Jim Sharman, 5\/2, 22:00 hs: &#8220;U2: Rattle and Hum&#8221;, de Phil Joanou.<\/p>\n<p>(Entrada General: $20.-, estudiantes y jubilados: $10.-. Abono: $90.-, estudiantes y jubilados: $45.-.)<\/p>\n<p>Las muestras de la semana:<!--more--><\/p>\n<p><strong><em>Centros de exposiciones<\/em><\/strong><\/p>\n<ul>\n<li><a href=\"http:\/\/www.malba.org.ar\/web\/\">Malba<\/a> (Museo de Arte Latinoamericano de Buenos Aires), Av. Figueroa Alcorta 3415 (Jue-Lun y feriados 12-20 hs, Mi\u00e9 hasta 21 hs, Mar cerrado. Entrada 22 pesos, docentes, jubilados y estudiantes 11 pesos, menores de 5 a\u00f1os sin cargo. Mi\u00e9: Entrada 10 pesos, docentes y jubilados 5 pesos, estudiantes sin cargo): Carlos Cruz-Diez, &#8220;El color en el espacio y en el tiempo&#8221;. Salas 5 y 3 (2\u00b0 y 1\u00b0 piso). 21.09.-11.03. \/ &#8220;Colecci\u00f3n permanente + Comodatos MFAH. Arte latinoamericano 1910-2010&#8221; (patrimonio del Malba y 14 piezas clave cedidas en comodato por The Museum of Fine Arts, Houston (MFAH), de artistas como Lygia Clark, Joaqu\u00edn Torres-Garc\u00eda, Gego, H\u00e9lio Oiticica, David Alfaro Siqueiros y Jes\u00fas Rafael Soto). Sala 2 (1\u00ba piso). Hasta 11.03.<\/li>\n<li><a href=\"http:\/\/www.proa.org\/esp\/\">Fundaci\u00f3n Proa<\/a>, Av. Pedro de Mendoza 1929, La Boca (Mar-Dom 11-19 hs, lunes cerrado. Entrada general 12 pesos, estudiantes y docentes 8 pesos, jubilados 4 pesos; los martes gratis para estudiantes y docentes): &#8220;Dioses, Ritos y Of\u00edcios del M\u00e9xico Prehisp\u00e1nico&#8221;. Curador: David Morales G\u00f3mez. Organizado por la Embajada de M\u00e9xico en Argentina. 15.10.-21.02.<\/li>\n<li><a href=\"http:\/\/www.faenaartscenter.org\/\">Faena Arts Center<\/a>, Aim\u00e9 Paine 1169, Faena Arts District, Puerto Madero (S\u00e1b y Dom 11-19 hs. Entrada $ 20, menores de 12 a\u00f1os, jubilados y estudiantes con acreditaci\u00f3n gratis): Ernesto Neto, &#8220;O Bicho Suspenso na Paisajem&#8221;, instalaci\u00f3n. 22.09.-12.02.<\/li>\n<li><a href=\"http:\/\/www.mnba.org.ar\/index.php\">Museo Nacional de Bellas Artes<\/a>, Av. del Libertador 1473 (Mar-Vie 12.30-20.30, S\u00e1b y Dom 9.30-20.30 hs. Lunes cerrado. Entrada gratuita): &#8220;La tradici\u00f3n del arte. Italia en la Colecci\u00f3n del MNBA, 1860-1945&#8221;. 06.12.-19.02.<\/li>\n<li><a href=\"http:\/\/www.ccborges.org.ar\/\">Centro Cultural Borges<\/a>, Viamonte\/San Mart\u00edn (Lun-S\u00e1b 10-21, Dom 12-21 hs): Omar Panosetti, &#8220;Territorio&#8221;, tintas y dibujos. En el marco del ciclo &#8220;La l\u00ednea piensa&#8221;. Planta Baja. 16.12.-26.02. \/ &#8220;Estrat\u00e9gicas conjunciones&#8221;, obras de gran tama\u00f1o con fotograf\u00edas de Mar\u00eda In\u00e9s Mart\u00ednez y Enrique Torres Quinteros. Sala 31. 19.01.-05.02. \/ &#8220;Bienal Internacional de Fotograf\u00eda Art\u00edstica y Documental&#8221;, 320 obras de 220 artistas de 40 pa\u00edses que ser\u00e1n subastadas a beneficio de las fundaciones FLENI y Save the Children, el 14 de febrero en el Malba. 19.01.-27.02.<\/li>\n<li><a href=\"http:\/\/www.museodeartemoderno.buenosaires.gob.ar\/mam2.htm\">Museo de Arte Moderno de Buenos Aires<\/a> (MAMba), Av. San Juan 350 (Lun-Vie 12-19, S\u00e1b, Dom y feriados 11-20 hs. Entrada 1 peso, Mar gratis): &#8220;El Grito&#8221;, instalaci\u00f3n interactiva de Narcisa Hirsch y Jorge Caterbetti. 11.08.-30.03.<\/li>\n<li><a href=\"http:\/\/centroculturalrecoleta.org\/ccr-sp\/\">Centro Cultural Recoleta<\/a>, Jun\u00edn 1930 (Lun-Vie 14-21, S\u00e1b, Dom y feriados 10-21 hs. Entrada libre): Duilio Pierri, &#8220;Ulmen, el imperio de las pampas&#8221;. Sala Cronopios. 15.12.-29.01. \/ Adri\u00e1n Paiva, &#8220;Off&#8221;. Sala 10. Inauguraci\u00f3n: 02.02., 19 hs. Hasta 26.02. \/ Foro de Ilustradores, &#8220;Aguafuertes Porte\u00f1as de Roberto Arlt&#8221;. Salas 4, 5 y 6. Inauguraci\u00f3n: 02.02., 19 hs. Hasta 26.02. \/ Grupo Sin Tesis, &#8220;Laboratorio de Ideas&#8221;. Sala 8. Inauguraci\u00f3n: 02.02., 19 hs. Hasta 26.02. \/ Ramiro Sacco, &#8220;Orillas y apariciones&#8221;. Sala 11. Inauguraci\u00f3n: 02.02., 19 hs. Hasta 26.02. \/ M\u00f3nica Salvatori, &#8220;Te veo Buenos Aires&#8221;. Sala 13. Inauguraci\u00f3n: 02.02., 19 hs. Hasta 26.02.<\/li>\n<li>Museo Eduardo S\u00edvori, Av. Infanta Isabel 555, frente al puente del Rosedal de Palermo (Mar-Vie 12-20, S\u00e1b, Dom y feriados 10-20 hs. Entrada: $1. Mi\u00e9 y S\u00e1b gratis): Leo Vinci, &#8220;Pensamiento e Imagen&#8221;, esculturas. 26.11.-20.02.<\/li>\n<li>Museo de Arte Espa\u00f1ol Enrique Larreta, Juramento 2291 (Lun-Vie 13-19, S\u00e1b, Dom y feriados 10-20 hs. Entrada: $1. Jueves gratis): &#8220;\u00c1rboles de la vida &#8211; Recreaciones de una imagen universal&#8221;, pinturas naif de Mar\u00eda Teresa Bobbio, Cristina D\u00edaz, Indiana Domizi Sarmiento, Susana Llorente, Lidia Papic y Alejandra Sanguinetti. Artista invitado: Ricardo Luzuriaga. 01.12.-12.02.<\/li>\n<li>FotoGaler\u00eda del Teatro San Mart\u00edn, Av. Corrientes 1530 (Lun-Vie desde las 12 hs, S\u00e1b y Dom desde las 14 hs, hasta la finalizaci\u00f3n de las actividades del d\u00eda en el teatro. Entrada libre): Cecilia Lutufyan, &#8220;Criaturas&#8221;, fotograf\u00edas. A partir del 01.02. \/ &#8220;El transporte en la Argentina. Fotograf\u00edas 1860-1960&#8221;. A partir del 01.02.<\/li>\n<\/ul>\n<p><em><strong>Otras exposiciones<\/strong><\/em><\/p>\n<ul>\n<li>Graciela Sacco, &#8220;Tensi\u00f3n admisible&#8221;. <a href=\"http:\/\/www.parquedelamemoria.org.ar\/\">Parque de la Memoria<\/a>\/Monumento a las V\u00edctimas del Terrorismo de Estado, Sala PAyS, Av. Costanera Norte Rafael Obligado 6745. Lun-Vie 10-17 hs. Entrada libre. 20.08.-20.02.<\/li>\n<li>&#8220;La Boca seg\u00fan Quinquela&#8221;. Presentado por Fundaci\u00f3n Osde. \/ Mar\u00eda Sabato, &#8220;Turismo Imposible&#8221;, fotograf\u00edas. Museo de Bellas Artes de La Boca &#8220;Benito Quinquela Mart\u00edn&#8221;, Av. Pedro de Mendoza 1835, 2\u00ba. Mar-Vie 10-18, S\u00e1b, Dom y feriados 11-18 hs. 12.11.-04.03.<\/li>\n<li>&#8220;Luis F. Benedit, dise\u00f1ador&#8221;. Torre YPF, Macacha G\u00fcemes 515, PB, Puerto Madero. Lun-Vie 10-19 hs. Gratis. 07.12.-02.03.<\/li>\n<li>&#8220;100\u00b0 Edici\u00f3n del Sal\u00f3n Nacional de Artes Visuales&#8221;. Exhibici\u00f3n de las obras seleccionadas y premiadas en las disciplinas de Arte Textil, Arte Cer\u00e1mico y Grabado.<a href=\"http:\/\/www.palaisdeglace.gob.ar\/\">Palais de Glace<\/a>, Posadas 1725. Mar-Vie 12-20, S\u00e1b y Dom 10-20 hs. Entrada libre y gratuita. Visitas guiadas: S\u00e1b 17 y 18 hs. 13.12.-27.02.<\/li>\n<li>&#8220;Contar historias, Microrrelatos en las Colecciones Nacionales Palais de Glace, Fondo Nacional de las Artes y Casa del Bicentenario&#8221;. Casa del Bicentenario, Riobamba 985. Mar-Dom y feriados 15-21 hs. 22.12.-26.02.<\/li>\n<li>&#8220;Grandes grabadoras de Buenos Aires&#8221;, obras de Alda Armagni, Marta Belmes, Roxana Celman, Alicia D\u00edaz Rinaldi, \u00c1ngela Herrero, Nora Iniesta, Zulema Maza, Lucrecia Orloff, Silvina Paul\u00f3n, Marta P\u00e9rez Temperley, Mabel Rubli y Cristina Santander. Zurbar\u00e1n, Cerrito 1522. Desde 16.01. 01.02., 19 hs: di\u00e1logo con Nora Iniesta.<\/li>\n<li>Veronica Palmieri, Veronica Romano, Veronica Virasoro, &#8220;Encanto&#8221;. Curadora: Mariana Vidal. <a href=\"http:\/\/www.elsidelrio.com.ar\/\">Elsi del R\u00edo Arte Contempor\u00e1neo<\/a>, Humboldt 1510, Palermo Hollywood. Mar-Vie 14-20, S\u00e1b 11-15 hs. Inauguraci\u00f3n: 06.02., 19-22 hs. Hasta 10.03.<\/li>\n<\/ul>\n","protected":false},"excerpt":{"rendered":"<p>Klicken Sie hier, um die deutsche Version zu lesen. Agenda de Muestras 28\/01\/2012-04\/02\/2012 Por Susanne Franz Buenas noticias para los amantes del cine: Durante el mes de febrero, en el Auditorio del Malba se ofrece una programaci\u00f3n del g\u00e9nero musical en todas sus variantes, desde sus inicios con &#8220;El cantor de jazz&#8221; (1927) hasta los [&hellip;]<\/p>\n","protected":false},"author":1,"featured_media":0,"comment_status":"open","ping_status":"open","sticky":false,"template":"","format":"standard","meta":{"footnotes":""},"categories":[18],"tags":[],"class_list":["post-10198","post","type-post","status-publish","format-standard","hentry","category-agenda"],"_links":{"self":[{"href":"https:\/\/kunstinargentinien.com\/index.php\/wp-json\/wp\/v2\/posts\/10198","targetHints":{"allow":["GET"]}}],"collection":[{"href":"https:\/\/kunstinargentinien.com\/index.php\/wp-json\/wp\/v2\/posts"}],"about":[{"href":"https:\/\/kunstinargentinien.com\/index.php\/wp-json\/wp\/v2\/types\/post"}],"author":[{"embeddable":true,"href":"https:\/\/kunstinargentinien.com\/index.php\/wp-json\/wp\/v2\/users\/1"}],"replies":[{"embeddable":true,"href":"https:\/\/kunstinargentinien.com\/index.php\/wp-json\/wp\/v2\/comments?post=10198"}],"version-history":[{"count":13,"href":"https:\/\/kunstinargentinien.com\/index.php\/wp-json\/wp\/v2\/posts\/10198\/revisions"}],"predecessor-version":[{"id":10221,"href":"https:\/\/kunstinargentinien.com\/index.php\/wp-json\/wp\/v2\/posts\/10198\/revisions\/10221"}],"wp:attachment":[{"href":"https:\/\/kunstinargentinien.com\/index.php\/wp-json\/wp\/v2\/media?parent=10198"}],"wp:term":[{"taxonomy":"category","embeddable":true,"href":"https:\/\/kunstinargentinien.com\/index.php\/wp-json\/wp\/v2\/categories?post=10198"},{"taxonomy":"post_tag","embeddable":true,"href":"https:\/\/kunstinargentinien.com\/index.php\/wp-json\/wp\/v2\/tags?post=10198"}],"curies":[{"name":"wp","href":"https:\/\/api.w.org\/{rel}","templated":true}]}}