{"id":102,"date":"2005-04-30T00:13:58","date_gmt":"2005-04-30T03:13:58","guid":{"rendered":"http:\/\/kunstinargentinien.com\/index.php\/2005\/04\/30\/kalender-agenda\/"},"modified":"2005-04-30T00:41:29","modified_gmt":"2005-04-30T03:41:29","slug":"kalender-agenda","status":"publish","type":"post","link":"https:\/\/kunstinargentinien.com\/index.php\/2005\/04\/30\/kalender-agenda\/","title":{"rendered":"Kalender \/ Agenda"},"content":{"rendered":"<p><a href=\"http:\/\/kunstinargentinien.com\/index.php\/2005\/04\/30\/agenda\/\">Click aqu\u00ed para leer la versi\u00f3n en castellano.<\/a><\/p>\n<p><strong>Ausstellungs-Kalender 30.4.-7.5.05<\/strong><\/p>\n<p><em>Ausstellungszentren<\/em><\/p>\n<ul>\n<li>Centro Cultural Borges, Viamonte\/San Mart\u00edn (Mo-Sa 10-21, So 12-21 Uhr, Eintritt 3 Pesos, Studenten und Rentner 1,50 Pesos; Cartier-Bresson 6 Pesos): Henri Cartier-Bresson, Retrospektive mit 155 Fotos. Verl\u00e4ngert bis 15.5. \/ Gonzalo Alvarez, \u201eProyecto Bio\u201c. Seit 15.4. \/ \u201eInstant\u00e1neas de un Genocidio\u201c, Fotos aus den polnischen Ghettos. Seit 18.4.<\/li>\n<p><!--more--><\/p>\n<li>Centro Cultural Recoleta, Jun\u00edn 1930 (Di-Fr 14-21, Sa, So und feiertags 10-21 Uhr, Eintritt 1 Peso): \u201eAdaptaciones urbanas\u201c, Werke von Fabiana Barreda, Leonel Luna, Matilde Mar\u00edn, Silvia Rivas, u.a. (Saal 10). 14.4.-15.5. \/ Fabio Zimbres (Comiczeichner, Brasilien), \u201ePanam\u00e1\u201c (Espacio Historieta). 14.4.-15.5. \/ Jorge Pietra, \u201eAlgunas im\u00e1genes sobre mi gravedad interior\u201c, Gem\u00e4lde (Saal 4). 14.4.-15.5. \/ Elena Baliner, \u201eGol seguro\u201c, Zeichnungen, Gem\u00e4lde (Saal 7). 14.4.-15.5. \/ Nora Mordcovich, \u201eL\u00ednea, luz, l\u00edmite\u201c, Gem\u00e4lde (Saal 9). 14.4.-15.5. \/ Mabel Rubli, \u201eLa vida inm\u00f3vil\u201c. Seit 21.4. \/ Adriana Zapisek, Gem\u00e4lde 1985-2005 (Saal 15). 28.4.-22.5. \/ Stella Sidi, \u201eLas novias del siglo XX al XXI\u201c, Fotografien, Texte, Klanginstallationen (Saal 2). 28.4.-22.5.<\/li>\n<li>Centro Cultural de la Cooperaci\u00f3n (Av. Corrientes 1543. Mo-Sa 11-22, So 17-22.30 Uhr): \u201eSobrevivientes\u201c (Fotos von Pablo Vitale und Nazareno Russo), Kurator: Alberto Giudici (Abraham-Vigo-Saal). 14.4.-29.5.<\/li>\n<li>Centro Cultural San Mart\u00edn, Sarmiento 1551 (t\u00e4glich 15-21 Uhr): Pablo Su\u00e1rez, \u201eSerenamente andando\u201c, Werke auf Papier (Saal 2) \/ Miguel Harte, \u201eMundo Harte\u201c, Zeichnungen, Gem\u00e4lde, Objekte (Saal 1). Kuratoren: Su\u00e1rez &#038; Harte. 5.4.-19.5.<\/li>\n<li>MALBA, Av. Figueroa Alcorta 3415 (Do-Mo 12-20, Mi 12-21 Uhr, dienstags geschlossen, Eintritt 7 Pesos, Dozenten und Senioren \u00fcber 65 Jahre 3,50 Pesos, Rentner und Kinder unter 12 Jahre gratis, mittwochs Eintritt frei): \u201eBerni y sus Contempor\u00e1neos. Correlatos\u201c, Gast-Kuratorin: Adriana Lauria. 11.3.-16.5. \/ Chantal Akerman, \u201eD\u2019Est. Al borde de la ficci\u00f3n\u201c, Video-Installation (1995). 7.4.-1.5. \/ Le\u00f3n Ferrari, \u201eArtefactos para dibujar sonidos\u201c (Terrasse, 1. Stock). 10.12.-Mai 05. \/ Hern\u00e1n Marina, \u201eEl coloso\u201c, Monumentalskulptur (Intervention). Bis Mai 05.<\/li>\n<li>Museo de Arte Moderno, San Juan 350 (Di-Fr 10-20, Sa, So und feiertags 11-20 Uhr, Eintritt 3 Pesos, f\u00fcr Argentinier oder residentes 1 Peso): \u201eProyecto Cono Sur\u201c (Miquel Barcel\u00f3, Basserode, Joseph Beuys, Katharina Bosse, Orlan, Yvan Salomone, Roman Signer, Franz West, u.v.a.) \/ Augusto Zanela, \u201eApunte\u201c, Installation. 9.3.-15.5.<\/li>\n<li>Museo Nacional de Bellas Artes, Av. del Libertador 1473 (Di-So 13.30-19.30, Sa 9.30-19.30 Uhr): \u201eEvasi\u00f3n y Realidad\u201c, fotografische Sammlung des Museums, Werke von Alexander Apostol (Venezuela), Milagros de la Torre (Peru), Grete Stern, Pedro Otero, Duane Michals (USA), Norberto Puzzolo, Dalila Puzzovio, Ge\/T\u00e1boas, Liliana Parra, Joan Fontcuberta (Spanien), Daniel Rivas, Luis Gonz\u00e1lez Palma (Guatemala), Elda Harrington, Dino Bruzzone, Hugo Aveta, Pablo Tapia, Leopoldo Plentz (Brasilien), Andrea Ostera, Julie Weisz, Bernard Faucon (Frankreich), Marcos L\u00f3pez, Pablo Soria, Eduardo M\u00e9dici, RES. Kuratorin: Sara Facio. 6.4.-29.5. \/ \u201eEl diablo no es tan feo como lo pintan\u201c, ausgew\u00e4hlte Werke der 26. Biennale von Sao Paulo. 12.4.-22.5.<\/li>\n<li>San Mart\u00edn-Theater, Av. Corrientes 1530 (t\u00e4glich 11 Uhr bis Ende der letzten Theatervorstellung): Nicol\u00e1s Goldberg, \u201eEl candidato\u201c, Foto-Essay (FotoGaler\u00eda). 5.4.-30.4. \/ Roberta Vassallo (Italien) und Guido Chouela (Argentinien), \u201eEntre quimera y realidad\u201c, Fotos (Hall Central Carlos Morel). 5.4.-22.5.<\/li>\n<\/ul>\n<p><em>Sonstige Ausstellungen<\/em><\/p>\n<ul>\n<li>Guillermo Rodriguez, \u201eGuardianes del Paisaje\u201c. Isabel Anchorena, Arenales 1239, Rue des Artisans, 4 \u201eH\u201c. Mo-Fr 11-19.30. Sa 11-13 Uhr. 15.3.-4.5.<\/li>\n<li>Leandro Allochis (Santa Cruz), Fotos \/ Viviana Miranda (Chubut), \u201ebanderasbasuras\u201c. Kurator: Julio S\u00e1nchez. \u201eBoquitas Pintadas\u201c, Estados Unidos 1393\/San Jos\u00e9. Mo-Fr 15-21 Uhr. 19.3.-6.5.<\/li>\n<li>\u201eS\u00f3lo desnudas\u201c, Werke von Cetner, Ieger, Mart\u00ednez, Scaglione, Seghezzo, u.a. Galer\u00eda de la Recoleta, Ag\u00fcero 2502, Garten der Nationalbibliothek. Mo-Fr 12-19, So 15-20 Uhr. 29.3.-8.5.<\/li>\n<li>Liliana Porter, \u201eEllos y algunos otros\u201c \/ Leopoldo Estol, \u201eParque\u201c. Ruth Benzacar, Florida 1000. Mo-Fr 11.30-20, Sa 10.30-13.30 Uhr. 30.3.-7.5.<\/li>\n<li>\u201eArte Abstracto (Hoy) = Fragilidad + Resiliencia\u201c (Werke von Avello, Ballesteros, Bertone, Burgos, Cacchiarelli, Corujeira, De Caro, De Sagastiz\u00e1bal, De Volder, Dorr, Guagnini, Gumier Maier, Gutman, Hasper, Kacero, Lacarra, Laren, L\u00f3pez, Marcaccio, Masvernat, Pombo, Prior, Siquier, Vilela; Kurator: Mario Gradowczyk). Centro Cultural de Espa\u00f1a en Buenos Aires CCEBA, Florida 943. Mo-Fr 10.30-20 Uhr. Seit 30.3.<\/li>\n<li>Manuel Alvarez, Gem\u00e4lde. Pabell\u00f3n de las Bellas Artes, UCA, Alicia Moreau de Justo 1300, Puerto Madero. Di-So 11-20 Uhr. 30.3.-4.5.<\/li>\n<li>Die Kunstb\u00fccher des Larivi\u00e8re-Verlags. La Biblioth\u00e8que, Uruguay 1223, rote T\u00fcr. T\u00e4glich 15-20 Uhr. 30.3.-Jahresende.<\/li>\n<li>J\u00e1nos Kalm\u00e1r, \u201eDas j\u00fcdische Wien\u201c, Fotos. Museo del Holocausto-Sho\u00e1, Montevideo 919. Seit 31.3.<\/li>\n<li>P\u00e9rez Celis, \u201eXentenario\u201c, Gem\u00e4lde. Museo Quinquela Mart\u00edn, Av. Pedro de Mendoza 1835. Di-So 10-18 Uhr. Eintritt 1 Peso. 31.3.-1.5.<\/li>\n<li>Osvaldo Decastelli, \u201eLibros objeto\u201c. Decastelli \u201eArte en Cart\u00f3n\u201c, Chile 354, San Telmo. T\u00e4glich 10.30-18.30 Uhr. Sa und So 11-16 Uhr ist der K\u00fcnstler anwesend. 4.4.-30.4.<\/li>\n<li>Silvina Der-Meguerditchian, \u201eRECONOCER\u201c, Foto-Installation. Elsi del R\u00edo, Ar\u00e9valo 1748, Palermo Hollywood. Di-Fr 15-20, Sa 11-14 Uhr. 5.4.-16.5.<\/li>\n<li>Liborio Justo, \u201eLa b\u00fasqueda de la verdad\u201c, Fotos. Museo Isaac Fern\u00e1ndez Blanco, Suipacha 1422. Eintritt 3 Pesos. Di-So 14-19 Uhr. 5.4.-22.5.<\/li>\n<li>Leandro Comba. Kuratorin: Alina Tortosa. Azcue Dise\u00f1os S.R.L., Montevideo 1484. Mo-Fr 10-13 und 15-19.30, Sa 10-13 Uhr. 6.4.-6.5.<\/li>\n<li>H\u00e9ctor Alves, \u201eTile\u201c, Keramiken. BAC, Suipacha 1333. Di-Fr 15-21 Uhr. 6.4.-27.5.<\/li>\n<li>Enio Iommi, \u201eDe la utopia a la antiutopia\u201c. MUNTREF, Universidad Tres de Febrero, Valent\u00edn G\u00f3mez 4838, Caseros, Prov. Bs.As. Mo-Sa 11-20 Uhr. Seit 8.4.<\/li>\n<li>Facundo de Zuvir\u00eda, \u201eCada d\u00eda te quiero m\u00e1s\u201c, Fotos. EspacioFotogr\u00e1fico del Teatro de la Ribera, Av. Pedro de Mendoza 1821. T\u00e4glich 10-20 Uhr. 9.4.-Ende Mai.<\/li>\n<li>\u201eCulturas del Gran Chaco\u201c, Fotos von Grete Stern und Sammlung des \u201eMuseo Etnogr\u00e1fico\u201c der UBA. Fundaci\u00f3n Proa, Av. Pedro de Mendoza 1929, La Boca. Di-So 12-19 Uhr. Eintritt 3 Pesos, Studenten 2 Pesos, Rentner 1 Peso. Seit 9.4.<\/li>\n<li>\u201eL\u00edmites sin fronteras\u201c (Werke von Astorga, Avello, Bruzzone, Burgos, Dorr, Esnoz, Jitrik, Joglar, Lacarra, L\u00f3pez, Seeber, Vilela; Kuratorin: Victoria Noorthoorn). Dabbah-Torrej\u00f3n, S\u00e1nchez de Bustamante 1187. Di-Fr 15-20, Sa 11-14 Uhr. Seit 9.4.<\/li>\n<li>Alfredo Prior, \u201eTraves\u00eda\u201c, Gem\u00e4lde. Principium, Esmeralda 1357. Mo-Fr 11-20, Sa 11-13 Uhr. 12.4.-14.5.<\/li>\n<li>Eduardo Pla, \u201eMosaicos digitales\u201c. 180 Grados Arte Contempor\u00e1neo, Filo, San Mart\u00edn 975. Mo-Fr 13-24, Sa 13-16 Uhr. Seit 12.4.<\/li>\n<li>D\u00edaz Azcoaga, Fresca, Mastro, Porcel, Sanguinetti. Arte x Arte, Lavalleja 1062 (H\u00f6he C\u00f3rdoba 4200). Mo-Sa 13-19 Uhr. 12.4.-11.6.<\/li>\n<li>Mildred Burton, \u201eTapicer\u00edcimas Mitol\u00f3gicas\u201c. AGALMA, Libertad 1389. Mo-Fr 12-20, Sa 11-13.30 Uhr. Seit 14.4.<\/li>\n<li>\u201ePremio Mamba Arte y Nuevas Tecnolog\u00edas\/Fundaci\u00f3n Telef\u00f3nica 2004\u201c (Werke der Preistr\u00e4ger Campos C\u00e1ceres, Galuppo, Lindner, Pirota, Zerbarini, Zoffoli, u.a.). Espacio Fundaci\u00f3n Telef\u00f3nica, Arenales 1540. Mo-Fr 14-20.30 Uhr. Seit 14.4.<\/li>\n<li>Andr\u00e9s Iglesias, \u201eEl color del paisaje\u201c, Gem\u00e4lde. Espacio Ag, Marcelo T. de Alvear 1175. Mo-Fr 11-20 Uhr. 14.4.-13.5.<\/li>\n<li>Stephen Robert Koek Koek (1887-1934), Gem\u00e4lde. Zurbar\u00e1n, Cerrito 1522. Mo-Fr 11-21, Sa 10.30-13 Uhr. 18.4.-24.5.<\/li>\n<li>Roberto Broullon, \u201eNosotros los animales\u201c, Gem\u00e4lde. Sylvia Vesco, San Mart\u00edn 522, 1. Stock \u201e4\u201c. Mo-Fr 11-20, Sa 11-13 Uhr. 18.4.-21.5.<\/li>\n<li>Miguel Caride, \u201ePo\u00e9tica del silencio\u201c. Daniel Maman Fine Art, Av. del Libertador 2475. Mo-Fr 11-20, Sa 11-19 Uhr. Seit 19.4.<\/li>\n<li>\u201eEl futuro del arte en la Argentina\u201c. Belleza y Felicidad, Acu\u00f1a de Figueroa 900\/Guardia Vieja. Mo-Fr 11-19, Sa 11-13 Uhr. 21.4.-1.5.<\/li>\n<li>Jorge Estomba, Skulpturen, Werke auf Papier. Palatina, Arroyo 821. Mo-Fr 10.30-20, Sa 10-13 Uhr. 21.4.-9.5.<\/li>\n<li>Alejandra Padilla, Collagen. Rubbers \u201eEspacio Alvear\u201c, Av. Alvear 1595. 27.4.-4.5.<\/li>\n<li>Victor Magari\u00f1os D., Gem\u00e4lde. Van Eyck, Av. Santa Fe 834. Mo-Fr 11-20, Sa 11-13 Uhr. 27.4.-3.6.<\/li>\n<li>Eduardo Bendersky, Gem\u00e4lde. Castagnino\/Rold\u00e1n Espacio de Arte, Juncal 743. Mo-Fr 10-19 Uhr. 27.4.-4.6.<\/li>\n<li>\u201eGrupo Dharma\u201c (Werke von Bolivar, Caceres, Cuttica, Farinati, Grau, Huidobro, Lepez, Peirano, Roth, Tesoriero, Trotta, Vanarsky). Dharma Fine Arts, Rue des Artisans, Arenales 1239, Puerta 1, 1er Piso. Mo-Fr 12-20 Uhr. Er\u00f6ffnung: 3.5., 19 Uhr. Bis 3.6.<\/li>\n<li>Nacho Iasparra und Gustavo Lozano, \u201ePampa y Cielo\u201c, Fotos. Kurator: Julio S\u00e1nchez. Tono Rojo, Eduardo Schiaffino 2183. T\u00e4glich 12-0 Uhr. Er\u00f6ffnung: 4.5., 19 Uhr. Bis 10.7.<\/li>\n<\/ul>\n","protected":false},"excerpt":{"rendered":"<p>Click aqu\u00ed para leer la versi\u00f3n en castellano. Ausstellungs-Kalender 30.4.-7.5.05 Ausstellungszentren Centro Cultural Borges, Viamonte\/San Mart\u00edn (Mo-Sa 10-21, So 12-21 Uhr, Eintritt 3 Pesos, Studenten und Rentner 1,50 Pesos; Cartier-Bresson 6 Pesos): Henri Cartier-Bresson, Retrospektive mit 155 Fotos. Verl\u00e4ngert bis 15.5. \/ Gonzalo Alvarez, \u201eProyecto Bio\u201c. Seit 15.4. \/ \u201eInstant\u00e1neas de un Genocidio\u201c, Fotos aus [&hellip;]<\/p>\n","protected":false},"author":1,"featured_media":0,"comment_status":"open","ping_status":"open","sticky":false,"template":"","format":"standard","meta":{"footnotes":""},"categories":[3],"tags":[],"class_list":["post-102","post","type-post","status-publish","format-standard","hentry","category-kalender-agenda"],"_links":{"self":[{"href":"https:\/\/kunstinargentinien.com\/index.php\/wp-json\/wp\/v2\/posts\/102","targetHints":{"allow":["GET"]}}],"collection":[{"href":"https:\/\/kunstinargentinien.com\/index.php\/wp-json\/wp\/v2\/posts"}],"about":[{"href":"https:\/\/kunstinargentinien.com\/index.php\/wp-json\/wp\/v2\/types\/post"}],"author":[{"embeddable":true,"href":"https:\/\/kunstinargentinien.com\/index.php\/wp-json\/wp\/v2\/users\/1"}],"replies":[{"embeddable":true,"href":"https:\/\/kunstinargentinien.com\/index.php\/wp-json\/wp\/v2\/comments?post=102"}],"version-history":[{"count":0,"href":"https:\/\/kunstinargentinien.com\/index.php\/wp-json\/wp\/v2\/posts\/102\/revisions"}],"wp:attachment":[{"href":"https:\/\/kunstinargentinien.com\/index.php\/wp-json\/wp\/v2\/media?parent=102"}],"wp:term":[{"taxonomy":"category","embeddable":true,"href":"https:\/\/kunstinargentinien.com\/index.php\/wp-json\/wp\/v2\/categories?post=102"},{"taxonomy":"post_tag","embeddable":true,"href":"https:\/\/kunstinargentinien.com\/index.php\/wp-json\/wp\/v2\/tags?post=102"}],"curies":[{"name":"wp","href":"https:\/\/api.w.org\/{rel}","templated":true}]}}