{"id":1031,"date":"2007-05-18T08:39:09","date_gmt":"2007-05-18T11:39:09","guid":{"rendered":"http:\/\/kunstinargentinien.com\/index.php\/2007\/05\/18\/kalender-agenda-66\/"},"modified":"2007-05-22T11:38:25","modified_gmt":"2007-05-22T14:38:25","slug":"kalender-agenda-66","status":"publish","type":"post","link":"https:\/\/kunstinargentinien.com\/index.php\/2007\/05\/18\/kalender-agenda-66\/","title":{"rendered":"Kalender \/ Agenda"},"content":{"rendered":"<p><a href=\"http:\/\/kunstinargentinien.com\/index.php\/2007\/05\/18\/agenda-kalender-59\/\">Click aqu\u00ed para leer la versi\u00f3n en castellano.<\/a><\/p>\n<p><strong>Ausstellungs-Kalender 19.05.07-26.05.07<\/strong><\/p>\n<div align=center><img decoding=\"async\" id=\"image1034\" src=\"http:\/\/kunstinargentinien.com\/wp-content\/uploads\/2007\/05\/hernan.jpg\" alt=\"hernan.jpg\" \/><br \/>\n<em>Am Donnerstag wurde die wichtigste Kunstmesse Argentiniens, <a href=\"http:\/\/www.arteba.org\/arteba07\/\">arteBA 2007<\/a>, er\u00f6ffnet, die vom 18. bis 22. Mai von 13 bis 22 Uhr f\u00fcr das Publikum zug\u00e4nglich ist. Auf dem Foto ein Videostill von &#8220;Le Partenaire&#8221; von Hern\u00e1n Marina (in der Videokunst-Sektion &#8220;Cubo Negro\/Caja Blanca&#8221;).<\/em><\/div>\n<p><em><strong>Ausstellungszentren<\/strong><\/em><\/p>\n<ul>\n<li><a href=\"http:\/\/www.malba.org.ar\/web\/\">MALBA<\/a> (Museo de Arte Latinoamericano de Buenos Aires), Av. Figueroa Alcorta 3415 (Do-Mo und feiertags 12-20 Uhr, Di geschlossen, Mi bis 21 Uhr, Eintritt frei. An anderen Tagen: Eintritt 12 Pesos, Lehrer und \u00fcber 65-J\u00e4hrige 6 Pesos, Studenten, Kinder unter 12 Jahren und Behinderte gratis): Alfredo Volpi (Brasilien), \u201e50 a\u00f1os de pintura\u201c. Kurator: Olivio Tavares de Ara\u00fajo. 16.3.-28.5. \/ David LaChapelle, \u201eHeaven to Hell &#8211; Bellezas y Desastres\u201c. Kuratorin: Eva Grinstein. 30.3.-21.5. \/ Marta Minuj\u00edn, \u201eLos meses del a\u00f1o\u201c (Terrasse). 7.12.-September 2007. \/ Sergio Avello, \u201eVolumen\u201c (Explanade). 7.12.-September 2007.<\/li>\n<p><!--more--><\/p>\n<li><a href=\"http:\/\/www.centroculturalrecoleta.org\/\">Centro Cultural Recoleta<\/a>, Jun\u00edn 1930 (Di-Fr 14-21, Sa, So und feiertags 10-21 Uhr, Eintritt 1 Peso): Diego Par\u00e9s, \u201eEl Sr. y la Sra. Rispo\u201c. \u201eEspacio Historieta\u201c-Saal. 19.4.-3.6. \/ Odile Bourdet, \u201eImpresiones digitales\u201c. Prometeus-Saal. 19.4.-3.6. \/ \u201eCiencia en foco. Tecnolog\u00eda en foco\u201c. Saal 7. 2.5.-27.5. \/ Juan Longhini, \u201ePapeles\u201c. Saal 12. 3.5.-27.5. \/ Leo Chiachio &#038; Daniel Giannone, \u201eDesborde de alegr\u00eda\u201c. Saal 6. 3.5.-27.5. \/ Gaby Messina, \u201eAlmas gemelas\u201c. Saal 4. 3.5.-27.5. \/ Xil Buffone, Eduardo Costa, \u201eCita Lim\u00f3n\u201c. Saal 9. 3.5.-27.5. \/ Guillermo Thiemer, \u201eVida y obra\u201c. Saal 10. 3.5.-27.5. \/ Rosario Zorraqu\u00edn, \u201eUna sucesi\u00f3n de gestos inciertos\u201c. Saal 11. 3.5.-27.5. \/ Antonio Segu\u00ed, \u201e15 a\u00f1os &#8211; 1992\/2007\u201c. S\u00e4le Cronopios, J und C. 8.5.-10.6.<\/li>\n<li><a href=\"http:\/\/www.mnba.org.ar\/\">Museo Nacional de Bellas Artes (MNBA)<\/a>, Av. del Libertador 1473 (Di-Fr 12.30-19.30, Sa und So 9.30-19.30 Uhr, Eintritt frei): Ricardo Garabito, Retrospektive. 2.5.-17.6. F\u00fchrungen dienstags bis sonntags um 18 Uhr.<\/li>\n<li>Museo de Arte Moderno de Buenos Aires (MAMbA), Edificio del Correo Central, Av. Corrientes 172 (Di-Fr 10-20, Sa, So und feiertags 11-20 Uhr, Eintritt 1 Peso, mittwochs gratis): Luis Felipe No\u00e9, \u201eNo\u00e9 en l\u00ednea\u201c. S\u00e4le A und B. \/ Leopoldo Estol, \u201eMi primera escultura\u201c, Installation. Saal E. \/ Ernesto Ballesteros, \u201eL\u00edneas perdidas\u201c, Zeichnungen. Saal D. \/ \u201eColecci\u00f3n Pirovano\u201c. Saal C. Seit 4.5.<\/li>\n<li><a href=\"http:\/\/www.ccborges.org.ar\/\">Centro Cultural Borges<\/a>, Viamonte\/San Mart\u00edn (Mo-Sa 11-21, So 12-21 Uhr. Eintritt 4 Pesos, Rentner und Studenten 2 Pesos): Xavier Carbonell (Katalonien), \u201e20 a\u00f1os de pintura\u201c, Gem\u00e4lde-Retrospektive. Seit 3.5. \/ Almir Reis (Brasilien), \u201eRio de Janeiro\u201c, Fotos. Kurator: Robert Campbell. Saal 28, 2. Stock. Seit 3.5. \/ Ana Mar\u00eda Mej\u00eda Mac Marter und Viviana Palacio (Kolumbien), Fotos. Im Zyklus \u201eBorges Contempor\u00e1neo\u201c, Kuratorin: Laura Spivak. Saal 9. 3.5.-20.5. \/ \u201eArgelia en el coraz\u00f3n\u201c, Fotos. Seit 9.5.<\/li>\n<li>FotoGaler\u00eda des <a href=\"http:\/\/www.teatrosanmartin.com.ar\/\">Theaters San Mart\u00edn<\/a>, Av. Corrientes 1530 (Mo-Fr ab 12 Uhr, samstags und sonntags ab 14 Uhr, bis zum Ende der Vorstellungen im Theater. Eintritt frei): Arturo Aguiar, \u201eEn los l\u00edmites de la representaci\u00f3n\u201c, Fotos. In der \u201eFotoGaler\u00eda\u201c. 4.5.-3.6.<\/li>\n<\/ul>\n<p><em><strong>Sonstige Ausstellungen<\/strong><\/em><\/p>\n<ul>\n<li>\u201eLI Sal\u00f3n de Artes Pl\u00e1sticas Manuel Belgrano\u201c. Museo de Artes Pl\u00e1sticas Eduardo S\u00edvori, Infanta Isabel 555. 17.3.-20.5.<\/li>\n<li>\u201eNEGATEC\u201c, Werke von Alfredo Jaar, CAE, Ingo G\u00fcnther, I\u00f1igo Manglano-Ovalle, Jenny Perlin, Liza McConnell, martinafischer13, Mika Rottenberg, Syd Babur, Wim Delvoye, Yes Men. Kurator: Luis Camnitzer. Co-Kuratorin: Patricia Hakim. <a href=\"http:\/\/www.espacioft.org.ar\/\">Espacio Fundaci\u00f3n Telef\u00f3nica<\/a>, Arenales 1540. Di-So 14-20 Uhr. 20.3.-27.5.<\/li>\n<li>\u201e31 a\u00f1os\u201c, Gratis-Ausstellung unter freiem Himmel. Hommage f\u00fcr die Opfer der Milit\u00e4rdiktatur anl\u00e4sslich des 31. Jahrestages des Milit\u00e4rputschs am 24. M\u00e4rz 1976. Werke von Marcelo Brodsky, Norberto Onofrio, Mariana Schapiro, Juli\u00e1n Agosta, Oscar Staffora, Mauro Nizzero, Gustavo Arment\u00eda, Ana Mar\u00eda Esplugas, Nieves Rebuffo, Gabriela Heras, Marina Papadoupolos, Jaime Graschinski, u.a. \u201eJard\u00edn de las Esculturas\u201c, Av. Monroe (Ecke H\u00fasares), 0. T\u00e4glich 9-22 Uhr. 23.3.-10.6.<\/li>\n<li>Roberto El\u00eda, Horacio Zabala, \u201eConjunciones y disyunciones\u201c. Kuratorin: Danielle Perret. El Borde, Uriarte 1356, Palermo Viejo. Di-Sa 15-20 Uhr. 10.4.-26.5.<\/li>\n<li>Sergio Vizcarra, Luciana Saint Girons, Sof\u00eda Silva, Fotos. ArtexArte, Lavalleja 1062. Mo-Sa 13-19 Uhr. 11.4.-24.5.<\/li>\n<li>\u201ePampa, Ciudad y Suburbio\u201c. Kuratorin: Laura Malosetti Costa. IMAGO &#8211; Espacio de Arte de la Fundaci\u00f3n OSDE, Suipacha 658. Mo-Fr 12-20, Sa und So 12-19 Uhr. Eintritt frei. 12.4.-1.6.<\/li>\n<li>Francisco de Goya, 37 Graphiken aus der Serie \u201eLa Tauromaquia\u201c. Museo de Arte Espa\u00f1ol \u201eEnrique Larreta\u201c, Av. Juramento 2291. Mo und Mi-Fr 14-20, Sa, So und feiertags 10-13 und 15-20 Uhr. Dienstags geschlossen. Eintritt 1 Peso. 18.4.-14.6.<\/li>\n<li>Alfredo Hlito, \u201eLas reglas del juego\u201c, Gem\u00e4lde. Kuratorin: Martha Nanni. Museo de la Universidad de Tres de Febrero (MUNTREF), Valent\u00edn G\u00f3mez 4828\/38, Caseros (gegen\u00fcber der Zugstation). Seit 19.4.<\/li>\n<li>Dora Isdatne, Skulpturen. Galer\u00eda Loreto Arenas, Juncal 885, Zwischenstock. Mo-Fr 14-20, Sa 11-13 Uhr. 24.4.-28.5.<\/li>\n<li>Alfredo Prior, \u201eEl jard\u00edn en un grano de arroz\u201c, Gem\u00e4lde. Vasari, Esmeralda 1357. 25.4.-25.5.<\/li>\n<li>Mariana Vidal, \u201ePinturas\u201c. <a href=\"http:\/\/www.elsidelrio.com.ar\/\">Elsi del R\u00edo Arte Contempor\u00e1neo<\/a>, Ar\u00e9valo 1748, Palermo. Di-Fr 15-20, Sa 11-14 Uhr. 25.4.-2.6.<\/li>\n<li>Nicol\u00e1s Hardy, Fotos. Ernesto Catena Fotograf\u00eda Contempor\u00e1nea, Honduras 4882, 1. Stock. Seit 25.4.<\/li>\n<li>Susana Rodr\u00edguez, \u201eTierra de sombras\u201c, Graphiken und Gem\u00e4lde. Agalma.arte, Libertad 1389. Mo-Fr 12-20, Sa 11-13.30 Uhr. 26.4.-29.5.<\/li>\n<li>\u201eItiner\u00e2ncia Videobrasil 2006-2007\u201c. <a href=\"http:\/\/www.espacioft.org.ar\/\">Espacio Fundaci\u00f3n Telef\u00f3nica<\/a>, \u201eEspacio Plasma\u201c, Arenales 1540. Di-So 14-20 Uhr. 2.5.-27.5.<\/li>\n<li>Charlie Mainardi, \u201eProhibido Ingresar a las Aguas\u201c, Fotos. Gast-Kurator: Emilio Guerrero. <a href=\"http:\/\/www.hermeth.com.ar\/sitio\/index.php\">Hermeth Photo Gallery<\/a>, 11 de Septiembre 1181, \u201eB\u201c. Do, Fr, Sa 15-20 Uhr. 3.5.-9.6.<\/li>\n<li>Graciela Goncalves da Rocha, \u201eLa intuici\u00f3n de lo real\u201c, Gem\u00e4lde. Atica, Libertad 1240, Erdgeschoss \u201e9\u201c. Mo-Fr 11-13 und 15-20, Sa 11-13.30 Uhr. 3.5.-26.5.<\/li>\n<li>Juan Cavallero, \u201eOficios\u201c. Kurator: \u00c1lvaro Castagnino. Palais de Glace, Posadas 1725. Di-So 14-20 Uhr. 3.5.-3.6.<\/li>\n<li>Ana L\u00eda Werthein, Guillermo Srodek Hart, Tiny Weil, Pablo Lehmann, Leo Robertazzi, Marina Canteli, Juan Carlos Romero, Horacio Zabala, Leonello Zamb\u00f3n und Sergio Schmidt: Fotos, Graphiken, Videos, Installationen u.a. 1\/1 Caja de Arte, Av. Segurola 4612, Villa Devoto. Di-Fr 11-19, Sa 11-15 Uhr. Seit 5.5.<\/li>\n<li>Cynthia Kampelmacher, \u201edetr\u00e1s de escena\u201c. <a href=\"http:\/\/www.juanadearco.net\/_site\/index.php\">Juana de Arco Casa de Arte<\/a>, Costa Rica 4574, \u201eKlingel-Kn\u00f6pfe\u201c. Do-Di 14-20 Uhr. 5.5.-24.5.<\/li>\n<li>Alejandro Bononato, \u201eTransfiguraciones\u201c. La Casa de Pacheco, Pacheco 366, Mart\u00ednez. 5.5.-9.6.<\/li>\n<li>Alejandra Padilla, \u201ePoliscop\u00eda\u201c. <a href=\"http:\/\/www.rubbers.com.ar\/\">Galer\u00eda Rubbers Internacional<\/a>, Av. Alvear 1595. 7.5.-29.5.<\/li>\n<li>Juan Carlos Castagnino (1908-1972), \u201eCastagnino, Trabajador\u201c. Abgeordnetenkammer der Nation, \u201eSal\u00f3n de Pasos Perdidos&#8221;, Av. Rivadavia 1864, 1. Stock. Mo-Fr 10-20 Uhr. 8.5.-24.5.<\/li>\n<li>Fabi\u00e1n Marcaccio, \u201eRapto\u201c, Installation. \/ Mariano Dal Verme, Zeichnungen (NuevoEspacio). Ruth Benzacar, Florida 1000. Mo-Fr 11.30-20, Sa 10.30-13.30 Uhr. Seit 9.5.<\/li>\n<li>Santiago Iturralde, \u201eInteriores\u201c. <a href=\"http:\/\/www.insightarte.com.ar\/\">Insight Arte<\/a>, Av. Callao 1777, Erdgeschoss. Mo-Fr 10-20, Sa 10.30-13 Uhr. 9.5.-9.6.<\/li>\n<li>Mariela Scafati + Ariel Guatta, \u201eSin maneras\u201c, Gem\u00e4lde \/ Hern\u00e1n Balzarotti, Gem\u00e4lde und Illustrationen. Crimson, Francisco Acu\u00f1a de Figueroa 1800. Di-Sa 13-20 Uhr. 9.5.-26.5.<\/li>\n<li>Fernando Canovas, \u201eArqueolog\u00eda Urbana\u201c. <a href=\"http:\/\/www.danielmaman.com\/\">Daniel Maman Galer\u00eda de Arte<\/a>, Av. del Libertador 2475. Seit 9.5.<\/li>\n<li>Roberto Plate, \u201ePLATES 1967-2007\u201c. <a href=\"http:\/\/www.wussmann.com\/\">Galer\u00eda Wussmann<\/a>, Venezuela 570. Seit 10.5.<\/li>\n<li>Omar Panosetti, Gem\u00e4lde. Galer\u00eda de Arte Pisouno, 48 N\u00ba 698, esq. 9, Piso 1, Depto. 1, La Plata. Mo-Fr 16.30-20.30 Uhr. 10.5.-7.6.<\/li>\n<li>Juan Carlos Lasser, Cristina Dartiguelongue, Martha Zuik, Omar Panosetti, Gem\u00e4lde; Claudio Barrag\u00e1n, Ra\u00fal \u201eP\u00e1jaro\u201c G\u00f3mez, Paulina Webb, Skulpturen. Galer\u00eda Thames, Thames 1776, Palermo Soho. Mo-Sa 13-20 Uhr. 10.5.-30.5.<\/li>\n<li>Mariana Schapiro, Skulpturen. Empat\u00eda, Carlos Pellegrini 1255. Mo-Fr 11-20, Sa 10-13 Uhr. Seit 11.5.<\/li>\n<li>Cristian Segura, \u201eFONT ART\u201c. Baltar Contempor\u00e1neo, Puerto Gallego, Centro Comercial del Puerto, Local 18, Mar del Plata. Seit 11.5.<\/li>\n<li>Jacques Witjens (1881 Den Haag &#8211; 1956 Argentinien), \u201eJacques Witjens y el mar\u201c. Colecci\u00f3n Alvear de Zurbar\u00e1n, Av. Alvear 1658. Mo-Fr 10.30-21, Sa 10.30-13 Uhr. F\u00fchrungen: montags und mittwochs 19 Uhr. 14.5.-11.6.<\/li>\n<li>Juan Balza, \u201ePost-fotograf\u00edas\u201c. <a href=\"http:\/\/www.isidromiranda.com.ar\/home.html\">Isidro Miranda<\/a>, Estados Unidos 726, San Telmo. Di-So 12-19 Uhr. 15.5.-6.6.<\/li>\n<li>\u201eProyecto Vidriera\u201c, Gast-K\u00fcnstler: Mart\u00edn Calcagno, Kuratorin: Adriana Laur\u00eda. <a href=\"http:\/\/www.isidromiranda.com.ar\/home.html\">Isidro Miranda<\/a>, Estados Unidos 726, San Telmo. Di-So 12-19 Uhr. 15.5.-9.6.<\/li>\n<li>\u201e4 a\u00f1os\/Colectiva\/arteBA 2007\u201c, Werke von Stella Maris, Diego Bianchi, Feliciano Centuri\u00f3n, Ver\u00f3nica Di Toro, Mat\u00edas Duville, Ana Gallardo, Carlos Huffmann, Mauro Piva, Alejandra Seeber, Andrea Schvartzman, Tiziana Pierri, Gabriel Valansi, u.a. <a href=\"http:\/\/www.albertosendros.com\/\">Galer\u00eda Alberto Sendr\u00f3s<\/a>, Pasaje Tres Sargentos 359. Mo-Fr 14-20 Uhr. 15.5.-22.6.<\/li>\n<li>Gabriel Mart\u00edn, \u201eCasi una ficci\u00f3n\u201c, Gem\u00e4lde (Saal I) \/ Max Power &#8211; Moira Perrusi, \u201eBi\u00f3nico Amor\u201c, Klanginstallation und Fotos (Saal II) \/ \u201eProyecto Cubo\u201c, Werke von Thornton, Roncoli, Poisson, Fortunato, Gem\u00e4lde und Objekte (\u201eProyecto Cubo\u201c-Saal). <a href=\"http:\/\/www.pabellon4.com\/\">Pabell\u00f3n 4<\/a>, Uriarte 1332. Seit 15.5.<\/li>\n<li>\u201eMolina Campos, vida y obra\u201c, Retrospektive des Werks von Florencio Molina Campos. <a href=\"http:\/\/www.centroculturaluca.com.ar\/\">Centro Cultural de la UCA<\/a>, Av. Alicia Moreau de Justo 1300, Puerto Madero. Di-So 11-19 Uhr; Eintritt frei. T\u00e4glich 12 F\u00fchrungen f\u00fcr das Publikum, dar\u00fcber hinaus (nach Voranmeldung) F\u00fchrungen f\u00fcr Schulen. 16.5.-17.6.<\/li>\n<li>Mirta Narosky, \u201eEspacios Metaf\u00edsicos\u201c. Galerie \u201eNo estamos solas\u201c, Godoy Cruz 1737. 17.5.-17.6.<\/li>\n<li>\u201eR\u00edo y Litoral\u201c, Werke von Artemio Alisio, Catalina Chervin, Enrique Burone Risso, Ferm\u00edn Egu\u00eda, Kiki Lawri, Telma Castro, Tulio de Sagastizabal, Gem\u00e4lde, Zeichnungen, Graphiken und Mischtechniken. Kuratorin: Amalia P\u00e9rez Molek. Goethe-Schule, Reclus 2250, La Horqueta, Boulogne, San Isidro. Er\u00f6ffnung: 18.5., 19.30 Uhr. Bis 15.6.<\/li>\n<li>16. Messe Zeitgen\u00f6ssischer Kunst <a href=\"http:\/\/www.arteba.org\/arteba07\/\">arteBA 2007<\/a>. Messezentrum La Rural, Blauer und Gr\u00fcner Pavillon, Av. Sarmiento 2704, Plaza Italia. T\u00e4glich von 13 bis 22 Uhr. Eintritt: 16 Pesos, f\u00fcr Studenten und Rentner 8 Pesos, unter 12-J\u00e4hrige gratis. 18.-22.5.<\/li>\n<li>\u201eDi Tella Battlefield\u201c: Oscar Brahim, Luciana Lamothe, Carlos Huffmann, FMV, Mauro Guzm\u00e1n, Fran Blanes, Mumi, Roc\u00edo Fernandes, Ruy Krygier. Kuratoren: Javier Villa und Guillermo Faivovich. Universidad Torcuato Di Tella, S\u00e1enz Valiente 1010 (Av. Figueroa Alcorta 7350, N\u00fa\u00f1ez). Nur am Samstag, 19.5., 19-23 Uhr. Wird wegen Regens nicht abgesagt.<\/li>\n<\/ul>\n","protected":false},"excerpt":{"rendered":"<p>Click aqu\u00ed para leer la versi\u00f3n en castellano. Ausstellungs-Kalender 19.05.07-26.05.07 Am Donnerstag wurde die wichtigste Kunstmesse Argentiniens, arteBA 2007, er\u00f6ffnet, die vom 18. bis 22. Mai von 13 bis 22 Uhr f\u00fcr das Publikum zug\u00e4nglich ist. Auf dem Foto ein Videostill von &#8220;Le Partenaire&#8221; von Hern\u00e1n Marina (in der Videokunst-Sektion &#8220;Cubo Negro\/Caja Blanca&#8221;). Ausstellungszentren MALBA [&hellip;]<\/p>\n","protected":false},"author":1,"featured_media":0,"comment_status":"open","ping_status":"open","sticky":false,"template":"","format":"standard","meta":{"footnotes":""},"categories":[3],"tags":[],"class_list":["post-1031","post","type-post","status-publish","format-standard","hentry","category-kalender-agenda"],"_links":{"self":[{"href":"https:\/\/kunstinargentinien.com\/index.php\/wp-json\/wp\/v2\/posts\/1031","targetHints":{"allow":["GET"]}}],"collection":[{"href":"https:\/\/kunstinargentinien.com\/index.php\/wp-json\/wp\/v2\/posts"}],"about":[{"href":"https:\/\/kunstinargentinien.com\/index.php\/wp-json\/wp\/v2\/types\/post"}],"author":[{"embeddable":true,"href":"https:\/\/kunstinargentinien.com\/index.php\/wp-json\/wp\/v2\/users\/1"}],"replies":[{"embeddable":true,"href":"https:\/\/kunstinargentinien.com\/index.php\/wp-json\/wp\/v2\/comments?post=1031"}],"version-history":[{"count":0,"href":"https:\/\/kunstinargentinien.com\/index.php\/wp-json\/wp\/v2\/posts\/1031\/revisions"}],"wp:attachment":[{"href":"https:\/\/kunstinargentinien.com\/index.php\/wp-json\/wp\/v2\/media?parent=1031"}],"wp:term":[{"taxonomy":"category","embeddable":true,"href":"https:\/\/kunstinargentinien.com\/index.php\/wp-json\/wp\/v2\/categories?post=1031"},{"taxonomy":"post_tag","embeddable":true,"href":"https:\/\/kunstinargentinien.com\/index.php\/wp-json\/wp\/v2\/tags?post=1031"}],"curies":[{"name":"wp","href":"https:\/\/api.w.org\/{rel}","templated":true}]}}