{"id":10733,"date":"2012-03-06T19:02:25","date_gmt":"2012-03-06T22:02:25","guid":{"rendered":"http:\/\/kunstinargentinien.com\/?p=10733"},"modified":"2012-03-08T15:36:51","modified_gmt":"2012-03-08T18:36:51","slug":"frohliche-outfits-kostbare-stoffe","status":"publish","type":"post","link":"https:\/\/kunstinargentinien.com\/index.php\/2012\/03\/06\/frohliche-outfits-kostbare-stoffe\/","title":{"rendered":"Fr\u00f6hliche Outfits und raffinierte Stoffe auf der BAF"},"content":{"rendered":"<p><a href=\"http:\/\/kunstinargentinien.com\/index.php\/2012\/03\/06\/colecciones-multitexturas-y-alegres-en-la-baf\/\">Click aqu\u00ed para leer la versi\u00f3n en castellano.<\/a><\/p>\n<p><strong>Auf der Buenos Aires Fashion Week Herbst\/Winter 2012 gaben die Modenschauen den Ton an<\/p>\n<p><em>Von Paula Bonnet<\/em><\/strong><\/p>\n<p><a href=\"http:\/\/kunstinargentinien.com\/wp-content\/uploads\/2012\/03\/BAF3.jpg\"><img loading=\"lazy\" decoding=\"async\" src=\"http:\/\/kunstinargentinien.com\/wp-content\/uploads\/2012\/03\/BAF3.jpg\" alt=\"\" title=\"BAF3\" width=\"500\" height=\"378\" class=\"aligncenter size-full wp-image-10734\" srcset=\"https:\/\/kunstinargentinien.com\/wp-content\/uploads\/2012\/03\/BAF3.jpg 500w, https:\/\/kunstinargentinien.com\/wp-content\/uploads\/2012\/03\/BAF3-300x226.jpg 300w\" sizes=\"auto, (max-width: 500px) 100vw, 500px\" \/><\/a><br \/>\nAm vergangenen Freitag ging die Edition Herbst\/Winter 2012 der Buenos Aires Fashion Week (BAF) zu Ende. Und obwohl der Gelbe Pavillon des Messezentrums La Rural jeden Tag voll mit Besuchern war, waren diesmal nicht die Showrooms und Stands die Hingucker der Messe &#8211; das Beste spielte sich auf den Laufstegen ab.<\/p>\n<p>So er\u00f6ffnete Vitamina am Montag, dem 27. Februar, die Fashion Week mit einer Modenschau, bei der die Models durch den Regen defilierten. Zum Gl\u00fcck waren sie mit Panamah\u00fcten, Gummistiefeln oder knielangen Jacken gut ausger\u00fcstet. Kombinationen von bedruckten Stoffen, Materialien und Farben pr\u00e4gten das Bild.<\/p>\n<p>Am Dienstag, dem 28., \u00fcberraschte die Kollektion von Paula Ledesma mit geradlinigen, glamour\u00f6sen Strickensembles. Kleider und R\u00f6cke aus Alpakawolle, Mohair oder Kaschmir in Schwarz, Grau, Havanna- und Camelbraun betonen die Formen des weiblichen K\u00f6rpers auf elegante Weise.<\/p>\n<p>Am n\u00e4chsten Tag pr\u00e4sentierten Bandoleiro, Mishka und Desiderata flotte und originelle Schauen, aber besonders beeindruckte Modemacher Marcelo Giacobbe mit seiner in Schwarz und Wei\u00df gehaltenen Kollektion. Er zeigte Outfits, die in keinem Kleiderschrank fehlen d\u00fcrfen, darunter einfach geschnittene Kleider, Lederjacken, Blazer und enge Hosen. Giacobbe spielt mit den Gegens\u00e4tzen Alltagsmode und Chic, Hell und Dunkel, M\u00e4nnlich und Weiblich.<\/p>\n<p>Mode f\u00fcr M\u00e4nner pr\u00e4sentierten die Designer HE Hermanos Estebecorena am Donnerstag, dem 1. M\u00e4rz. Die Models boten die \u00fcberzeugendste Schau der ganzen Woche, und nicht nur die Jungs waren begeistert. Mit solider Schneiderarbeit als Grundlage zeigte HE klassische Outfits: Hemden, Sakkos, Hosen und Accessoires f\u00fcr echte M\u00e4nner aller Altersgruppen. Javier und Alejo Estebecorena sind Industriedesigner und geben ihren Entw\u00fcrfen ein techno-avantgardistisches Profil.<\/p>\n<p>Der letzte Tag der Messe zeichnete sich durch eine gro\u00dfe Vielfalt an Angeboten aus. Las Oreiro, die ihr Deb\u00fct auf der BAF feierten, zeigten sexy Designs im Retro-Stil, wogegen die Teen-Mode von C\u00f3mo quieres que te quiera ganz auf Romantik setzte.<\/p>\n<p>Sp\u00e4ter kam mit Grupo 134 noch ein Highlight: M\u00e4nner und Frauen defilierten gemeinsam und trugen eng anliegende Outfits mit viel Transparenz zur Schau. Die Modenschau endete mit dem Auftritt einer Liveband, die Covers der Sex Pistols vortrug. Die Models kamen mit Transparenten auf die B\u00fchne, die mit kritischen Aufrufen Bezug auf das Bahnungl\u00fcck mit 51 Toten im Bahnhof Once vom 22. Februar nahmen.<\/p>\n<p>Aufsehen erregten die neuen Designs von Mar\u00eda V\u00e1zquez, die auf der BAF R\u00f6cke und Hemden vorf\u00fchren lie\u00df statt der gewohnten Kleider. Der Abschlussevent lag in H\u00e4nden von Tramando, mit Kleidchen, T-Shirts und Hosen in Schwarz mit raffiniertem Gewebemix.<\/p>\n<p>(Foto: Johy Cabrera)<\/p>\n","protected":false},"excerpt":{"rendered":"<p>Click aqu\u00ed para leer la versi\u00f3n en castellano. Auf der Buenos Aires Fashion Week Herbst\/Winter 2012 gaben die Modenschauen den Ton an Von Paula Bonnet Am vergangenen Freitag ging die Edition Herbst\/Winter 2012 der Buenos Aires Fashion Week (BAF) zu Ende. Und obwohl der Gelbe Pavillon des Messezentrums La Rural jeden Tag voll mit Besuchern [&hellip;]<\/p>\n","protected":false},"author":1,"featured_media":0,"comment_status":"open","ping_status":"open","sticky":false,"template":"","format":"standard","meta":{"footnotes":""},"categories":[13],"tags":[],"class_list":["post-10733","post","type-post","status-publish","format-standard","hentry","category-mode-moda"],"_links":{"self":[{"href":"https:\/\/kunstinargentinien.com\/index.php\/wp-json\/wp\/v2\/posts\/10733","targetHints":{"allow":["GET"]}}],"collection":[{"href":"https:\/\/kunstinargentinien.com\/index.php\/wp-json\/wp\/v2\/posts"}],"about":[{"href":"https:\/\/kunstinargentinien.com\/index.php\/wp-json\/wp\/v2\/types\/post"}],"author":[{"embeddable":true,"href":"https:\/\/kunstinargentinien.com\/index.php\/wp-json\/wp\/v2\/users\/1"}],"replies":[{"embeddable":true,"href":"https:\/\/kunstinargentinien.com\/index.php\/wp-json\/wp\/v2\/comments?post=10733"}],"version-history":[{"count":13,"href":"https:\/\/kunstinargentinien.com\/index.php\/wp-json\/wp\/v2\/posts\/10733\/revisions"}],"predecessor-version":[{"id":10761,"href":"https:\/\/kunstinargentinien.com\/index.php\/wp-json\/wp\/v2\/posts\/10733\/revisions\/10761"}],"wp:attachment":[{"href":"https:\/\/kunstinargentinien.com\/index.php\/wp-json\/wp\/v2\/media?parent=10733"}],"wp:term":[{"taxonomy":"category","embeddable":true,"href":"https:\/\/kunstinargentinien.com\/index.php\/wp-json\/wp\/v2\/categories?post=10733"},{"taxonomy":"post_tag","embeddable":true,"href":"https:\/\/kunstinargentinien.com\/index.php\/wp-json\/wp\/v2\/tags?post=10733"}],"curies":[{"name":"wp","href":"https:\/\/api.w.org\/{rel}","templated":true}]}}