{"id":1083,"date":"2007-06-23T08:47:08","date_gmt":"2007-06-23T11:47:08","guid":{"rendered":"http:\/\/kunstinargentinien.com\/index.php\/2007\/06\/23\/geballte-energie\/"},"modified":"2007-06-21T16:48:06","modified_gmt":"2007-06-21T19:48:06","slug":"geballte-energie","status":"publish","type":"post","link":"https:\/\/kunstinargentinien.com\/index.php\/2007\/06\/23\/geballte-energie\/","title":{"rendered":"Geballte Energie"},"content":{"rendered":"<p><strong>Graciela Dietl in der Galerie Bohnenkamp &#038; Revale<\/p>\n<p><em>Von Susanne Franz<\/em><\/strong><\/p>\n<div align=center><img decoding=\"async\" id=\"image1084\" alt=Bici2.jpg src=\"http:\/\/kunstinargentinien.com\/wp-content\/uploads\/2007\/06\/Bici2.jpg\" \/><br \/>\n<em>\u201cSin parar\u201d, Acryl auf Leinwand, 110 x 130 cm, 2006.<\/em><\/div>\n<p>Nicht die Fortbewegung steht im Mittelpunkt, sondern die Lust am Sich-Fortbewegen; nicht die Pflicht, von einem Punkt-zum anderen zu gelangen, sondern das Vergn\u00fcgung, unterwegs zu sein. Motorradfahren ist etwas f\u00fcr Genie\u00dfer, ein Luxus, f\u00fcr viele auch ein Rausch. Soll der normale Mensch doch Auto fahren.<\/p>\n<p>Waren es in der letzten Einzelausstellung der K\u00fcnstlerin Graciela Dietl (2004 in der Galerie van Riel) Lokomotiven, die als Ausl\u00f6ser f\u00fcr ihre expressiven Gem\u00e4lde dienten, sind es in der Exposition, die sie zur Zeit in der Galerie Bohnenkamp &#038; Revale zeigt, ebenjene schweren Maschinen, die das Herz des Liebhabers h\u00f6herschlagen lassen. Es ist sogar ein ganz bestimmtes Motorrad, n\u00e4mlich die wundersch\u00f6ne BSA von 1948 ihres Sohnes Rolf, die die j\u00fcngste Produktion der K\u00fcnstlerin \u201closgekickt\u201d hat &#8211; der gepflegte Oldtimer ist ebenso wie die etwa 30 Malereien Dietls in der Galerie zu bewundern.<\/p>\n<p>Graciela Dietl hat mit ihrem unverwechselbaren, aber dennoch weitgef\u00e4cherten, dynamischen Stil Werke verschiedenster Formate geschaffen &#8211; vom gro\u00dfz\u00fcgigen Dyptichon bis hin zu kleinen quadratischen Bildern -, in denen sie die wilde Energie, den \u00dcbermut und die Lebensfreude des Motorradfahrens heraufbeschw\u00f6rt. Doch auch Respekt schwingt mit in den Gem\u00e4lden Dietls, die, wie gewohnt, durch ihre Vielseitigkeit, Stilsicherheit und Kreativit\u00e4t bestechen.<\/p>\n<p>Graciela Dietl hat seit 1992 zahlreiche Einzel- und Gemeinschaftsausstellungen durchgef\u00fchrt, nicht nur in Argentinien, sondern auch in Deutschland, \u00d6sterreich, Italien und Griechenland. Ihre Werke befinden sich in Privatsammlungen im In- und Ausland.<\/p>\n<p>Bis zum 29. Juni hat man Gelegenheit, ihre j\u00fcngste Produktion in der sch\u00f6nen Galerie Bohnenkamp &#038; Revale (Maip\u00fa 979\/981), die erst im vorigen Jahr neu er\u00f6ffnet wurde, zu sehen.<\/p>\n<p><em>Erschienen im &#8220;Argentinischen Tageblatt&#8221; vom 23.06.07.<\/em><\/p>\n","protected":false},"excerpt":{"rendered":"<p>Graciela Dietl in der Galerie Bohnenkamp &#038; Revale Von Susanne Franz \u201cSin parar\u201d, Acryl auf Leinwand, 110 x 130 cm, 2006. Nicht die Fortbewegung steht im Mittelpunkt, sondern die Lust am Sich-Fortbewegen; nicht die Pflicht, von einem Punkt-zum anderen zu gelangen, sondern das Vergn\u00fcgung, unterwegs zu sein. Motorradfahren ist etwas f\u00fcr Genie\u00dfer, ein Luxus, f\u00fcr [&hellip;]<\/p>\n","protected":false},"author":1,"featured_media":0,"comment_status":"open","ping_status":"open","sticky":false,"template":"","format":"standard","meta":{"footnotes":""},"categories":[2,4],"tags":[],"class_list":["post-1083","post","type-post","status-publish","format-standard","hentry","category-kunstler-artistas","category-tipp-der-woche-recomendacion-de-la-semana"],"_links":{"self":[{"href":"https:\/\/kunstinargentinien.com\/index.php\/wp-json\/wp\/v2\/posts\/1083","targetHints":{"allow":["GET"]}}],"collection":[{"href":"https:\/\/kunstinargentinien.com\/index.php\/wp-json\/wp\/v2\/posts"}],"about":[{"href":"https:\/\/kunstinargentinien.com\/index.php\/wp-json\/wp\/v2\/types\/post"}],"author":[{"embeddable":true,"href":"https:\/\/kunstinargentinien.com\/index.php\/wp-json\/wp\/v2\/users\/1"}],"replies":[{"embeddable":true,"href":"https:\/\/kunstinargentinien.com\/index.php\/wp-json\/wp\/v2\/comments?post=1083"}],"version-history":[{"count":0,"href":"https:\/\/kunstinargentinien.com\/index.php\/wp-json\/wp\/v2\/posts\/1083\/revisions"}],"wp:attachment":[{"href":"https:\/\/kunstinargentinien.com\/index.php\/wp-json\/wp\/v2\/media?parent=1083"}],"wp:term":[{"taxonomy":"category","embeddable":true,"href":"https:\/\/kunstinargentinien.com\/index.php\/wp-json\/wp\/v2\/categories?post=1083"},{"taxonomy":"post_tag","embeddable":true,"href":"https:\/\/kunstinargentinien.com\/index.php\/wp-json\/wp\/v2\/tags?post=1083"}],"curies":[{"name":"wp","href":"https:\/\/api.w.org\/{rel}","templated":true}]}}