{"id":10901,"date":"2012-03-14T14:10:19","date_gmt":"2012-03-14T17:10:19","guid":{"rendered":"http:\/\/kunstinargentinien.com\/?p=10901"},"modified":"2012-03-17T14:23:35","modified_gmt":"2012-03-17T17:23:35","slug":"erkundungsreise-durch-argentinien","status":"publish","type":"post","link":"https:\/\/kunstinargentinien.com\/index.php\/2012\/03\/14\/erkundungsreise-durch-argentinien\/","title":{"rendered":"Erkundungsreise durch Argentinien"},"content":{"rendered":"<p><strong>Foto-Essay &#8220;Las 9 de Julio&#8221; wird am Samstag im EspacioFotogr\u00e1fico des Teatro de la Ribera er\u00f6ffnet<\/p>\n<p><em>Von Mirka Borchardt<\/em><\/strong><\/p>\n<p><a href=\"http:\/\/kunstinargentinien.com\/wp-content\/uploads\/2012\/03\/9-de-julio.jpg\"><img loading=\"lazy\" decoding=\"async\" src=\"http:\/\/kunstinargentinien.com\/wp-content\/uploads\/2012\/03\/9-de-julio.jpg\" alt=\"\" title=\"9 de julio\" width=\"500\" height=\"181\" class=\"aligncenter size-full wp-image-10905\" srcset=\"https:\/\/kunstinargentinien.com\/wp-content\/uploads\/2012\/03\/9-de-julio.jpg 500w, https:\/\/kunstinargentinien.com\/wp-content\/uploads\/2012\/03\/9-de-julio-300x108.jpg 300w\" sizes=\"auto, (max-width: 500px) 100vw, 500px\" \/><\/a><br \/>\nAm Samstag, dem 17. M\u00e4rz, um 12.30 Uhr, findet die Er\u00f6ffnung einer Fotoausstellung zweier junger Fotografiestudentinnen aus Deutschland statt. In &#8220;Las 9 de Julio&#8221; zeigen Nina Gschl\u00f6\u00dfl und Lucia Tollens die Ergebnisse ihrer Erkundungsreise durch danz Argentinien, auf den Spuren der Avenidas 9 de Julio. Im EspacioFotogr\u00e1fico des Teatro de la Ribera, Av. Pedro de Mendoza 1821, La Boca, Buenos Aires. Die Ausstellung wird bis Ende November zu sehen sein. \u00d6ffnungszeiten: Montags 10-17 Uhr, Dienstag bis Sonntag 10-20 Uhr. Eintritt frei.<\/p>\n","protected":false},"excerpt":{"rendered":"<p>Foto-Essay &#8220;Las 9 de Julio&#8221; wird am Samstag im EspacioFotogr\u00e1fico des Teatro de la Ribera er\u00f6ffnet Von Mirka Borchardt Am Samstag, dem 17. M\u00e4rz, um 12.30 Uhr, findet die Er\u00f6ffnung einer Fotoausstellung zweier junger Fotografiestudentinnen aus Deutschland statt. In &#8220;Las 9 de Julio&#8221; zeigen Nina Gschl\u00f6\u00dfl und Lucia Tollens die Ergebnisse ihrer Erkundungsreise durch danz [&hellip;]<\/p>\n","protected":false},"author":1,"featured_media":0,"comment_status":"open","ping_status":"open","sticky":false,"template":"","format":"standard","meta":{"footnotes":""},"categories":[4],"tags":[],"class_list":["post-10901","post","type-post","status-publish","format-standard","hentry","category-tipp-der-woche-recomendacion-de-la-semana"],"_links":{"self":[{"href":"https:\/\/kunstinargentinien.com\/index.php\/wp-json\/wp\/v2\/posts\/10901","targetHints":{"allow":["GET"]}}],"collection":[{"href":"https:\/\/kunstinargentinien.com\/index.php\/wp-json\/wp\/v2\/posts"}],"about":[{"href":"https:\/\/kunstinargentinien.com\/index.php\/wp-json\/wp\/v2\/types\/post"}],"author":[{"embeddable":true,"href":"https:\/\/kunstinargentinien.com\/index.php\/wp-json\/wp\/v2\/users\/1"}],"replies":[{"embeddable":true,"href":"https:\/\/kunstinargentinien.com\/index.php\/wp-json\/wp\/v2\/comments?post=10901"}],"version-history":[{"count":4,"href":"https:\/\/kunstinargentinien.com\/index.php\/wp-json\/wp\/v2\/posts\/10901\/revisions"}],"predecessor-version":[{"id":10907,"href":"https:\/\/kunstinargentinien.com\/index.php\/wp-json\/wp\/v2\/posts\/10901\/revisions\/10907"}],"wp:attachment":[{"href":"https:\/\/kunstinargentinien.com\/index.php\/wp-json\/wp\/v2\/media?parent=10901"}],"wp:term":[{"taxonomy":"category","embeddable":true,"href":"https:\/\/kunstinargentinien.com\/index.php\/wp-json\/wp\/v2\/categories?post=10901"},{"taxonomy":"post_tag","embeddable":true,"href":"https:\/\/kunstinargentinien.com\/index.php\/wp-json\/wp\/v2\/tags?post=10901"}],"curies":[{"name":"wp","href":"https:\/\/api.w.org\/{rel}","templated":true}]}}