{"id":11387,"date":"2012-05-01T17:52:51","date_gmt":"2012-05-01T20:52:51","guid":{"rendered":"http:\/\/kunstinargentinien.com\/?p=11387"},"modified":"2012-05-12T17:59:31","modified_gmt":"2012-05-12T20:59:31","slug":"deutsches-kinofestival-in-buenos-aires","status":"publish","type":"post","link":"https:\/\/kunstinargentinien.com\/index.php\/2012\/05\/01\/deutsches-kinofestival-in-buenos-aires\/","title":{"rendered":"Deutsches Kinofestival in Buenos Aires"},"content":{"rendered":"<p><a href=\"http:\/\/kunstinargentinien.com\/index.php\/2012\/05\/01\/ciclo-de-cine-aleman-en-buenos-aires\/\">Click aqu\u00ed para leer la versi\u00f3n en castellano.<\/a><\/p>\n<p><strong>Musik-Dokus und Filme von Fatih Akin<\/p>\n<p><em>Von Susana Zickert<\/em><\/strong><\/p>\n<p><a href=\"http:\/\/kunstinargentinien.com\/wp-content\/uploads\/2012\/05\/sibel.jpg\"><img loading=\"lazy\" decoding=\"async\" src=\"http:\/\/kunstinargentinien.com\/wp-content\/uploads\/2012\/05\/sibel.jpg\" alt=\"\" title=\"sibel\" width=\"500\" height=\"343\" class=\"aligncenter size-full wp-image-11332\" srcset=\"https:\/\/kunstinargentinien.com\/wp-content\/uploads\/2012\/05\/sibel.jpg 500w, https:\/\/kunstinargentinien.com\/wp-content\/uploads\/2012\/05\/sibel-300x205.jpg 300w\" sizes=\"auto, (max-width: 500px) 100vw, 500px\" \/><\/a><br \/>\nVeranstaltet von der Stadt Buenos Aires, l\u00e4uft im Kino &#8220;El Plata&#8221;, Alberdi 5751, im Viertel Mataderos, vom 2. bis zum 15. Mai ein Festival mit deutschen Musik-Dokumentationen und vier Fatih Akin-Filmen. Der Eintritt ist frei. Karten kann man montags bis freitags von 13 bis 20 Uhr, samstags, sonntags und feiertags von 10 bis 22 Uhr abholen.<\/p>\n<p>Programm:<!--more--><\/p>\n<ul>\n<li><strong>&#8220;\u00a1Esto es ritmo!&#8221; (Rhythm Is It!) &#8211; 2004. 100 Min. Doku. Regie: Thomas Grube, Enrique S\u00e1nchez Lansch.<\/strong><br \/>\n2003 begannen die Berliner Philharmoniker und ihr Chefdirigent Sir Simon Rattle ein Projekt mit 250 ausl\u00e4ndischen Kindern und Jugendlichen aus sogenannten &#8220;Problemschulen&#8221;. Nach Anleitung des Choreografen und Tanzp\u00e4dagogen Royston Maldoom proben sie die Auff\u00fchrung von Igor Strawinskys Ballett &#8220;Le sacre du printemps&#8221;. In dem vielfach pr\u00e4mierten Film werden drei Sch\u00fcler besonders hervorgehoben. Zum Beispeil Martin, der Schwierigkeiten hat, sich auf andere Menschen einzulassen, sie doch in den Tanzsequenzen ber\u00fchren soll.<\/li>\n<li>Mittwoch, 2. Mai, 16 Uhr<\/li>\n<li>Sonntag, 6. Mai, 18 Uhr<\/li>\n<li>Freitag, 11. Mai, 16 Uhr<\/li>\n<li>Dienstag, 15. Mai, 16 Uhr<\/li>\n<li><strong>&#8220;La Sinfon\u00eda de Kinshasa&#8221; (Kinshasa Symphony) &#8211; 2010. 95 Min. Doku. Regie: Claus Wischmann, Martin Baer.<\/strong><br \/>\nEinige Bewohner in Kinshasa haben es geschafft, eines der kompliziertesten Systeme der menschlichen Zusammenarbeit zu schaffen: Ein Symponie Orchester. Sie spielen H\u00e4ndel, Verdi und Beethoven. Ein Film voller Farbe, Vitalit\u00e4t und Energie.<\/li>\n<li>Freitag, 4. Mai, 16 Uhr<\/li>\n<li>Dienstag, 8. Mai, 16 Uhr<\/li>\n<li>Samstag, 12. Mai, 20 Uhr<\/li>\n<li><strong>&#8220;Contra la pared&#8221; (Gegen die Wand) &#8211; 2004. 121 Min. Drama. Regie: Fatih Akin. Mit Birol \u00dcnel, Sibel Kekilli, Catrin Striebeck.<\/strong><br \/>\nDer Film handelt vom Hunger nach Leben, Freiheit und Selbstbestimmung. Es ist die Liebesgeschichte von zwei t\u00fcrkischst\u00e4mmigen Deutschen, einem vierzigj\u00e4hrigen Penner, der nichts mehr vom Leben erwartet, und einer Zwanzigj\u00e4hrigen, die sich von den Zw\u00e4ngen ihrer konservativen Familie befreien will.<\/li>\n<li>Samstag, 5. Mai, 20 Uhr<\/li>\n<li>Donnerstag, 10. Mai, 18 Uhr<\/li>\n<li>Montag, 14. Mai, 18 Uhr<\/li>\n<li><strong>&#8220;Crossing the bridge: The sound of Istanbul&#8221; &#8211; 2005. 90 Min. Doku. Regie: Fatih Akin.<\/strong><\/li>\n<p>Um alles \u00fcber einen Ort zu erfahren, solle man sich die Musik anh\u00f6ren, riet Konfuzius. Fatih Akin und Alexander Hacke folgten dem Rat. Hacke streift durch Stra\u00dfen, Hinterh\u00f6fe, Teestuben, Clubs und Studios von Istanbul, redet mit den Leuten \u00fcber die Verschmelzung von Orient und Okzident in dieser Stadt und trifft auf die unterschiedlichsten Musiker: Pop, Rap, Rock, Folklore.<\/li>\n<li>Sonntag, 6. Mai, 16 Uhr<\/li>\n<li>Donnerstag, 10. Mai, 16 Uhr<\/li>\n<li>Montag, 14. Mai, 16 Uhr<\/li>\n<li><strong>&#8220;En Julio&#8221; (Im Juli) &#8211; 2000. 99 Min. Romantische Kom\u00f6die. Regie: Fatih Akin. Mit Moritz Bleibtreu, Christiane Paul, Mehmet Kurtulus.<\/strong><br \/>\nDie abenteuerliche Reise eines Professors nach Istambul. Wird er dort vielleicht seine gro\u00dfe Liebe finden? Ein lustiges Roadmovie, das einen die Hitze eines europ\u00e4ischen Sommers sp\u00fcren l\u00e4sst.<\/li>\n<li>Samstag, 5. Mai, 18 Uhr<\/li>\n<li>Mittwoch, 9. Mai, 18 Uhr<\/li>\n<li>Sonntag, 13. Mai. 20 Uhr<\/li>\n<li><strong>&#8220;Full Metal Village&#8221; &#8211; 2006. 90 Min. Doku. Regie: Cho Sung-hyung.<\/strong><br \/>\nIm Mittelpunkt stehen die Einwohner des kleinen Ortes, der j\u00e4hrlich zum Open-Air-Festival von Fans der Heavy-Metal-Szene \u00fcberschwemmt wird. Am ersten Augustwochenende treffen sich zirka 60.000 Fans aus aller Welt in Wacken, das nur 1800 Einwohner z\u00e4hlt. Der Film zeigt die Wackener in ihrem Alltag und wie sie die Zeit des Festivals erleben, bei dem sie zum Teil mit eingebunden sind.<\/li>\n<li>Donnerstag, 3. Mai, 18 Uhr<\/li>\n<li>Montag, 7. Mai, 18 Uhr<\/li>\n<li>Samstag, 12. Mai, 18 Uhr<\/li>\n<li><strong>&#8220;Neuk\u00f6lln sin limites&#8221; (Neuk\u00f6lln Unlimited) &#8211; 2010. 96 Min. Doku. Regie: Agostino Imondi, Dietmar Ratsch.<\/strong><br \/>\nDie Geschwister Hassan (18), Lial (19) und Maradona (14) sind talentierte Musiker und Breakdancer, die seit fr\u00fchester Kindheit im Berliner Bezirk Neuk\u00f6lln leben. Ihre Familie stammt aus dem Libanon und ist seit 16 Jahren permanent von der Abschiebung bedroht. Daher entwickeln Lial und Hassan den Plan, mit ihrer Kunst den Lebensunterhalt der Familie zu sichern, damit diese legal im Land bleiben darf.<\/li>\n<li>Freitag, 4. Mai, 18 Uhr<\/li>\n<li>Dienstag, 8. Mai, 18 Uhr<\/li>\n<li>Sonntag, 13. Mai, 16 Uhr<\/li>\n<li><strong>&#8220;R\u00e1pido y sin dolor&#8221; (Kurz und schmerzlos) &#8211; 1998. 100 Min. Kriminalfilm. Regie: Fatih Akin. Mit Mehmet Kurtulus, Aleksandar Jovanovic, Adam Bousdoukos.<\/strong><br \/>\nAm Hochzeitstag seines Bruders wird der junge T\u00fcrke Gabriel mit einer Bew\u00e4hrungsauflage aus dem Gef\u00e4ngnis in Hamburg entlassen. Ein Bekannter bietet ihm w\u00e4hrend der Hochzeitsfeier einen Job als Taxifahrer an und redet ihm seine Bedenken wegen der eingezogenen Lizenz aus. Wird es ihm gelingen, trotz seiner kriminellen Freunde von jetzt an ein Leben ohne Gesetzesbr\u00fcche zu f\u00fchren?<\/li>\n<li>Samstag, 5. Mai, 16 Uhr<\/li>\n<li>Mittwoch, 9. Mai, 16 Uhr<\/li>\n<li>Sonntag, 13. Mai, 18 Uhr<\/li>\n<li><strong>&#8220;\u00a1Status yo!&#8221; &#8211; 2004. 118 Min. Drama. Regie: Till Hastreiter. Mit Amon, B\u00fclent, Yaneq.<\/strong><br \/>\nEin Film \u00fcber die Berliner Underground Hip-Hop-Szene und \u00fcber die Jugend der Hauptstadt. In &#8220;Status Yo!&#8221; sind alle vier Elemente des Hip-Hops (MCing, DJing, Writing und B-Boying) enthalten. Der Film handelt von Problemen in der Liebe, Arbeitslosigkeit, Rassismus- und Antirassismus, Schl\u00e4gereien, Geldproblemen und einer Vatersuche. Regisseur Till Hastreiter lie\u00df Laiendarsteller mitspielen, welche auch im wahren Leben Hip-Hopper sind oder in irgendeiner Form zur Hip-Hop-Kultur geh\u00f6ren.<\/li>\n<li>Mittwoch, 2. Mai, 18 Uhr<\/li>\n<li>Sonntag, 6. Mai, 20 Uhr<\/li>\n<li>Freitag, 11. Mai, 18 Uhr<\/li>\n<li>Dienstag, 15. Mai, 18 Uhr<\/li>\n<li><strong>&#8220;Wholetrain&#8221; &#8211; 2006. 89 Min. Doku. Regie: Florian Gaag. Mit Elyas M\u2019Barek. Florian Renner, Jacob Matschenz.<\/strong><br \/>\nIn seinem fulminanten, vielfach preisgekr\u00f6nten Kinodeb\u00fct erz\u00e4hlt der Regisseur die Geschichte einer Crew von vier Graffiti-Writern &#8211; David, Tino, Elyas und Achim &#8211; die sich der Szene mit ihren eigenen Hierarchien, Werten, Regeln und Codes verschrieben haben. Nacht f\u00fcr Nacht ziehen sie los, um die U-Bahnen der Stadt mit ihren opulenten Bildern zu verzieren. Als eine andere Crew auftaucht und die vier herausfordert, entbrennt ein kreativer Wettstreit, der das Leben der Protagonisten f\u00fcr immer ver\u00e4ndern wird.<\/li>\n<li>Donnerstag, 3. Mai, 16 Uhr<\/li>\n<li>Montag, 7. Mai, 16 Uhr<\/li>\n<li>Samstag, 12. Mai, 16 Uhr<\/li>\n<\/ul>\n<p><strong>Foto:<\/strong><br \/>\nSzenenfoto aus &#8220;Gegen die Wand&#8221; von Fatih Akin, mit Sibel Kekilli.<\/p>\n","protected":false},"excerpt":{"rendered":"<p>Click aqu\u00ed para leer la versi\u00f3n en castellano. Musik-Dokus und Filme von Fatih Akin Von Susana Zickert Veranstaltet von der Stadt Buenos Aires, l\u00e4uft im Kino &#8220;El Plata&#8221;, Alberdi 5751, im Viertel Mataderos, vom 2. bis zum 15. Mai ein Festival mit deutschen Musik-Dokumentationen und vier Fatih Akin-Filmen. Der Eintritt ist frei. Karten kann man [&hellip;]<\/p>\n","protected":false},"author":1,"featured_media":0,"comment_status":"open","ping_status":"open","sticky":false,"template":"","format":"standard","meta":{"footnotes":""},"categories":[16,4],"tags":[],"class_list":["post-11387","post","type-post","status-publish","format-standard","hentry","category-film-cine","category-tipp-der-woche-recomendacion-de-la-semana"],"_links":{"self":[{"href":"https:\/\/kunstinargentinien.com\/index.php\/wp-json\/wp\/v2\/posts\/11387","targetHints":{"allow":["GET"]}}],"collection":[{"href":"https:\/\/kunstinargentinien.com\/index.php\/wp-json\/wp\/v2\/posts"}],"about":[{"href":"https:\/\/kunstinargentinien.com\/index.php\/wp-json\/wp\/v2\/types\/post"}],"author":[{"embeddable":true,"href":"https:\/\/kunstinargentinien.com\/index.php\/wp-json\/wp\/v2\/users\/1"}],"replies":[{"embeddable":true,"href":"https:\/\/kunstinargentinien.com\/index.php\/wp-json\/wp\/v2\/comments?post=11387"}],"version-history":[{"count":4,"href":"https:\/\/kunstinargentinien.com\/index.php\/wp-json\/wp\/v2\/posts\/11387\/revisions"}],"predecessor-version":[{"id":11411,"href":"https:\/\/kunstinargentinien.com\/index.php\/wp-json\/wp\/v2\/posts\/11387\/revisions\/11411"}],"wp:attachment":[{"href":"https:\/\/kunstinargentinien.com\/index.php\/wp-json\/wp\/v2\/media?parent=11387"}],"wp:term":[{"taxonomy":"category","embeddable":true,"href":"https:\/\/kunstinargentinien.com\/index.php\/wp-json\/wp\/v2\/categories?post=11387"},{"taxonomy":"post_tag","embeddable":true,"href":"https:\/\/kunstinargentinien.com\/index.php\/wp-json\/wp\/v2\/tags?post=11387"}],"curies":[{"name":"wp","href":"https:\/\/api.w.org\/{rel}","templated":true}]}}