{"id":1142,"date":"2007-08-07T08:39:26","date_gmt":"2007-08-07T11:39:26","guid":{"rendered":"http:\/\/kunstinargentinien.com\/index.php\/2007\/08\/07\/refugio-para-acunar-suenos\/"},"modified":"2007-08-04T14:44:35","modified_gmt":"2007-08-04T17:44:35","slug":"refugio-para-acunar-suenos","status":"publish","type":"post","link":"https:\/\/kunstinargentinien.com\/index.php\/2007\/08\/07\/refugio-para-acunar-suenos\/","title":{"rendered":"Refugio para acu\u00f1ar sue\u00f1os"},"content":{"rendered":"<p><strong>&#8220;Bolero&#8221;, pinturas y textos de Patricia Di Pietro, en Elsi del Rio<\/p>\n<p><em>Por Fernando Entin<\/em><\/strong><\/p>\n<p><img decoding=\"async\" id=\"image1143\" src=\"http:\/\/kunstinargentinien.com\/wp-content\/uploads\/2007\/08\/PATO.jpg\" alt=\"PATO.jpg\" \/><\/p>\n<p>Sue\u00f1os&#8230; refugio de tantas, destino de tan pocas&#8230; Los escenarios que arma Patricia Di Pietro &#8211; construcciones simples, casi escenogr\u00e1ficas &#8211; son un refugio para acu\u00f1ar sue\u00f1os. Su ojo fotogr\u00e1fico y pop crea ambientes de fuerte contrapunto dram\u00e1tico, adonde prevalecen el carm\u00edn pasi\u00f3n frente al celeste Almodovariano, en un duelo de colores de fuerte corte &#8220;mujer-hombre&#8221;, duelo &#8220;sola-con alguien&#8221;, duelo &#8220;deber-placer&#8221;, duelo &#8220;placer-naftalina&#8221;.<\/p>\n<p>Dejo de los gloriosos \u00b460, de telenovela pueblerina, de fantas\u00eda inflada en peluquer\u00eda, un Wincof\u00f3n marca la \u00e9poca y musicaliza el terreno. Sus im\u00e1genes vintage, retro, enarbolan la bandera del amor tal cual el mandato materno lo impone: casada. Con el hombre a su lado. \u00bfA su lado? Solo los espejos podr\u00e1n responder esa y otras tantas preguntas, siempre \u00edntimas.<\/p>\n<p>Las figuras, recortadas sobre escenarios poco felices, siempre opresivos e iluminados por una l\u00e1mpara impiadosa, fueron despojadas de la emoci\u00f3n de la pincelada, dejando emerger la emoci\u00f3n del personaje, buscando la aprobaci\u00f3n del espectador y su complicidad. Tal como en el bolero, que necesita de tres para crear la magia del romanticismo: dos enamorados y un observador, la pintura de Di Pietro se nutre de la mirada del otro para darle sentido al amor.<\/p>\n<p>Sue\u00f1os. Que llegue \u00e9l y que juntos, de blanco, de la mano, bajo violines y flores y sonrisas y envidias y mucho tumulto, lleguemos ah\u00ed. De blanco. \u00a1Juntos! De tul blanco, de percal blanco, de s\u00e1banas blancas. \u00a1Juntos! Al final \u00a1Juntos! A la cama. \u00a1Juntos! Y ser\u00e1 la dicha&#8230;<\/p>\n<p><em>Sobre Patricia Di Pietro<\/em><\/p>\n<p>Desde 2004 se desempe\u00f1a como productora y guionista del programa Dos Gardenias (Radio Nacional, conducido por Eduardo Aliverti), realizando investigaciones biogr\u00e1ficas, editando textos literarios y realizando la selecci\u00f3n musical, adem\u00e1s de producir textos propios sobre cuestiones de g\u00e9nero. Se desempe\u00f1\u00f3 tambi\u00e9n como productora y editora fotogr\u00e1fica en distintos medios, entre ellos el diario La Naci\u00f3n.<\/p>\n<ul>\n<li>Patricia Di Pietro, &#8220;Bolero&#8221;, pinturas y textos. Presentaci\u00f3n del libro: Eduardo Aliverti. <a href=\"http:\/\/www.elsidelrio.com.ar\/\">Elsi del Rio Arte Contempor\u00e1neo<\/a>, Ar\u00e9valo 1748, entre Honduras y El Salvador, Palermo Hollywood. Mar-Vie 15-20, Sab 11-14 hs. Inauguraci\u00f3n: 08.08., 19-22 hs. Hasta 01.09.<\/li>\n<\/ul>\n","protected":false},"excerpt":{"rendered":"<p>&#8220;Bolero&#8221;, pinturas y textos de Patricia Di Pietro, en Elsi del Rio Por Fernando Entin Sue\u00f1os&#8230; refugio de tantas, destino de tan pocas&#8230; Los escenarios que arma Patricia Di Pietro &#8211; construcciones simples, casi escenogr\u00e1ficas &#8211; son un refugio para acu\u00f1ar sue\u00f1os. Su ojo fotogr\u00e1fico y pop crea ambientes de fuerte contrapunto dram\u00e1tico, adonde prevalecen [&hellip;]<\/p>\n","protected":false},"author":1,"featured_media":0,"comment_status":"open","ping_status":"open","sticky":false,"template":"","format":"standard","meta":{"footnotes":""},"categories":[4],"tags":[],"class_list":["post-1142","post","type-post","status-publish","format-standard","hentry","category-tipp-der-woche-recomendacion-de-la-semana"],"_links":{"self":[{"href":"https:\/\/kunstinargentinien.com\/index.php\/wp-json\/wp\/v2\/posts\/1142","targetHints":{"allow":["GET"]}}],"collection":[{"href":"https:\/\/kunstinargentinien.com\/index.php\/wp-json\/wp\/v2\/posts"}],"about":[{"href":"https:\/\/kunstinargentinien.com\/index.php\/wp-json\/wp\/v2\/types\/post"}],"author":[{"embeddable":true,"href":"https:\/\/kunstinargentinien.com\/index.php\/wp-json\/wp\/v2\/users\/1"}],"replies":[{"embeddable":true,"href":"https:\/\/kunstinargentinien.com\/index.php\/wp-json\/wp\/v2\/comments?post=1142"}],"version-history":[{"count":0,"href":"https:\/\/kunstinargentinien.com\/index.php\/wp-json\/wp\/v2\/posts\/1142\/revisions"}],"wp:attachment":[{"href":"https:\/\/kunstinargentinien.com\/index.php\/wp-json\/wp\/v2\/media?parent=1142"}],"wp:term":[{"taxonomy":"category","embeddable":true,"href":"https:\/\/kunstinargentinien.com\/index.php\/wp-json\/wp\/v2\/categories?post=1142"},{"taxonomy":"post_tag","embeddable":true,"href":"https:\/\/kunstinargentinien.com\/index.php\/wp-json\/wp\/v2\/tags?post=1142"}],"curies":[{"name":"wp","href":"https:\/\/api.w.org\/{rel}","templated":true}]}}