{"id":11440,"date":"2012-05-23T18:02:41","date_gmt":"2012-05-23T21:02:41","guid":{"rendered":"http:\/\/kunstinargentinien.com\/?p=11440"},"modified":"2012-05-25T18:15:27","modified_gmt":"2012-05-25T21:15:27","slug":"die-europeanfashionacademy-ein-paradies-fur-modesuchtige","status":"publish","type":"post","link":"https:\/\/kunstinargentinien.com\/index.php\/2012\/05\/23\/die-europeanfashionacademy-ein-paradies-fur-modesuchtige\/","title":{"rendered":"Die EuropeanFashionAcademy, ein Paradies f\u00fcr Modes\u00fcchtige"},"content":{"rendered":"<p><strong>Franz\u00f6sische Haute Couture und deutsches Qualit\u00e4tshandwerk mitten in Buenos Aires<\/p>\n<p><em>Von Jutta Strecker und Susanne Lutz<\/em><\/strong><\/p>\n<p><a href=\"http:\/\/kunstinargentinien.com\/wp-content\/uploads\/2012\/05\/schleich11.jpg\"><img loading=\"lazy\" decoding=\"async\" src=\"http:\/\/kunstinargentinien.com\/wp-content\/uploads\/2012\/05\/schleich11.jpg\" alt=\"\" title=\"schleich11\" width=\"250\" height=\"167\" class=\"alignright size-full wp-image-11465\" \/><\/a>Wir wollten schon immer eine Chanel-Jacke, doch deren Preis ist leider unerschwinglich. Auch der Yves-Saint-Laurent-Rock aus der Fr\u00fchlingskollektion des ber\u00fchmten Modehauses hat es uns angetan, aber wir wissen nicht, wo wir das Modell erwerben k\u00f6nnen. Uns hat auch die Dior-Hose aus flie\u00dfendem Georgette gefallen, die der Meister Lagerfeld extra f\u00fcr den Laufsteg entwarf. Leider passt ja nur eine Gr\u00f6\u00dfe 34 rein, also ein hoffnungsloser Fall f\u00fcr die Durchschnittsfigur. Was also tun?<\/p>\n<p>All dies stellt ab sofort kein Problem mehr dar. Denn mitten auf der Avenida de Mayo in Buenos Aires hat Melissa Schleich ihre EuropeanFashionAcademy gegr\u00fcndet, in der wir lernen, Schnitte selbst herzustellen &#8211; auf Ma\u00df selbstverst\u00e4ndlich &#8211; und die tollen St\u00fccke auch zu n\u00e4hen!<\/p>\n<p>Melissa Schleich verbindet italienischen Chic mit franz\u00f6sischer Schnittperfektion und f\u00fcgt deutsche Fertigungstechnik hinzu. Die ausgebildete Textil- und Bekleidungstechnikerin blickt auf umfangreiche Erfahrungen in Deutschland und Frankreich zur\u00fcck. In ihrer Heimat hatte sie eine eigene Firma, die hochwertige Damenoberbekleidung herstellte. In Paris wurde man schnell auf sie aufmerksam und holte sie an die bekannte Esmod-Schule, an der sie zun\u00e4chst Modelistunterricht gab und dann auf Direktionsebene die komplette Ausbildung in englischer Sprache entwickelte. Und auch die Italiener zeigten an ihr Interesse. F\u00fcr die Nummer 1 auf dem Gebiet der Ausbildung, das Mail\u00e4nder Istituto Marangoni, baute sie in Paris den neuen Campus auf. So entstand die EuropeanFashionAcademy. Eine Ausbildung, die die Kompetenzen der drei L\u00e4nder vereint, ist selten und schon gar in Lateinamerika. Grund genug f\u00fcr Melissa Schleich, sich in Buenos Aires zu neuen Ufern zu wagen und ihre Modeakademie zu gr\u00fcnden.<!--more--><\/p>\n<p><a href=\"http:\/\/kunstinargentinien.com\/wp-content\/uploads\/2012\/05\/modelist11.jpg\"><img loading=\"lazy\" decoding=\"async\" src=\"http:\/\/kunstinargentinien.com\/wp-content\/uploads\/2012\/05\/modelist11.jpg\" alt=\"\" title=\"modelist11\" width=\"250\" height=\"167\" class=\"alignleft size-full wp-image-11466\" \/><\/a>Sie bietet eine fundierte Ausbildung an, die von der Europ\u00e4ischen Union durch einen Master I-Abschluss anerkannt wird. Nicht nur Drapieren an der B\u00fcste &#8211; sonst nur in den gro\u00dfen Couture-H\u00e4usern wie Chanel, Dior oder Louis Vuitton praktiziert &#8211; wird gelehrt, sondern auch das Knowhow einer industriellen Serienfertigung wird professionell vermittelt. Die Ausbildung dauert 4 Jahre und umfasst das Erlernen diverser Schnitttechniken von R\u00f6cken, Hosen, Blazern und M\u00e4nteln. Das dritte Jahr sieht eine Spezialisierung vor, im vierten wird eine komplette eigene Kollektion entworfen, mit der die Studenten sich einer Jury pr\u00e4sentieren, um das begehrte Diplom zu erhalten.<br \/>\nAber nicht nur zuk\u00fcnftige Profis sind bei Melissa Schleich gut aufgehoben. Auch f\u00fcr Laien gibt es die passenden Kurse: einmonatige Sommerkurse im Februar, Abendkurse \u00fcber das ganze Jahr f\u00fcr Modebegeisterte wie Sie und wir. Und samstags findet sich der modebewusste Nachwuchs bei Melissa ein: Modelistkurse f\u00fcr die 9- bis 15-J\u00e4hrigen! F\u00fcr jeden den passenden Kurs oder die passende Ausbildung.<\/p>\n<p><a href=\"http:\/\/kunstinargentinien.com\/wp-content\/uploads\/2012\/05\/chicas11.jpg\"><img loading=\"lazy\" decoding=\"async\" src=\"http:\/\/kunstinargentinien.com\/wp-content\/uploads\/2012\/05\/chicas11.jpg\" alt=\"\" title=\"chicas11\" width=\"250\" height=\"179\" class=\"alignright size-full wp-image-11467\" \/><\/a>Mit viel Geduld, Humor, Perfektion, dem Blick f\u00fcr Chic und mit deutscher Pr\u00e4zision bringt Melissa ihren modes\u00fcchtigen Sch\u00fclern (ja, auch junge M\u00e4nner begeben sich unter ihre Fittiche) und Sch\u00fclerinnen bei, Ma\u00df zu nehmen, die Ma\u00dfe auf Schnitte zu \u00fcbertragen, handwerklich perfekt zu n\u00e4hen &#8211; damit man endlich, endlich, endlich! sich die hei\u00df ersehnte Couture-Hose vom letzten Runway selber n\u00e4hen kann.<\/p>\n<p>Das Ganze findet in einer sehr entspannten Atmosph\u00e4re statt, gesprochen wird wahlweise Deutsch, Franz\u00f6sisch, Spanisch oder Englisch. Mode ist eben international! Die maschinelle Ausstattung der EuropeanFashionAcademy ist vom Feinsten: Hochwertige japanische Industrien\u00e4hmaschinen und eine echte deutsche B\u00fcgelstation, die den Stoffen Dampf verleiht, machen das N\u00e4hen zum Event. Und erst die Puppen! Echt franz\u00f6sische B\u00fcsten stehen bereit, damit das Modell auch wirklich perfekt in Form gebracht werden kann.<\/p>\n<p>Wo Sie dies alles finden? In der Avenida de Mayo 822, Tel. 4342-4602, E-Mail: Contact@EuropeanFashionAcademy.com.<\/p>\n<p>Kommen Sie doch einfach vorbei und \u00fcberzeugen Sie sich selbst. Wir sind schon dort &#8211; und die Meisterin Melissa Schleich.<\/p>\n<p><strong>Fotos von oben nach unten:<\/strong><br \/>\nMelissa Schleich, die Direktorin der EuropeanFashionAcademy Buenos Aires.<\/p>\n<p>Modelistraum in der EFA.<\/p>\n<p>Malena und Fabiana Hager, die j\u00fcngsten Sch\u00fclerinnen der EFA, neun und zw\u00f6lf Jahre alt, beides Deutsche.<\/p>\n","protected":false},"excerpt":{"rendered":"<p>Franz\u00f6sische Haute Couture und deutsches Qualit\u00e4tshandwerk mitten in Buenos Aires Von Jutta Strecker und Susanne Lutz Wir wollten schon immer eine Chanel-Jacke, doch deren Preis ist leider unerschwinglich. Auch der Yves-Saint-Laurent-Rock aus der Fr\u00fchlingskollektion des ber\u00fchmten Modehauses hat es uns angetan, aber wir wissen nicht, wo wir das Modell erwerben k\u00f6nnen. Uns hat auch die [&hellip;]<\/p>\n","protected":false},"author":1,"featured_media":0,"comment_status":"open","ping_status":"open","sticky":false,"template":"","format":"standard","meta":{"footnotes":""},"categories":[13,4],"tags":[],"class_list":["post-11440","post","type-post","status-publish","format-standard","hentry","category-mode-moda","category-tipp-der-woche-recomendacion-de-la-semana"],"_links":{"self":[{"href":"https:\/\/kunstinargentinien.com\/index.php\/wp-json\/wp\/v2\/posts\/11440","targetHints":{"allow":["GET"]}}],"collection":[{"href":"https:\/\/kunstinargentinien.com\/index.php\/wp-json\/wp\/v2\/posts"}],"about":[{"href":"https:\/\/kunstinargentinien.com\/index.php\/wp-json\/wp\/v2\/types\/post"}],"author":[{"embeddable":true,"href":"https:\/\/kunstinargentinien.com\/index.php\/wp-json\/wp\/v2\/users\/1"}],"replies":[{"embeddable":true,"href":"https:\/\/kunstinargentinien.com\/index.php\/wp-json\/wp\/v2\/comments?post=11440"}],"version-history":[{"count":5,"href":"https:\/\/kunstinargentinien.com\/index.php\/wp-json\/wp\/v2\/posts\/11440\/revisions"}],"predecessor-version":[{"id":11470,"href":"https:\/\/kunstinargentinien.com\/index.php\/wp-json\/wp\/v2\/posts\/11440\/revisions\/11470"}],"wp:attachment":[{"href":"https:\/\/kunstinargentinien.com\/index.php\/wp-json\/wp\/v2\/media?parent=11440"}],"wp:term":[{"taxonomy":"category","embeddable":true,"href":"https:\/\/kunstinargentinien.com\/index.php\/wp-json\/wp\/v2\/categories?post=11440"},{"taxonomy":"post_tag","embeddable":true,"href":"https:\/\/kunstinargentinien.com\/index.php\/wp-json\/wp\/v2\/tags?post=11440"}],"curies":[{"name":"wp","href":"https:\/\/api.w.org\/{rel}","templated":true}]}}