{"id":1146,"date":"2007-08-05T10:21:35","date_gmt":"2007-08-05T13:21:35","guid":{"rendered":"http:\/\/kunstinargentinien.com\/index.php\/2007\/08\/05\/la-verdad-de-un-presente-inaudito\/"},"modified":"2007-08-04T21:23:47","modified_gmt":"2007-08-05T00:23:47","slug":"la-verdad-de-un-presente-inaudito","status":"publish","type":"post","link":"https:\/\/kunstinargentinien.com\/index.php\/2007\/08\/05\/la-verdad-de-un-presente-inaudito\/","title":{"rendered":"La verdad de un presente inaudito"},"content":{"rendered":"<p><strong>&#8220;Fractales&#8221; &#8211; pinturas de Andr\u00e9s De Rose en Crimson<\/strong><\/p>\n<div align=center><img decoding=\"async\" id=\"image1147\" src=\"http:\/\/kunstinargentinien.com\/wp-content\/uploads\/2007\/08\/rose.jpg\" alt=\"rose.jpg\" \/><\/div>\n<p>\u00bfCuando miramos, fragmentamos la mirada o todo se nos presenta ya fragmentado, en diminutas l\u00edneas que se tocan o que evaden sus l\u00edmites? \u00bfVivimos un tiempo de murallas y bordes o la gente del mundo es imperceptible y ajena entre si? \u00bfLas ideolog\u00edas existen o han desaparecido para dejar entrar la individualidad y el desconcierto? \u00bfEl mundo est\u00e1 abierto a los j\u00f3venes o ellos recibieron el mundo como es hoy, un aut\u00f3nomo y vertiginoso tobog\u00e1n?<\/p>\n<p>\u00bfEn la geometr\u00eda podemos encontrar la forma de un silencio absoluto? Es muy dif\u00edcil crear en blancos y negros la cadencia conceptual de un hilo que intenta la superficie como terreno plano, como descanso, como el fin de una noche de luces, movimientos, transpiraci\u00f3n, humo, de no reconocimiento del otro, una forma tibia, ambigua, que puede convertirse en el recept\u00e1culo temporario de la agon\u00eda. Esa gente de la noche que hace invisible la posibilidad de comunicarse, o se comunica con los gestos primitivos del cuerpo que pide ayuda para ordenar la sensaci\u00f3n de querer vivir. Y viven.<\/p>\n<p>Cada l\u00ednea de Andr\u00e9s De Rose enjuaga la verdad de un presente inaudito, pero a la vez reformula la estructura b\u00e1sica del arte de todos los tiempos. De Rose arma ventanas precisas y elocuentes. Ese silencio tensa la verdad de lo que es hoy ser joven. La pintura nunca se fue pero sus contenidos van, como debe ser, con su \u00e9poca. Su soporte es la tela o la madera o la inevitable superficie de un objeto casual, disparador de nuevas concepciones.<\/p>\n<p>Los artistas percibimos el material que nos llama y De Rose va a su encuentro. Ese encuentro que contiene la magia de tocar lo originario para convertirlo en presente. Podr\u00edamos hablar del infinito pero no es este el caso. La pintura de Andr\u00e9s intenta el rescate de cierta epidermis universal.<\/p>\n<p><em>Andr\u00e9s De Rose naci\u00f3 en Buenos Aires, en 1986. Estudi\u00f3 dibujo, pintura y escultura con Rosa Reviello. Curs\u00f3 Bellas Artes en la escuela &#8216;Manuel Belgrano&#8217;. Particip\u00f3 en los Cert\u00e1menes Bonaerenses en dibujo obteniendo el primer premio. Actualmente se perfecciona y hace cl\u00ednica de obra con el artista Andr\u00e9s Waissman. En agosto de 2007, expone sus pinturas por primera vez en la Galer\u00eda de Arte &#8216;Crimson&#8217;.<\/em><\/p>\n<ul>\n<li>Andr\u00e9s De Rose, &#8220;Fractales&#8221;, pinturas. Curador: Andr\u00e9s Waissman. Crimson Galer\u00eda de Arte, Sala 3, F. Acu\u00f1a de Figueroa 1800. 01.08.-25.08.<\/li>\n<\/ul>\n","protected":false},"excerpt":{"rendered":"<p>&#8220;Fractales&#8221; &#8211; pinturas de Andr\u00e9s De Rose en Crimson \u00bfCuando miramos, fragmentamos la mirada o todo se nos presenta ya fragmentado, en diminutas l\u00edneas que se tocan o que evaden sus l\u00edmites? \u00bfVivimos un tiempo de murallas y bordes o la gente del mundo es imperceptible y ajena entre si? \u00bfLas ideolog\u00edas existen o han [&hellip;]<\/p>\n","protected":false},"author":1,"featured_media":0,"comment_status":"open","ping_status":"open","sticky":false,"template":"","format":"standard","meta":{"footnotes":""},"categories":[4],"tags":[],"class_list":["post-1146","post","type-post","status-publish","format-standard","hentry","category-tipp-der-woche-recomendacion-de-la-semana"],"_links":{"self":[{"href":"https:\/\/kunstinargentinien.com\/index.php\/wp-json\/wp\/v2\/posts\/1146","targetHints":{"allow":["GET"]}}],"collection":[{"href":"https:\/\/kunstinargentinien.com\/index.php\/wp-json\/wp\/v2\/posts"}],"about":[{"href":"https:\/\/kunstinargentinien.com\/index.php\/wp-json\/wp\/v2\/types\/post"}],"author":[{"embeddable":true,"href":"https:\/\/kunstinargentinien.com\/index.php\/wp-json\/wp\/v2\/users\/1"}],"replies":[{"embeddable":true,"href":"https:\/\/kunstinargentinien.com\/index.php\/wp-json\/wp\/v2\/comments?post=1146"}],"version-history":[{"count":0,"href":"https:\/\/kunstinargentinien.com\/index.php\/wp-json\/wp\/v2\/posts\/1146\/revisions"}],"wp:attachment":[{"href":"https:\/\/kunstinargentinien.com\/index.php\/wp-json\/wp\/v2\/media?parent=1146"}],"wp:term":[{"taxonomy":"category","embeddable":true,"href":"https:\/\/kunstinargentinien.com\/index.php\/wp-json\/wp\/v2\/categories?post=1146"},{"taxonomy":"post_tag","embeddable":true,"href":"https:\/\/kunstinargentinien.com\/index.php\/wp-json\/wp\/v2\/tags?post=1146"}],"curies":[{"name":"wp","href":"https:\/\/api.w.org\/{rel}","templated":true}]}}