{"id":11534,"date":"2012-05-21T22:57:23","date_gmt":"2012-05-22T01:57:23","guid":{"rendered":"http:\/\/kunstinargentinien.com\/?p=11534"},"modified":"2012-05-26T23:12:46","modified_gmt":"2012-05-27T02:12:46","slug":"helmut-ditsch-im-salon-eva-peron","status":"publish","type":"post","link":"https:\/\/kunstinargentinien.com\/index.php\/2012\/05\/21\/helmut-ditsch-im-salon-eva-peron\/","title":{"rendered":"Helmut Ditsch im &#8220;Sal\u00f3n Eva Per\u00f3n&#8221;"},"content":{"rendered":"<p><strong>&#8220;Glaciar Perito Moreno&#8221; ist das einzige Werk Ditschs, das in Argentinien ausgestellt ist<\/p>\n<p><em>Von Susanne Franz\/Marcus Christoph<\/em><\/strong><\/p>\n<p><a href=\"http:\/\/kunstinargentinien.com\/wp-content\/uploads\/2012\/05\/ditsch.jpg\"><img loading=\"lazy\" decoding=\"async\" src=\"http:\/\/kunstinargentinien.com\/wp-content\/uploads\/2012\/05\/ditsch.jpg\" alt=\"\" title=\"ditsch\" width=\"500\" height=\"328\" class=\"aligncenter size-full wp-image-11538\" srcset=\"https:\/\/kunstinargentinien.com\/wp-content\/uploads\/2012\/05\/ditsch.jpg 500w, https:\/\/kunstinargentinien.com\/wp-content\/uploads\/2012\/05\/ditsch-300x196.jpg 300w\" sizes=\"auto, (max-width: 500px) 100vw, 500px\" \/><\/a><br \/>\nSeit dem 18. Mai ist ein Werk des deutschst\u00e4mmigen argentinischen Malers Helmut Ditsch aus Villa Ballester Bestandteil der Sammlung des neu er\u00f6ffneten &#8220;Sal\u00f3n Eva Per\u00f3n&#8221; im Pr\u00e4sidentenpalast in Buenos Aires.<\/p>\n<p>Das f\u00fcnf Meter lange Mammutwerk &#8220;Glaciar Perito Moreno&#8221; ist das einzige Werk des bestbezahlten argentinischen K\u00fcnstlers der Geschichte des Landes, das in Argentinien ausgestellt ist. Ditsch ist mit seinen Werken ansonsten in seiner Wahlheimat Irland und auch in \u00d6sterreich stark vertreten, wo er Kunst studierte. Nun kann man das Gem\u00e4lde in Buenos Aires gratis im Rahmen der F\u00fchrungen bewundern, die die &#8220;Casa Rosada&#8221; anbietet: f\u00fcr Schulen montags bis freitags 9-11 und 14-16 Uhr, f\u00fcrs allgemeine Publikum samstags, sonntags und feiertags 10-18 Uhr. Eingang: Balcarce 50. <\/p>\n<p>Der Salon, der den Namen Eva Per\u00f3n tr\u00e4gt, wurde am 7. Mai im Pr\u00e4sidentenpalast Casa Rosada in Buenos Aires er\u00f6ffnet. Das Datum der Einweihung hatte Staatschefin Cristina Fern\u00e1ndez de Kirchner mit Bedacht gew\u00e4hlt. Schlie\u00dflich hatte die legend\u00e4re Gattin von General Per\u00f3n an einem 7. Mai des Jahres 1919 das Licht der Welt erblickt. Der Raum hat einen Balkon in Richtung Plaza de Mayo. Von dort hielt Evita auch ihre letzte Ansprache an das Volk vor ihrem fr\u00fchen Tod 1952.<\/p>\n<p>Eines der wichtigsten Ausstellungsst\u00fccke in dem Salon ist ein rotes Kleid mit wei\u00dfen Punkten, das die National-Ikone bei den Sportspielen trug, die heute ihren Namen tragen (&#8220;Juegos Nacionales Evita&#8221;). Dabei handelt es sich um einem Wettbewerb mit diversen Disziplinen f\u00fcr Heranwachsende zwischen zw\u00f6lf und 18 Jahren. Der &#8220;Sal\u00f3n Eva Per\u00f3n&#8221; befindet sich in dem Raum, der bislang dem Vizepr\u00e4sidenten der Nation vorbehalten war. Doch stand dieser leer, seit sich der einstige Vizepr\u00e4sident Julio Cobos im Zuge des Agrarkonfliktes 2008 mit der Kirchner-Regierung \u00fcberwarf. Cobos&#8217; Nachfolger im Amt des Vizepr\u00e4sidenten, Amado Boudou, zog gar nicht erst in die Casa Rosada ein, sondern bezog ein B\u00fcro im Geb\u00e4ude der Nationalbank. Zudem hat er einen Amtssitz im Kongress, schlie\u00dflich steht er qua Amtes dem Senat vor.<\/p>\n<p><strong>Foto:<\/strong><br \/>\nHelmut Ditsch und Pr\u00e4sidentin Cristina Kirchner vor dem Mammutwerk Ditschs im Sal\u00f3n Evita.<\/p>\n","protected":false},"excerpt":{"rendered":"<p>&#8220;Glaciar Perito Moreno&#8221; ist das einzige Werk Ditschs, das in Argentinien ausgestellt ist Von Susanne Franz\/Marcus Christoph Seit dem 18. Mai ist ein Werk des deutschst\u00e4mmigen argentinischen Malers Helmut Ditsch aus Villa Ballester Bestandteil der Sammlung des neu er\u00f6ffneten &#8220;Sal\u00f3n Eva Per\u00f3n&#8221; im Pr\u00e4sidentenpalast in Buenos Aires. Das f\u00fcnf Meter lange Mammutwerk &#8220;Glaciar Perito Moreno&#8221; [&hellip;]<\/p>\n","protected":false},"author":1,"featured_media":0,"comment_status":"open","ping_status":"open","sticky":false,"template":"","format":"standard","meta":{"footnotes":""},"categories":[4],"tags":[],"class_list":["post-11534","post","type-post","status-publish","format-standard","hentry","category-tipp-der-woche-recomendacion-de-la-semana"],"_links":{"self":[{"href":"https:\/\/kunstinargentinien.com\/index.php\/wp-json\/wp\/v2\/posts\/11534","targetHints":{"allow":["GET"]}}],"collection":[{"href":"https:\/\/kunstinargentinien.com\/index.php\/wp-json\/wp\/v2\/posts"}],"about":[{"href":"https:\/\/kunstinargentinien.com\/index.php\/wp-json\/wp\/v2\/types\/post"}],"author":[{"embeddable":true,"href":"https:\/\/kunstinargentinien.com\/index.php\/wp-json\/wp\/v2\/users\/1"}],"replies":[{"embeddable":true,"href":"https:\/\/kunstinargentinien.com\/index.php\/wp-json\/wp\/v2\/comments?post=11534"}],"version-history":[{"count":8,"href":"https:\/\/kunstinargentinien.com\/index.php\/wp-json\/wp\/v2\/posts\/11534\/revisions"}],"predecessor-version":[{"id":11543,"href":"https:\/\/kunstinargentinien.com\/index.php\/wp-json\/wp\/v2\/posts\/11534\/revisions\/11543"}],"wp:attachment":[{"href":"https:\/\/kunstinargentinien.com\/index.php\/wp-json\/wp\/v2\/media?parent=11534"}],"wp:term":[{"taxonomy":"category","embeddable":true,"href":"https:\/\/kunstinargentinien.com\/index.php\/wp-json\/wp\/v2\/categories?post=11534"},{"taxonomy":"post_tag","embeddable":true,"href":"https:\/\/kunstinargentinien.com\/index.php\/wp-json\/wp\/v2\/tags?post=11534"}],"curies":[{"name":"wp","href":"https:\/\/api.w.org\/{rel}","templated":true}]}}