{"id":11655,"date":"2012-06-30T12:49:26","date_gmt":"2012-06-30T15:49:26","guid":{"rendered":"http:\/\/kunstinargentinien.com\/?p=11655"},"modified":"2012-07-02T17:54:06","modified_gmt":"2012-07-02T20:54:06","slug":"kalender-agenda-329","status":"publish","type":"post","link":"https:\/\/kunstinargentinien.com\/index.php\/2012\/06\/30\/kalender-agenda-329\/","title":{"rendered":"Kalender \/ Agenda"},"content":{"rendered":"<p><a href=\"http:\/\/kunstinargentinien.com\/index.php\/2012\/06\/30\/agenda-kalender-318\/\">Click aqu\u00ed\u00ad para leer la versi\u00f3n en castellano.<\/a><\/p>\n<p><strong>Ausstellungskalender 30\/06\/2012-07\/07\/2012<\/p>\n<p><em>Von Susanne Franz<\/em><\/strong><\/p>\n<p><a href=\"http:\/\/kunstinargentinien.com\/wp-content\/uploads\/2012\/06\/berlin.jpg\"><img loading=\"lazy\" decoding=\"async\" src=\"http:\/\/kunstinargentinien.com\/wp-content\/uploads\/2012\/06\/berlin.jpg\" alt=\"\" title=\"berlin\" width=\"500\" height=\"372\" class=\"aligncenter size-full wp-image-11667\" srcset=\"https:\/\/kunstinargentinien.com\/wp-content\/uploads\/2012\/06\/berlin.jpg 500w, https:\/\/kunstinargentinien.com\/wp-content\/uploads\/2012\/06\/berlin-300x223.jpg 300w\" sizes=\"auto, (max-width: 500px) 100vw, 500px\" \/><\/a><br \/>\nIn ihrer Rubrik <a href=\"http:\/\/www.proyectored.net\/k15.html\">&#8220;Das ist Berlin&#8221;<\/a> pr\u00e4sentiert die in der deutschen Hauptstadt lebende argentinische K\u00fcnstlerin Marula Di Como diesmal ein Foto-Essay mit Werken von Seraphina Lenz, die Berlin als Baustelle zeigen. Au\u00dferdem findet man in der Winterausgabe Nr. 11 der Online-Zeitschrift <a href=\"http:\/\/www.proyectored.net\/\">PROYECTO RED<\/a> von RED Galer\u00eda u.a. einen Beitrag von Mar\u00eda Martha Pichel \u00fcber die <a href=\"http:\/\/www.proyectored.net\/k2.html\">Freiwillige Feuerwehr des Buenos Aires-Stadtteils La Boca<\/a>, einen pers\u00f6nlichen <a href=\"http:\/\/www.proyectored.net\/k6.html\">R\u00fcckblick auf die Kunstmesse arteBA 2012 von Ernesto Arellano<\/a> und viele andere vergn\u00fcgliche und\/oder nachdenklich stimmende Beitr\u00e4ge.<\/p>\n<p>Die Ausstellungen der Woche:<!--more--><\/p>\n<p><strong><em>Ausstellungszentren<\/em><\/strong><\/p>\n<ul>\n<li><a href=\"http:\/\/www.malba.org.ar\/web\/\">Malba<\/a> (Museo de Arte Latinoamericano de Buenos Aires), Av. Figueroa Alcorta 3415, Buenos Aires (Do-Mo und feiertags 12-20, Mi bis 21 Uhr, dienstags geschlossen. Eintritt 25 Pesos, Lehrer, Rentner und Studenten 12 Pesos, unter 5-J\u00e4hrige gratis. Mi: Eintritt 12 Pesos, Lehrer und Rentner 6 Pesos, Studenten gratis): Fernando Bryce (Peru), &#8220;Dibujando la historia moderna&#8221;. Kuratorinnen: Natalia Majluf und Tatiana Cuevas. Organisiert vom Museo de Arte de Lima &#8211; MALI. Saal 5 (2. Stock). 29.6.-20.8. \/ Le\u00f3n Ferrari, 70 Werke aus den Serien &#8220;Brailles&#8221; und &#8220;Relecturas de la Biblia&#8221;. Kuratorin: Florencia Battiti. Saal 3 (1. Stock). 29.3.-2.7.<\/li>\n<li><a href=\"http:\/\/www.faenaartscenter.org\/\">Faena Arts Center<\/a>, Aim\u00e9 Pain\u00e9 1169, Puerto Madero, Buenos Aires (Mi-So 12-19 Uhr. Eintritt 25 Pesos, unter 12-J\u00e4hrige, Studenten und Rentner mit Ausweis gratis): Los Carpinteros (Kuba), Site Specific. &#8220;Molinos&#8221;-Saal. \/ Manuel Ameztoy, Installation. &#8220;Catedral&#8221;-Saal. 17.5.-22.8.<\/li>\n<li><a href=\"http:\/\/centroculturalrecoleta.org\/ccr-sp\/\">Centro Cultural Recoleta<\/a>, Jun\u00edn 1930, Buenos Aires (Mo-Fr 14-21, Sa, So und feiertags 10-21 Uhr. Eintritt frei): Fernando C\u00e1novas, &#8220;Polaridades&#8221;. Cronopios-Saal. 7.6.-22.7. \/ Maggie de Koenigsberg, &#8220;Esto no es un paisaje&#8221;. Saal 6. 15.6.-22.7. \/ <a href=\"http:\/\/www.enriquerivarola.com\/\">Enrique Rivarola<\/a>, &#8220;Obra en la Obra&#8221;, Fotos. S\u00e4le 1 und 2. 15.6.-22.7. \/ Luciano Podcaminsky, &#8220;Thank you very much!&#8221;, Installationen. Saal 8. 15.6.-22.7. \/ Eugenio Palma Genov\u00e9s, &#8220;Un ojo en la calle&#8221;. Prometeus-Saal. 15.6.-22.7. \/ Sof\u00eda Magnanini, &#8220;Miradas&#8221;. &#8220;Microespacio&#8221;. 15.6.-22.7. \/ M\u00e9dicos Pintores (\u00c4rzte, die Maler sind), Gemeinschaftsausstellung. Saal 7. 21.6.-22.7. \/ &#8220;Una ma\u00f1ana de julio. <a href=\"http:\/\/issuu.com\/espaciodearteamia\/docs\/memoriailustrada2012\">Memoria Ilustrada 2012.<\/a> Cuentos para No Olvidar&#8221; (Ein Morgen im Juli. Gezeichnete Erinnerung 2012. Geschichten gegen das Vergessen), 231 Originalzeichnungen von Mitgliedern des Karikaturistenverbands &#8220;Foro de Ilustradores Argentina&#8221;, die auf Vorschlag des &#8220;Espacio de Arte AMIA&#8221; ein Jugendbuch \u00fcber die Thematik des AMIA-Attentats erarbeitet haben. \/ &#8220;MEMORIA AMIA&#8221;, <a href=\"http:\/\/www.youtube.com\/playlist?list=PL0A7880F2CA1CC8B0\">18 Videos von Sch\u00fclern des Lehrstuhls &#8220;Campos, Medios Expresivos I&#8221; (FADU\/UBA)<\/a>, auf Anregung des &#8220;Espacio de Arte AMIA&#8221;. Im Rahmen des 18. Jahrestages des <a href=\"http:\/\/en.wikipedia.org\/wiki\/1994_AMIA_bombing\">Attentats auf die AMIA<\/a>. &#8220;Espacio Central&#8221; 1, 2, 3 und 4 (Erdgeschoss). Seit 28.6.<\/li>\n<li>Museo S\u00edvori, Av. Infanta Isabel 555, gegen\u00fcber der Br\u00fccke zum Rosengarten des Palermo-Parks, Buenos Aires (Di-Fr 12-20, Sa, So und feiertags 10-20 Uhr. Eintritt 1 Peso, Mi und Sa gratis): Norberto Onofrio, &#8220;Los protectores y otras yerbas&#8221;, Graphiken. Er\u00f6ffnung: 7.7., 12 Uhr.<\/li>\n<li>Centro Cultural Borges, Viamonte\/San Mart\u00edn, Buenos Aires (Mo-Sa 10-21, So und feiertags 12-21 Uhr): &#8220;Tina Modotti, fot\u00f3grafa y revolucionaria&#8221; (Tina Modotti, Fotografin und Revolution\u00e4rin). Die Ausstellung wurde von der Galerie Bilderwelt aus Berlin organisiert und zuletzt im Juni 2010 im Kunst Haus Wien gezeigt. 23.5.-7.7. \/ Mirjam Letsch (Niederlande), &#8220;Letsch Focus&#8221;, Bilder aus Indien, Vietnam und den Niederlanden. 7.6.-1.7.<\/li>\n<li>FotoGaler\u00eda des San Mart\u00edn-Theaters, Av. Corrientes 1530, Buenos Aires (Mo-Fr ab 12 Uhr, Sa und So ab 14 Uhr, bis zum Ende der Aktivit\u00e4ten des jeweiligen Tages im Theater. Eintritt frei): Tony V\u00e1ldez, &#8220;50.Retratos.30&#8221;, Fotos. &#8220;FotoGaler\u00eda&#8221;. 8.5.-5.8. K\u00fcnstlerf\u00fchrungen am 11. und 23. Juli, jeweils um 19 Uhr.<\/li>\n<li>EspacioFotogr\u00e1fico des Teatro de la Ribera, Av. Pedro de Mendoza 1821, Buenos Aires (Di-So 10-20, Mo 10-16 Uhr. Eintritt frei): Mariano Salom\u00f3n, &#8220;El espectador&#8221;, Foto-Essay. 2.6.-31.7.<\/li>\n<\/ul>\n<p><em><strong>Weitere Ausstellungen<\/strong><\/em><\/p>\n<ul>\n<li>&#8220;Por las huellas misioneras en Am\u00e9rica Latina. El viaje de F\u00e9lix Plattner en 1957\/58&#8221; (Auf den Spuren der Missionare in Lateinamerika. Felix Plattners Reise 1957\/58). Fotos aus dem Jesuiten-Archiv Z\u00fcrich, Schweiz. Kuratoren: Dr. Eckart Kuehne, Z\u00fcrich (Schweiz), Jorge Cometti, Leila Makarius, Patricio L\u00f3pez M\u00e9ndez (Argentinien). Museo Isaac Fern\u00e1ndez Blanco, Suipacha 1422, Buenos Aires. Di-Fr 14-19, Sa und So 11-19 Uhr. Eintritt 1 Peso, Do gratis. 27.4.-8.7.<\/li>\n<li>Fernanda Cohen, &#8220;Arco Iris&#8221;, Zeichnungen. <a href=\"http:\/\/www.elsidelrio.com.ar\/\">Elsi del R\u00edo Arte Contempor\u00e1neo<\/a>, Humboldt 1510, Palermo Hollywood, Buenos Aires. Di-Fr 14-20, Sa 11-15 Uhr. 4.6.-20.7.<\/li>\n<li>Nicol\u00e1s Menza, Ricardo Ajler, H\u00e9ctor Destefanis und Alejandro Boim, Gem\u00e4lde und Zeichnungen. Museo de Bellas Artes Benito Quinquela Mart\u00edn, Av. Pedro de Mendoza 1835, La Boca, Buenos Aires. Di-Fr 10-18, Sa, So und feiertags 11-18 Uhr. 9.6.-8.7.<\/li>\n<li>&#8220;Humor Gr\u00e1fico Argentino: su historia, una s\u00edntesis&#8221;. \/ &#8220;Carlos Garaycochea, humor en colores&#8221;. <a href=\"http:\/\/www.museos.buenosaires.gob.ar\/muhu\/index.html\">MUHU &#8211; Museo del Humor<\/a>, Zentralverwaltung der Museen von Buenos Aires, Geb\u00e4ude des ehemaligen Brauhauses &#8220;La Munich&#8221;, Av. de los Italianos 851, Costanera Sur, Buenos Aires. Seit 16.6.<\/li>\n<li>Claudia Contreras, &#8220;Remover cielo y tierra&#8221;. Museo de la Casa por la Memoria, Marcelo T. de Alvear Nr. 32, Resistencia, Chaco, Argentinien. Mo-Fr 8-13 und 16-20, Sa 17-20 Uhr. 22.6.-22.8.<\/li>\n<li>Javier Carricajo, Gem\u00e4lde. Gachi Prieto Gallery, Uriarte 1976, Buenos Aires. Di-Fr 13-20, Sa 12-18 Uhr. 27.6.-11.8.<\/li>\n<li>Diego Perrotta, &#8220;Mujer latente&#8221;, Gem\u00e4lde. Holz Galer\u00eda de Arte, Arroyo 862, Buenos Aires. Mo-Fr 10-20, Sa 10-14 Uhr. 29.6.-14.7.<\/li>\n<li>Graciela Sacco und Marcelo Brodsky, &#8220;Entre Aguas&#8221;. <a href=\"http:\/\/www.rolfart.com.ar\/\">Rolf Art<\/a>, Callao 1880, Recoleta, Buenos Aires. Seit 29.6.<\/li>\n<li>Marcelo Aguilar, Graphiken. Jos\u00e9 Hern\u00e1ndez-Geb\u00e4ude, <a href=\"http:\/\/www.unla.edu.ar\/\">Universidad Nacional de Lan\u00fas<\/a>, 29 de Setiembre 3901, Remedios de Escalada, Lan\u00fas, Argentinien. Er\u00f6ffnung: 4.7., 13 Uhr. Bis 4.8.<\/li>\n<li>Sonia Etchart, &#8220;Paisaje&#8221;, Gem\u00e4lde. <a href=\"http:\/\/www.rubbers.com.ar\/\">Galer\u00eda Rubbers Internacional<\/a>, Av. Alvear 1595, Buenos Aires. Er\u00f6ffnung: 4.7., 19 Uhr.<\/li>\n<li>&#8220;150 A\u00f1os del Arte de los Argentinos &#8211; nuestra colecci\u00f3n&#8221; (150 Jahre argentinische Kunst &#8211; unsere Sammlung). Zurbar\u00e1n, Cerrito 1522, Buenos Aires. Er\u00f6ffnung: 5.7., 19-22 Uhr.<\/li>\n<li>&#8220;Meraviglie dalle Marche. Seiscientos a\u00f1os de pintura italiana&#8221; (600 Jahre italienische Malerei). Museo Nacional de Arte Decorativo, Av. Libertador 1902, Buenos Aires. Ab 7.7.<\/li>\n<\/ul>\n","protected":false},"excerpt":{"rendered":"<p>Click aqu\u00ed\u00ad para leer la versi\u00f3n en castellano. Ausstellungskalender 30\/06\/2012-07\/07\/2012 Von Susanne Franz In ihrer Rubrik &#8220;Das ist Berlin&#8221; pr\u00e4sentiert die in der deutschen Hauptstadt lebende argentinische K\u00fcnstlerin Marula Di Como diesmal ein Foto-Essay mit Werken von Seraphina Lenz, die Berlin als Baustelle zeigen. Au\u00dferdem findet man in der Winterausgabe Nr. 11 der Online-Zeitschrift PROYECTO [&hellip;]<\/p>\n","protected":false},"author":1,"featured_media":0,"comment_status":"open","ping_status":"open","sticky":false,"template":"","format":"standard","meta":{"footnotes":""},"categories":[3],"tags":[],"class_list":["post-11655","post","type-post","status-publish","format-standard","hentry","category-kalender-agenda"],"_links":{"self":[{"href":"https:\/\/kunstinargentinien.com\/index.php\/wp-json\/wp\/v2\/posts\/11655","targetHints":{"allow":["GET"]}}],"collection":[{"href":"https:\/\/kunstinargentinien.com\/index.php\/wp-json\/wp\/v2\/posts"}],"about":[{"href":"https:\/\/kunstinargentinien.com\/index.php\/wp-json\/wp\/v2\/types\/post"}],"author":[{"embeddable":true,"href":"https:\/\/kunstinargentinien.com\/index.php\/wp-json\/wp\/v2\/users\/1"}],"replies":[{"embeddable":true,"href":"https:\/\/kunstinargentinien.com\/index.php\/wp-json\/wp\/v2\/comments?post=11655"}],"version-history":[{"count":22,"href":"https:\/\/kunstinargentinien.com\/index.php\/wp-json\/wp\/v2\/posts\/11655\/revisions"}],"predecessor-version":[{"id":11717,"href":"https:\/\/kunstinargentinien.com\/index.php\/wp-json\/wp\/v2\/posts\/11655\/revisions\/11717"}],"wp:attachment":[{"href":"https:\/\/kunstinargentinien.com\/index.php\/wp-json\/wp\/v2\/media?parent=11655"}],"wp:term":[{"taxonomy":"category","embeddable":true,"href":"https:\/\/kunstinargentinien.com\/index.php\/wp-json\/wp\/v2\/categories?post=11655"},{"taxonomy":"post_tag","embeddable":true,"href":"https:\/\/kunstinargentinien.com\/index.php\/wp-json\/wp\/v2\/tags?post=11655"}],"curies":[{"name":"wp","href":"https:\/\/api.w.org\/{rel}","templated":true}]}}