{"id":11751,"date":"2012-07-07T16:26:45","date_gmt":"2012-07-07T19:26:45","guid":{"rendered":"http:\/\/kunstinargentinien.com\/?p=11751"},"modified":"2012-07-16T12:19:17","modified_gmt":"2012-07-16T15:19:17","slug":"agenda-kalender-319","status":"publish","type":"post","link":"https:\/\/kunstinargentinien.com\/index.php\/2012\/07\/07\/agenda-kalender-319\/","title":{"rendered":"Agenda \/ Kalender"},"content":{"rendered":"<p><a href=\"http:\/\/kunstinargentinien.com\/index.php\/2012\/07\/07\/kalender-agenda-331\/\">Klicken Sie hier, um die deutsche Version zu lesen.<\/a><\/p>\n<p><strong>Agenda de Muestras 07\/07\/2012-14\/07\/2012<\/p>\n<p><em>Por Susanne Franz<\/em><\/strong><\/p>\n<p><a href=\"http:\/\/kunstinargentinien.com\/wp-content\/uploads\/2012\/07\/cieloarriba.jpg\"><img loading=\"lazy\" decoding=\"async\" src=\"http:\/\/kunstinargentinien.com\/wp-content\/uploads\/2012\/07\/cieloarriba.jpg\" alt=\"\" title=\"cieloarriba\" width=\"250\" height=\"167\" class=\"alignleft size-full wp-image-11753\" \/><\/a>Voces, Sikus, charango, percusi\u00f3n, bajo y muchos instrumentos m\u00e1s, combinados con la participaci\u00f3n y el humor, son los materiales que componen los espect\u00e1culos de &#8220;Cielo Arriba&#8221;, conjunto de m\u00fasica para ni\u00f1os que basa su repertorio en canciones y ritmos folcl\u00f3ricos de Argentina y Latinoam\u00e9rica. &#8220;Cielo Arriba&#8221; actuar\u00e1 el mi\u00e9rcoles 11 de julio a las 17 horas en el Auditorio Aleph del <a href=\"http:\/\/centroculturalrecoleta.org\/ccr-sp\/\">Centro Cultural Recoleta<\/a> (Jun\u00edn 1930, Buenos Aires), en el marco de un Ciclo de Folclore para Ni\u00f1os gratuito que se ofrece cada mi\u00e9rcoles hasta fin de mes.<\/p>\n<p>Programa: 11\/7, 17 hs: &#8220;Cielo Arriba&#8221;, 19 hs: Vitilio y Nancy Abalos; 18\/7, 17 hs: Coco Romero, 19 hs: Ram\u00f3n Ayala, D\u00fao Giunchetti-Madero (Guitarras); 25\/7, 17 y 19 hs: Jorge Marziali.<\/p>\n<p>Las muestras de la semana:<!--more--><\/p>\n<p><strong><em>Centros de exposiciones<\/em><\/strong><\/p>\n<ul>\n<li><a href=\"http:\/\/www.mnad.org\/\">Museo Nacional de Arte Decorativo<\/a>, Av. del Libertador 1902, Buenos Aires (Mar-Dom 14-19 hs. A partir del 14\/7, S\u00e1b y Dom 12-19 hs. Entrada $30, jubilados y estudiantes $10; martes gratis): &#8220;Meraviglie dalle Marche. Seiscientos a\u00f1os de pintura italiana&#8221;. 07.07.-30.09.<\/li>\n<li><a href=\"http:\/\/www.mnba.org.ar\/el_museo.php\">Museo Nacional de Bellas Artes<\/a>, Av. del Libertador 1473 (Mar-Vie 12.30-20.30, S\u00e1b y Dom 9.30-20.30 hs. Entrada gratuita): &#8220;Real\/Virtual. Arte cin\u00e9tico argentino en los a\u00f1os sesenta&#8221;. Curadora: Mar\u00eda Jos\u00e9 Herrera. 14.06.-19.08.<\/li>\n<li><a href=\"http:\/\/www.malba.org.ar\/web\/\">Malba<\/a> (Museo de Arte Latinoamericano de Buenos Aires), Av. Figueroa Alcorta 3415, Buenos Aires (Jue-Lun y feriados 12-20 hs, Mi\u00e9 hasta 21 hs, Mar cerrado. Entrada 30 pesos, docentes, jubilados y estudiantes 15 pesos, menores de 5 a\u00f1os sin cargo. Mi\u00e9: Entrada 15 pesos, docentes, jubilados y estudiantes sin cargo): Fernando Bryce (Per\u00fa), &#8220;Dibujando la historia moderna&#8221;. Curadoras: Natalia Majluf y Tatiana Cuevas. Organizado por el Museo de Arte de Lima &#8211; MALI. Sala 5 (2\u00b0 piso). 29.06.-20.08.<\/li>\n<li><a href=\"http:\/\/www.faenaartscenter.org\/\">Faena Arts Center<\/a>, Aim\u00e9 Pain\u00e9 1169, Puerto Madero, Buenos Aires (Mi\u00e9-Dom 12-19 hs. Entrada $25; menores de 12 a\u00f1os, estudiantes y jubilados con acreditaci\u00f3n, gratis): <a href=\"http:\/\/www.perfil.com\/ediciones\/2012\/5\/edicion_680\/contenidos\/noticia_0026.html\">Los Carpinteros (Cuba), Site Specific<\/a>. Sala Molinos. \/ Manuel Ameztoy, instalaci\u00f3n. Sala Catedral. 17.05.-22.08.<\/li>\n<li><a href=\"http:\/\/www.proa.org\/esp\/\">Fundaci\u00f3n Proa<\/a>, Pedro de Mendoza 1929, La Boca, Buenos Aires (Mar-Dom 11-19 hs, Lun cerrado): &#8220;Pop, realismos y pol\u00edtica: 58 artistas de Brasil y la Argentina&#8221;. Curadores: Paulo Herkenhoff y Rodrigo Alonso. \/ &#8220;Aizenberg y Amigos&#8221;, obras de Roberto Aizenberg, acompa\u00f1ado por j\u00f3venes artistas que trabajan o tienen relaci\u00f3n con su obra, como Sergio Avello, Erica B\u00f6hm, Max G\u00f3mez Canle y Estanislao Florido. Curadora: Victoria Verlichak. Coordinador: Santiago Bengolea. &#8220;Espacio Contempor\u00e1neo&#8221;. Inauguraciones: 14.07., 16 hs.<\/li>\n<li><a href=\"http:\/\/centroculturalrecoleta.org\/ccr-sp\/\">Centro Cultural Recoleta<\/a>, Jun\u00ed\u00adn 1930, Buenos Aires (Lun-Vie 14-21, S\u00e1b, Dom y feriados 10-21 hs. Entrada libre): Fernando C\u00e1novas, &#8220;Polaridades&#8221;. Sala Cronopios. 07.06.-22.07. \/ Maggie de Koenigsberg, &#8220;Esto no es un paisaje&#8221;. Sala 6. 15.06.-22.07. \/ <a href=\"http:\/\/www.enriquerivarola.com\/\">Enrique Rivarola<\/a>, &#8220;Obra en la Obra&#8221;, fotograf\u00edas. Salas 1 y 2. 15.06.-22.07. \/ Luciano Podcaminsky, &#8220;Thank you very much!&#8221;, instalaciones. Sala 8. 15.06.-22.07. \/ Eugenio Palma Genov\u00e9s, &#8220;Un ojo en la calle&#8221;. Sala Prometeus. 15.06.-22.07. \/ Sof\u00eda Magnanini, &#8220;Miradas&#8221;. Microespacio. 15.06.-22.07. \/ M\u00e9dicos Pintores, muestra colectiva. Sala 7. 21.06.-22.07. \/ &#8220;Una ma\u00f1ana de julio. <a href=\"http:\/\/issuu.com\/espaciodearteamia\/docs\/memoriailustrada2012\">Memoria Ilustrada 2012.<\/a> Cuentos para No Olvidar&#8221;, muestra de 231 ilustraciones originales, realizadas por el Foro de Ilustradores Argentina a partir de la propuesta del Espacio de Arte AMIA, de producir un libro de cuentos juveniles que aborde desde distintos enfoques el atentado a la AMIA. \/ &#8220;MEMORIA AMIA&#8221;, selecci\u00f3n de <a href=\"http:\/\/www.youtube.com\/playlist?list=PL0A7880F2CA1CC8B0\">18 videos realizados por alumnos de la C\u00e1tedra Campos, Medios Expresivos I (FADU\/UBA)<\/a> a partir de la propuesta del Espacio de Arte AMIA. En el marco del 18\u00aa Aniversario del atentado a la AMIA. Espacio Central 1, 2, 3 y 4 (PB). Desde 28.06.<\/li>\n<li>Museo S\u00edvori, Av. Infanta Isabel 555, frente al puente del Rosedal de Palermo, Buenos Aires (Mar-Vie 12-20, S\u00e1b, Dom y feriados 10-20 hs. Entrada general $1, Mi\u00e9 y S\u00e1b gratis): &#8220;Lajos Szalay. La l\u00ednea maestra&#8221;, dibujos. Hasta 15.07. \/ Norberto Onofrio, &#8220;Los protectores y otras yerbas&#8221;, grabados. Inauguraci\u00f3n: 07.07., 12 hs.<\/li>\n<li>Centro Cultural Borges, Viamonte\/San Mart\u00edn, Buenos Aires (Lun-S\u00e1b 10-21, Dom y feriados 12-21 hs): &#8220;Tina Modotti, fot\u00f3grafa y revolucionaria&#8221;. La muestra est\u00e1 organizada por la Galerie Bilderwelt, de Berlin, y se exhibi\u00f3 por \u00faltima vez en el Museo Kunst Haus Wien en el mes de junio de 2010. 23.05.-07.07. \/ Dani Yako, &#8220;La calle&#8221;, fotograf\u00edas tomadas entre enero de 2010 y diciembre de 2011 en la ciudad de Buenos Aires, de personas que viven en la calle. Inauguraci\u00f3n: 12.07., 19 hs. Hasta 05.08.<\/li>\n<li>FotoGaler\u00ed\u00ada del Teatro San Mart\u00ed\u00adn, Av. Corrientes 1530, Buenos Aires (Lun-Vie desde las 12 hs, S\u00e1b y Dom desde las 14 hs, hasta la finalizaci\u00f3n de las actividades del d\u00eda en el teatro. Entrada libre): Tony V\u00e1ldez, &#8220;50.Retratos.30&#8221;, fotos. FotoGaler\u00eda. 08.05.-05.08. El artista realizar\u00e1 recorridos sobre su muestra el mi\u00e9rcoles 11 y el lunes 23 de julio a las 19 hs.<\/li>\n<li>EspacioFotogr\u00e1fico del Teatro de la Ribera, Av. Pedro de Mendoza 1821, Buenos Aires (Mar-Dom 10-20, Lun 10-16 hs. Entrada libre): Mariano Salom\u00f3n, &#8220;El espectador&#8221;, ensayo fotogr\u00e1fico. 02.06.-31.07.<\/li>\n<\/ul>\n<p><em><strong>Otras exposiciones<\/strong><\/em><\/p>\n<ul>\n<li>&#8220;Por las huellas misioneras en Am\u00e9rica Latina. El viaje de F\u00e9lix Plattner en 1957\/58&#8221;. Fotograf\u00edas del Archivo Jesu\u00edtico de Zurich, Suiza. Curadores: Dr. Eckart Kuehne, Zurich (Suiza), Jorge Cometti, Leila Makarius, Patricio L\u00f3pez M\u00e9ndez (Argentina). Museo Isaac Fern\u00e1ndez Blanco, Suipacha 1422, Buenos Aires. Mar-Vie 14-19, S\u00e1b y Dom 11-19 hs. Entrada $1.-, Jue gratis. 27.04.-08.07.<\/li>\n<li>Fernanda Cohen, &#8220;Arco Iris&#8221;, dibujos. <a href=\"http:\/\/www.elsidelrio.com.ar\/\">Elsi del R\u00edo Arte Contempor\u00e1neo<\/a>, Humboldt 1510, Palermo Hollywood, Buenos Aires. Mar-Vie 14-20, S\u00e1b 11-15 hs. 04.06.-20.07.<\/li>\n<li><a href=\"http:\/\/www.pagina12.com.ar\/diario\/suplementos\/espectaculos\/6-25576-2012-06-19.html\">Felipe Pino, &#8220;Qu\u00edmicamente puro&#8221;, pinturas 1970-2011.<\/a> Curador: Eduardo Stup\u00eda. Fundaci\u00f3n Osde Espacio de Arte, Suipacha 658, 1er piso. Lun-S\u00e1b 12-20 hs. 07.06.-21.07.<\/li>\n<li>Nicol\u00e1s Menza, Ricardo Ajler, H\u00e9ctor Destefanis y Alejandro Boim, pinturas y dibujos. Museo de Bellas Artes Benito Quinquela Mart\u00edn, Av. Pedro de Mendoza 1835, La Boca, Buenos Aires. Mar-Vie 10-18, S\u00e1b, Dom y feriados 11-18 hs. 09.06.-08.07.<\/li>\n<li>&#8220;Humor Gr\u00e1fico Argentino: su historia, una s\u00edntesis&#8221;. \/ &#8220;Carlos Garaycochea, humor en colores&#8221;. <a href=\"http:\/\/www.museos.buenosaires.gob.ar\/muhu\/index.html\">MUHU &#8211; Museo del Humor<\/a>, Direcci\u00f3n General de Museos de Buenos Aires, Edificio de la Munich, Av. de los Italianos 851, Costanera Sur, Buenos Aires. Desde 16.06.<\/li>\n<li>Claudia Contreras, &#8220;Remover cielo y tierra&#8221;. Museo de la Casa por la Memoria, Marcelo T. de Alvear N\u00ba 32, Resistencia, Chaco, Argentina. Lun-Vie 8-13 y 16-20, S\u00e1b 17-20 hs. 22.06.-22.08.<\/li>\n<li>Javier Carricajo, pinturas. Gachi Prieto Gallery, Uriarte 1976, Buenos Aires. Mar-Vie 13-20, S\u00e1b 12-18 hs. 27.06.-11.08.<\/li>\n<li><a href=\"http:\/\/www.revistamagenta.com\/index.php\/las-mujeres-de-diego-perrota\/\">Diego Perrotta, &#8220;Mujer latente&#8221;, pinturas.<\/a> Holz Galer\u00eda de Arte, Arroyo 862, Buenos Aires. Lun-Vie 10-20, S\u00e1b 10-14 hs. 29.06.-14.07.<\/li>\n<li>Graciela Sacco y Marcelo Brodsky, &#8220;Entre Aguas&#8221;. <a href=\"http:\/\/www.rolfart.com.ar\/\">Rolf Art<\/a>, Callao 1880, Recoleta, Buenos Aires. Desde 29.06.<\/li>\n<li>Marcelo Aguilar, grabados. Edificio Jos\u00e9 Hern\u00e1ndez, <a href=\"http:\/\/www.unla.edu.ar\/\">Universidad Nacional de Lan\u00fas<\/a>, 29 de setiembre 3901, Remedios de Escalada, Lan\u00fas, Argentina. 04.07.-04.08.<\/li>\n<li>Sonia Etchart, &#8220;Paisaje&#8221;, pinturas. <a href=\"http:\/\/www.rubbers.com.ar\/\">Galer\u00eda Rubbers Internacional<\/a>, Av. Alvear 1595, Buenos Aires. Desde 04.07.<\/li>\n<li>&#8220;150 A\u00f1os del Arte de los Argentinos &#8211; nuestra colecci\u00f3n&#8221;. Zurbar\u00e1n, Cerrito 1522, Buenos Aires. Desde 05.07.<\/li>\n<li>Emiliano Miliyo, &#8220;Ausencia Visible&#8221;, instalaci\u00f3n. En el marco del 18\u00aa Aniversario del atentado a la AMIA. Curador: Elio Kapszuk. Sindicatura General de la Naci\u00f3n (SIGEN), Espacio Multiarte, Av. Corrientes 381, Buenos Aires. Entrada libre y gratuita.  Inauguraci\u00f3n: 10.07., 12 hs.<\/li>\n<li>&#8220;Dibujando la Memoria&#8221;, realizada por alumnos del IUNA. En el marco del 18\u00aa Aniversario del atentado a la AMIA. Espacio de Arte AMIA, Pasteur 633, Buenos Aires. Lun-Jue 10-18, Vie 10-16 hs. Entrada libre y gratuita (presentar identificaci\u00f3n para ingresar). Inauguraci\u00f3n: 10.07., 19 hs. Hasta 31.07.<\/li>\n<li>&#8220;Mediomundo&#8221;, proyecto de <a href=\"http:\/\/www.mapaliquido.com.ar\/sitio\/index.php\">Mapa L\u00edquido<\/a>. Obras de Fernando Brizuela, Fabiana Barreda, Julieta Escard\u00f3, Daniela Fiorentino, Gilda Picabea, Daniel Callori, Camilo Guinot, Jorge Opazo, Juan Giribaldi, Nazarena Pereyra, Maria Ligthowler, Lisa Gim\u00e9nez, Maja Lascano, Guadalupe G\u00f3mez Pintus, Silvina D\u2019Alessandro, Pablo Lapadula, Marcela Rapallo y Brian Maltz. Curador: Lucas Mar\u00edn. <a href=\"http:\/\/www.panyarte.com.ar\/\">Pan y Arte<\/a>, Av. Boedo 880, Buenos Aires. Visitas: todos los d\u00edas a toda hora. Inauguraci\u00f3n: 10.07., 19 hs. Hasta 09.09.<\/li>\n<li>Zulema Maza, &#8220;Tomasa, entre dos fronteras&#8221;, fotos. Planta Baja. \/ Claudia Melo y Miguel \u00c1ngel Nigro, &#8220;El juego del amor y el azar&#8221;. 1\u00ba piso. \/ Mariela Constant, &#8220;Rituales&#8221;, fotos y objetos. 1\u00ba piso. \/ &#8220;Caja abierta&#8221;, obras realizadas en torno a la <a href=\"http:\/\/es.wikipedia.org\/wiki\/Gato_de_Schr%C3%B6dinger\">paradoja de Schr\u00f6dinger<\/a>, de Diego Atucha, Dolores Martin, Emiliano Quintana, Jazm\u00edn Giordano, Juana \u00c1lvarez, Juli\u00e1n Le\u00f3n Camargo, Laura Ojeda B\u00e4r, Mauro Libo, Luc\u00eda Foresti, Luis Rodr\u00edguez, Marcos Mangani, Sandra Tamborini, Sergio Lamanna, Tali Elbert y Yanine Gribnicow. Coordinaci\u00f3n: Augusto Zanela. 2\u00ba piso. \/ Germ\u00e1n Ito, &#8220;rotura Ruptura&#8221;, instalaci\u00f3n sonora interactiva. Curador: Jorge Zuzulich. Sala de Video. <a href=\"http:\/\/www.galeriaartexarte.com\/\">Galer\u00eda Arte x Arte<\/a>, Lavalleja 1062, Buenos Aires. Mar-Vie 13.30-20, S\u00e1b 11.30-15 hs. Dom, Lun y feriados cerrado. Inauguraci\u00f3n: 11.07., 19 hs. Hasta 15.08.<\/li>\n<li>Jens J. Meyer, &#8220;transartlantico&#8221;, una experiencia de viaje en velero de Hamburgo a Buenos Aires. Instalaci\u00f3n de telas con proyecci\u00f3n de videos y sonidos. Museo de Arte Espa\u00f1ol Enrique Larreta, Av. Juramento 2291, Buenos Aires. Lun-Vie 13-19, S\u00e1b, Dom y feriados 10-20 hs. Entrada: $1, Jue gratis. Inauguraci\u00f3n: 11.07., 18 hs. Repite 12 y 13 de julio de 18 a 20 hs.<\/li>\n<li>Juan Batalla, &#8220;Cuerpo de Obra&#8221;, ensamblajes de caucho sobre madera, fotograf\u00edas, un traje-objeto y una obra de videoarte. <a href=\"http:\/\/www.museocaraffa.org.ar\/\">Museo Emilio Caraffa<\/a>, Sala 5, Av. Poeta Lugones 411, Ciudad de C\u00f3rdoba, Argentina. Tel. (54-351) 434-3348\/49. Inauguraci\u00f3n: 12.07. Hasta 13.09.<\/li>\n<\/ul>\n","protected":false},"excerpt":{"rendered":"<p>Klicken Sie hier, um die deutsche Version zu lesen. Agenda de Muestras 07\/07\/2012-14\/07\/2012 Por Susanne Franz Voces, Sikus, charango, percusi\u00f3n, bajo y muchos instrumentos m\u00e1s, combinados con la participaci\u00f3n y el humor, son los materiales que componen los espect\u00e1culos de &#8220;Cielo Arriba&#8221;, conjunto de m\u00fasica para ni\u00f1os que basa su repertorio en canciones y ritmos [&hellip;]<\/p>\n","protected":false},"author":1,"featured_media":0,"comment_status":"open","ping_status":"open","sticky":false,"template":"","format":"standard","meta":{"footnotes":""},"categories":[18],"tags":[],"class_list":["post-11751","post","type-post","status-publish","format-standard","hentry","category-agenda"],"_links":{"self":[{"href":"https:\/\/kunstinargentinien.com\/index.php\/wp-json\/wp\/v2\/posts\/11751","targetHints":{"allow":["GET"]}}],"collection":[{"href":"https:\/\/kunstinargentinien.com\/index.php\/wp-json\/wp\/v2\/posts"}],"about":[{"href":"https:\/\/kunstinargentinien.com\/index.php\/wp-json\/wp\/v2\/types\/post"}],"author":[{"embeddable":true,"href":"https:\/\/kunstinargentinien.com\/index.php\/wp-json\/wp\/v2\/users\/1"}],"replies":[{"embeddable":true,"href":"https:\/\/kunstinargentinien.com\/index.php\/wp-json\/wp\/v2\/comments?post=11751"}],"version-history":[{"count":27,"href":"https:\/\/kunstinargentinien.com\/index.php\/wp-json\/wp\/v2\/posts\/11751\/revisions"}],"predecessor-version":[{"id":11861,"href":"https:\/\/kunstinargentinien.com\/index.php\/wp-json\/wp\/v2\/posts\/11751\/revisions\/11861"}],"wp:attachment":[{"href":"https:\/\/kunstinargentinien.com\/index.php\/wp-json\/wp\/v2\/media?parent=11751"}],"wp:term":[{"taxonomy":"category","embeddable":true,"href":"https:\/\/kunstinargentinien.com\/index.php\/wp-json\/wp\/v2\/categories?post=11751"},{"taxonomy":"post_tag","embeddable":true,"href":"https:\/\/kunstinargentinien.com\/index.php\/wp-json\/wp\/v2\/tags?post=11751"}],"curies":[{"name":"wp","href":"https:\/\/api.w.org\/{rel}","templated":true}]}}