{"id":11895,"date":"2012-07-19T11:24:51","date_gmt":"2012-07-19T14:24:51","guid":{"rendered":"http:\/\/kunstinargentinien.com\/?p=11895"},"modified":"2012-07-21T14:17:42","modified_gmt":"2012-07-21T17:17:42","slug":"da-stimmt-die-chemie","status":"publish","type":"post","link":"https:\/\/kunstinargentinien.com\/index.php\/2012\/07\/19\/da-stimmt-die-chemie\/","title":{"rendered":"Da stimmt die Chemie"},"content":{"rendered":"<p><strong>Exzellente Ausstellung mit Gem\u00e4lden von Felipe Pino<\/p>\n<p><em>Von Susanne Franz<\/em><\/strong><\/p>\n<p><a href=\"http:\/\/kunstinargentinien.com\/wp-content\/uploads\/2012\/07\/pino21.jpg\"><img loading=\"lazy\" decoding=\"async\" src=\"http:\/\/kunstinargentinien.com\/wp-content\/uploads\/2012\/07\/pino21.jpg\" alt=\"\" title=\"pino21\" width=\"500\" height=\"706\" class=\"aligncenter size-full wp-image-11897\" srcset=\"https:\/\/kunstinargentinien.com\/wp-content\/uploads\/2012\/07\/pino21.jpg 500w, https:\/\/kunstinargentinien.com\/wp-content\/uploads\/2012\/07\/pino21-212x300.jpg 212w\" sizes=\"auto, (max-width: 500px) 100vw, 500px\" \/><\/a><br \/>\nBei dem Maler Felipe Pino stimme die Chemie, er sei &#8220;un pintor qu\u00edmicamente puro&#8221;, sagte sein K\u00fcnstlerkollege V\u00edctor Grippo einst \u00fcber ihn, und so hei\u00dft auch die erste umfassende Retrospektive, die dem 1945 geborenen argentinischen K\u00fcnstler gewidmet ist. Mehr als hundert seiner farbenfrohen Gem\u00e4lde voller hintergr\u00fcndigem Humor aus den Jahren 1970 bis 2011 haben der Kurator der Ausstellung, der ber\u00fchmte Maler und Zeichner Eduardo Stup\u00eda, und die Chefin des &#8220;Espacio de Arte&#8221; der Stiftung Osde, Mar\u00eda Teresa Constantin, zusammengestellt, und eine sehenswerte Schau mit au\u00dferordentlicher Wirkung geschaffen. Man kann sie noch bis einschlie\u00dflich Samstag, den 21. Juli, von 12-20 Uhr besuchen.<\/p>\n<p>Die Abbildung des Gem\u00e4ldes &#8220;Cuchillo cortacabeza&#8221; aus dem Jahr 1996 (180 x 130 cm) stammt aus dem wie immer qualitativ hochwertigen Katalog.<\/p>\n<ul>\n<li>Felipe Pino, &#8220;Qu\u00edmicamente puro&#8221;, Werke 1970-2011. Fundaci\u00f3n Osde Espacio de Arte, Suipacha 658, 1. Stock, Buenos Aires. Mo-Sa 12-20 Uhr. Bis 21.7.<\/li>\n<\/ul>\n","protected":false},"excerpt":{"rendered":"<p>Exzellente Ausstellung mit Gem\u00e4lden von Felipe Pino Von Susanne Franz Bei dem Maler Felipe Pino stimme die Chemie, er sei &#8220;un pintor qu\u00edmicamente puro&#8221;, sagte sein K\u00fcnstlerkollege V\u00edctor Grippo einst \u00fcber ihn, und so hei\u00dft auch die erste umfassende Retrospektive, die dem 1945 geborenen argentinischen K\u00fcnstler gewidmet ist. Mehr als hundert seiner farbenfrohen Gem\u00e4lde voller [&hellip;]<\/p>\n","protected":false},"author":1,"featured_media":0,"comment_status":"open","ping_status":"open","sticky":false,"template":"","format":"standard","meta":{"footnotes":""},"categories":[4],"tags":[],"class_list":["post-11895","post","type-post","status-publish","format-standard","hentry","category-tipp-der-woche-recomendacion-de-la-semana"],"_links":{"self":[{"href":"https:\/\/kunstinargentinien.com\/index.php\/wp-json\/wp\/v2\/posts\/11895","targetHints":{"allow":["GET"]}}],"collection":[{"href":"https:\/\/kunstinargentinien.com\/index.php\/wp-json\/wp\/v2\/posts"}],"about":[{"href":"https:\/\/kunstinargentinien.com\/index.php\/wp-json\/wp\/v2\/types\/post"}],"author":[{"embeddable":true,"href":"https:\/\/kunstinargentinien.com\/index.php\/wp-json\/wp\/v2\/users\/1"}],"replies":[{"embeddable":true,"href":"https:\/\/kunstinargentinien.com\/index.php\/wp-json\/wp\/v2\/comments?post=11895"}],"version-history":[{"count":6,"href":"https:\/\/kunstinargentinien.com\/index.php\/wp-json\/wp\/v2\/posts\/11895\/revisions"}],"predecessor-version":[{"id":11911,"href":"https:\/\/kunstinargentinien.com\/index.php\/wp-json\/wp\/v2\/posts\/11895\/revisions\/11911"}],"wp:attachment":[{"href":"https:\/\/kunstinargentinien.com\/index.php\/wp-json\/wp\/v2\/media?parent=11895"}],"wp:term":[{"taxonomy":"category","embeddable":true,"href":"https:\/\/kunstinargentinien.com\/index.php\/wp-json\/wp\/v2\/categories?post=11895"},{"taxonomy":"post_tag","embeddable":true,"href":"https:\/\/kunstinargentinien.com\/index.php\/wp-json\/wp\/v2\/tags?post=11895"}],"curies":[{"name":"wp","href":"https:\/\/api.w.org\/{rel}","templated":true}]}}