{"id":11901,"date":"2012-07-19T13:33:48","date_gmt":"2012-07-19T16:33:48","guid":{"rendered":"http:\/\/kunstinargentinien.com\/?p=11901"},"modified":"2012-07-21T13:35:48","modified_gmt":"2012-07-21T16:35:48","slug":"band-mit-besonderer-energie","status":"publish","type":"post","link":"https:\/\/kunstinargentinien.com\/index.php\/2012\/07\/19\/band-mit-besonderer-energie\/","title":{"rendered":"Band mit besonderer Energie"},"content":{"rendered":"<p><strong>Schweizer Jazz-Quartett No Square auf Argentinien-Tournee<\/p>\n<p><em>Von Susanne Franz<\/em><\/strong><\/p>\n<p><a href=\"http:\/\/kunstinargentinien.com\/wp-content\/uploads\/2012\/07\/nosquare2.jpg\"><img loading=\"lazy\" decoding=\"async\" src=\"http:\/\/kunstinargentinien.com\/wp-content\/uploads\/2012\/07\/nosquare2.jpg\" alt=\"\" title=\"nosquare2\" width=\"500\" height=\"334\" class=\"aligncenter size-full wp-image-11902\" srcset=\"https:\/\/kunstinargentinien.com\/wp-content\/uploads\/2012\/07\/nosquare2.jpg 500w, https:\/\/kunstinargentinien.com\/wp-content\/uploads\/2012\/07\/nosquare2-300x200.jpg 300w\" sizes=\"auto, (max-width: 500px) 100vw, 500px\" \/><\/a><br \/>\nEs ist bereits die f\u00fcnfte Konzertreise des Schweizer Jazz-Quartetts No Square nach Argentinien, das Land, dem die Musiker die Komposition &#8220;Tucum\u00e1n&#8221; gewidmet haben. Die Band stellt bis zum 5. August im Rahmen mehrerer Gigs ihre neue CD &#8220;Les Lois de L\u00b4Eph\u00e9m\u00e8re&#8221; vor. Zum Beginn ihrer Tournee treten No Square heute und morgen im Jazz-Club Notorious in Buenos Aires auf. Es folgen Konzerte auf dem Jazz-Festival Claypole (&#8220;La Casa&#8221;, Claypole, 21.7.), in Banfield (Teatro Ensamble, 22.7.), dem Auditorium des Au\u00dfenministeriums in Buenos Aires (23.7.), im Rahmen des Zyklus &#8220;Jazz Impressions&#8221; in Mar\u00eda Bonita, Adrogu\u00e9 (24.7.), bei &#8220;Jazz &#038; Pop&#8221; in der Bundeshauptstadt (25.7.), im gro\u00dfen Saal des &#8220;Museo de Bellas Artes&#8221; in Rosario (29.7.), im Rahmen des Zyklus &#8220;Jazzolog\u00eda&#8221; im Centro Cultural San Mart\u00edn, Buenos Aires (31.7.), im &#8220;Un lugar en Ort\u00fazar&#8221;, Buenos Aires (4.8.) und in Esteban Echeverr\u00eda (5.8.).<\/p>\n<p>No Square &#8211; Andr\u00e9 Hahne (Bass), Matthieu Dumarque (Saxophon), Yannick Opliger (Schlagzeug) und Matthieu Roff\u00e9 (Klavier) &#8211; stammt aus Lausanne, wurde im Jahr 1994 gegr\u00fcndet und hat bisher acht CDs ver\u00f6ffentlicht. Die Band hat auf vielen Jazzfestivals gespielt, darunter dem von Havanna (auf Einladung von Chucho Valdez), und ist durch die Schweiz, Deutschland, Frankreich, Polen, Chile, Uruguay und Argentinien getourt. Als Vorgruppe spielte No Square f\u00fcr K\u00fcnstler wie Bill Carrothers, Reneaud Garc\u00eda-Fons, Joe Lovano, Erik Trufaz, William Parker und Stacy Kent. Neben anderen Projekten spielte die Gruppe den Soundtrack f\u00fcr den Film &#8220;La voix humaine&#8221; (Libretto: Jean Cocteau) ein. Die Konzerttournee wird vom franz\u00f6sischen Kulturinstitut &#8220;Alianza Francesa&#8221; unterst\u00fctzt.<\/p>\n<p>Weitere Infos auf der <a href=\"http:\/\/www.no-square.com\/\">Webseite der Band<\/a> und auf <a href=\"http:\/\/www.facebook.com\/prensa.steps\">Facebook<\/a>.<\/p>\n","protected":false},"excerpt":{"rendered":"<p>Schweizer Jazz-Quartett No Square auf Argentinien-Tournee Von Susanne Franz Es ist bereits die f\u00fcnfte Konzertreise des Schweizer Jazz-Quartetts No Square nach Argentinien, das Land, dem die Musiker die Komposition &#8220;Tucum\u00e1n&#8221; gewidmet haben. Die Band stellt bis zum 5. August im Rahmen mehrerer Gigs ihre neue CD &#8220;Les Lois de L\u00b4Eph\u00e9m\u00e8re&#8221; vor. Zum Beginn ihrer Tournee [&hellip;]<\/p>\n","protected":false},"author":1,"featured_media":0,"comment_status":"open","ping_status":"open","sticky":false,"template":"","format":"standard","meta":{"footnotes":""},"categories":[19,4],"tags":[],"class_list":["post-11901","post","type-post","status-publish","format-standard","hentry","category-musik-musica","category-tipp-der-woche-recomendacion-de-la-semana"],"_links":{"self":[{"href":"https:\/\/kunstinargentinien.com\/index.php\/wp-json\/wp\/v2\/posts\/11901","targetHints":{"allow":["GET"]}}],"collection":[{"href":"https:\/\/kunstinargentinien.com\/index.php\/wp-json\/wp\/v2\/posts"}],"about":[{"href":"https:\/\/kunstinargentinien.com\/index.php\/wp-json\/wp\/v2\/types\/post"}],"author":[{"embeddable":true,"href":"https:\/\/kunstinargentinien.com\/index.php\/wp-json\/wp\/v2\/users\/1"}],"replies":[{"embeddable":true,"href":"https:\/\/kunstinargentinien.com\/index.php\/wp-json\/wp\/v2\/comments?post=11901"}],"version-history":[{"count":2,"href":"https:\/\/kunstinargentinien.com\/index.php\/wp-json\/wp\/v2\/posts\/11901\/revisions"}],"predecessor-version":[{"id":11904,"href":"https:\/\/kunstinargentinien.com\/index.php\/wp-json\/wp\/v2\/posts\/11901\/revisions\/11904"}],"wp:attachment":[{"href":"https:\/\/kunstinargentinien.com\/index.php\/wp-json\/wp\/v2\/media?parent=11901"}],"wp:term":[{"taxonomy":"category","embeddable":true,"href":"https:\/\/kunstinargentinien.com\/index.php\/wp-json\/wp\/v2\/categories?post=11901"},{"taxonomy":"post_tag","embeddable":true,"href":"https:\/\/kunstinargentinien.com\/index.php\/wp-json\/wp\/v2\/tags?post=11901"}],"curies":[{"name":"wp","href":"https:\/\/api.w.org\/{rel}","templated":true}]}}