{"id":1198,"date":"2007-09-22T10:58:31","date_gmt":"2007-09-22T13:58:31","guid":{"rendered":"http:\/\/kunstinargentinien.com\/index.php\/2007\/09\/22\/deutsche-fotografie-im-mnad\/"},"modified":"2007-09-23T13:11:00","modified_gmt":"2007-09-23T16:11:00","slug":"deutsche-fotografie-im-mnad","status":"publish","type":"post","link":"https:\/\/kunstinargentinien.com\/index.php\/2007\/09\/22\/deutsche-fotografie-im-mnad\/","title":{"rendered":"Deutsche Fotografie im MNAD"},"content":{"rendered":"<p><strong>Subjektive Fotografie &#8211; Der deutsche Beitrag 1946-1963<\/strong><\/p>\n<div align=center><img decoding=\"async\" id=\"image1197\" alt=Fotalem.jpg src=\"http:\/\/kunstinargentinien.com\/wp-content\/uploads\/2007\/09\/Fotalem.jpg\" \/><\/div>\n<p>Bis zum 14. Oktober pr\u00e4sentiert das Goethe-Institut Buenos Aires im Museo Nacional de Arte Decorativo (MNAD) die Ausstellung \u201cSubjektive Fotografie &#8211; Der deutsche Beitrag 1946-1963\u201d des ifa (Institut f\u00fcr Auslandsbeziehungen). Eine \u2019subjektive fotografie\u2019 (kleingeschrieben und in bauhaustypografie gesetzt) ist eine Formel, die Otto Steinert, einer der aktivsten deutschen Fotografen nach dem Zweiten Weltkrieg benutzte. Er pr\u00e4gte den Begriff f\u00fcr die Sammlung fortschrittlicher, formbewusster Schwarz-Wei\u00df-Fotografie seiner Zeit. Steinerts Ausstellungen \u2019subjektive fotografie\u2019 der f\u00fcnfziger Jahre waren international. Da der deutsche Beitrag aber initial war und ein Kernst\u00fcck darstellte, wird er in dieser Ausstellung gesondert vorgestellt.<\/p>\n<p>Im MNAD, Av. del Libertador 1902, dienstags bis sonntags von 14-19 Uhr, montags geschlossen. Eintritt frei. <a href=\"http:\/\/www.goethe.de\/ins\/ar\/bue\/esindex.htm\">Infos auf der Webseite des Goethe-Instituts.<\/a><\/p>\n","protected":false},"excerpt":{"rendered":"<p>Subjektive Fotografie &#8211; Der deutsche Beitrag 1946-1963 Bis zum 14. Oktober pr\u00e4sentiert das Goethe-Institut Buenos Aires im Museo Nacional de Arte Decorativo (MNAD) die Ausstellung \u201cSubjektive Fotografie &#8211; Der deutsche Beitrag 1946-1963\u201d des ifa (Institut f\u00fcr Auslandsbeziehungen). Eine \u2019subjektive fotografie\u2019 (kleingeschrieben und in bauhaustypografie gesetzt) ist eine Formel, die Otto Steinert, einer der aktivsten deutschen [&hellip;]<\/p>\n","protected":false},"author":1,"featured_media":0,"comment_status":"open","ping_status":"open","sticky":false,"template":"","format":"standard","meta":{"footnotes":""},"categories":[4],"tags":[],"class_list":["post-1198","post","type-post","status-publish","format-standard","hentry","category-tipp-der-woche-recomendacion-de-la-semana"],"_links":{"self":[{"href":"https:\/\/kunstinargentinien.com\/index.php\/wp-json\/wp\/v2\/posts\/1198","targetHints":{"allow":["GET"]}}],"collection":[{"href":"https:\/\/kunstinargentinien.com\/index.php\/wp-json\/wp\/v2\/posts"}],"about":[{"href":"https:\/\/kunstinargentinien.com\/index.php\/wp-json\/wp\/v2\/types\/post"}],"author":[{"embeddable":true,"href":"https:\/\/kunstinargentinien.com\/index.php\/wp-json\/wp\/v2\/users\/1"}],"replies":[{"embeddable":true,"href":"https:\/\/kunstinargentinien.com\/index.php\/wp-json\/wp\/v2\/comments?post=1198"}],"version-history":[{"count":0,"href":"https:\/\/kunstinargentinien.com\/index.php\/wp-json\/wp\/v2\/posts\/1198\/revisions"}],"wp:attachment":[{"href":"https:\/\/kunstinargentinien.com\/index.php\/wp-json\/wp\/v2\/media?parent=1198"}],"wp:term":[{"taxonomy":"category","embeddable":true,"href":"https:\/\/kunstinargentinien.com\/index.php\/wp-json\/wp\/v2\/categories?post=1198"},{"taxonomy":"post_tag","embeddable":true,"href":"https:\/\/kunstinargentinien.com\/index.php\/wp-json\/wp\/v2\/tags?post=1198"}],"curies":[{"name":"wp","href":"https:\/\/api.w.org\/{rel}","templated":true}]}}