{"id":12049,"date":"2012-07-30T21:28:17","date_gmt":"2012-07-31T00:28:17","guid":{"rendered":"http:\/\/kunstinargentinien.com\/?p=12049"},"modified":"2012-07-30T21:42:10","modified_gmt":"2012-07-31T00:42:10","slug":"die-energie-der-kartoffel","status":"publish","type":"post","link":"https:\/\/kunstinargentinien.com\/index.php\/2012\/07\/30\/die-energie-der-kartoffel\/","title":{"rendered":"Die Energie der Kartoffel"},"content":{"rendered":"<p><strong>Hommage-Ausstellung f\u00fcr V\u00edctor Grippo im Malba<\/p>\n<p><em>Von Philip Norten<\/em><\/strong><\/p>\n<p><a href=\"http:\/\/kunstinargentinien.com\/wp-content\/uploads\/2012\/07\/grippo11.jpg\"><img loading=\"lazy\" decoding=\"async\" src=\"http:\/\/kunstinargentinien.com\/wp-content\/uploads\/2012\/07\/grippo11.jpg\" alt=\"\" title=\"grippo11\" width=\"250\" height=\"350\" class=\"alignleft size-full wp-image-12051\" srcset=\"https:\/\/kunstinargentinien.com\/wp-content\/uploads\/2012\/07\/grippo11.jpg 250w, https:\/\/kunstinargentinien.com\/wp-content\/uploads\/2012\/07\/grippo11-214x300.jpg 214w\" sizes=\"auto, (max-width: 250px) 100vw, 250px\" \/><\/a>Anl\u00e4sslich des zehnten Todestages von V\u00edctor Grippo (1936-2002) widmet das Museo de Arte Latinoamericano de Buenos Aires \u2013 Fundaci\u00f3n Costantini (Malba) dem K\u00fcnstler, der mit Teilnahmen an Gro\u00dfausstellungen wie der Documenta 11 zu den international bekanntesten argentinischen Vertretern seiner Zunft geh\u00f6rt, erneut eine Ausstellung.<\/p>\n<p>Grippo wurde 1936 in Jun\u00edn, in der Provinz Buenos Aires geboren und ging zum Studium der Pharmazie und Chemie nach La Plata, bevor er sich schlie\u00dflich f\u00fcr Kunst einschrieb. Der Wechsel von der Naturwissenschaft zur Kunst bedeutete f\u00fcr ihn dabei keinen radikalen Bruch, denn die sensible Kunst von Grippo versteht sich nicht als autistische Fortschreibung einer traditionellen Kunstgeschichte, sondern verbindet \u2013 auf damals neuartige Weise \u2013 Elemente aus Kunst, Technik und Natur.<\/p>\n<p>In das Universum seiner Kunst geben nun 20 Werke einen Einblick, die Marcelo E. Pacheco, Chefkurator des Malba, in einem Raum im Obergeschoss des Museums zusammengestellt hat. Im r\u00e4umlichen und inhaltlichen Zentrum der Ausstellung stehen dabei Grippos Installationen, in denen das Verh\u00e4ltnis von Natur und Elektrizit\u00e4t thematisiert wird. So zum Beispiel die Arbeit &#8220;Naturalizar al hombre, humanizar a la naturaleza&#8221; (1977): auf einem galeriewei\u00dfen l\u00e4nglichen Esstisch sind Hunderte Kartoffeln ausgebreitet. Mit Elektroden verbunden leiten sie Elektrizit\u00e4t weiter, die an einem angeschlossenen Voltmeter abgelesen werden kann.<\/p>\n<p>Die naturwissenschaftliche Erkl\u00e4rung ist denkbar einfach: Kartoffeln k\u00f6nnen kleine Mengen an Strom weiterleiten und k\u00f6nnen, wenn Elektroden angeschlossen werden, als rudiment\u00e4re Batterien funktionieren. Auch andere Obst- und Gem\u00fcsesorten haben diese Eigenschaft, doch Grippo w\u00e4hlte bewusst die Kartoffel, wodurch sich eine Vielzahl an Deutungsm\u00f6glichkeiten anbietet. Durch die Verbindung der Kartoffel \u2013 scheinbar primitives Nahrungsmittel \u2013 mit Apparaturen der Elektrizit\u00e4tsgewinnung schafft Grippo ein Bild f\u00fcr seinen Gesellschaftsentwurf: Parallele Prozesse in Natur und Technik werden sichtbar, die scheinbar entgegengesetzten Welten \u00fcberbr\u00fcckt und die moderne Technikgesellschaft so an ihre Urspr\u00fcnge r\u00fcckgekoppelt.<\/p>\n<p>Dass Grippo daf\u00fcr bewusst die amerikanische Frucht der Kartoffel ausgesucht hat und diese durch die gew\u00e4hlte Pr\u00e4sentationsform \u00e4sthetisiert und fast sakral erh\u00f6ht \u2013 der saubere wei\u00dfe Esstisch mit Decke erinnert durchaus an einen Altar &#8211; kann auch als politischer Hinweis verstanden werden. Auch eine Deutung als Beitrag zur Debatte \u00fcber neue Energieformen bietet sich an, die zeigt, wie aktuell das Werk noch heute ist.<\/p>\n<p>Grippo hat seine Ideen durchaus als politischen Vorschlag verstanden und sich als Agent eines sozialen Wandels gesehen. Parallelen zu anderen Kunstbewegungen der Zeit sind dabei unverkennbar. Der Einsatz von &#8216;einfachen&#8217; Materialien und sein anthropologisches Weltbild r\u00fccken ihn in die N\u00e4he zu K\u00fcnstlern der Arte Povera. Auch eine Parallele zu Joseph Beuys&#8217; &#8220;Capri-Batterie&#8221; (1985) ist mehr als rein formaler Natur: auch bei diesem Werk steht die Verbindung von Natur und Energie f\u00fcr ein alternatives Gesellschaftsbild.<\/p>\n<p>Dies mag ein Grund sein, warum Marcelo E. Pacheco Grippos Kunst im Katalog zur gro\u00dfen Ausstellung von 2004 auch als &#8220;conceptualismo caliente&#8221; beschrieben hat. Konzeptkunst, da er wie andere K\u00fcnstler der Zeit von den traditionellen Kunstformen Malerei und Bildhauerei abr\u00fcckte, aber sinnlichere Formen entwickelte und andere Ideen vertrat als die angels\u00e4chsischen Vertreter dieser Kunstrichtung.<\/p>\n<p>Die weiteren Werke der Schau best\u00e4tigen den Eindruck, den die zentrale Installation hinterlassen hat. &#8220;Vida, Muerte, Resurrecci\u00f3n&#8221; (1980) beispielsweise besteht aus vier Paaren geometrischer Bleik\u00f6rper, von denen die H\u00e4lfte mit Bohnen gef\u00fcllt wurde, wobei die keimenden Bohnen die gef\u00fcllten Metallk\u00f6rper langsam sprengten. Das Werk kann \u2013 gerade mit Ber\u00fccksichtigung seiner Entstehungszeit \u2013 als Allegorie auf die Kraft der Natur und Menschlichkeit gesehen werden, die die kalten technischen Formen \u2013 m\u00f6gliches Bild f\u00fcr die damalige Diktatur \u2013 \u00fcberwinden k\u00f6nnen. Oder auch &#8216;nur&#8217; als weiteres Beispiel f\u00fcr Grippos &#8220;conceptualismo caliente&#8221;.<\/p>\n<ul>\n<li>Bis zum 22.10. im <a href=\"http:\/\/www.malba.org.ar\/web\/home.php\">Malba<\/a>.<\/li>\n<li>Zur Ausstellung erscheint ein Katalog.<\/li>\n<li>Am 6. August findet die Konferenz &#8220;Huella y Memoria en la obra de V\u00edctor Grippo: muerte y vida del objeto&#8221; statt.<\/li>\n<\/ul>\n<p><strong>Foto:<\/strong><br \/>\nV\u00edctor Grippo, ca. 1971.<\/p>\n","protected":false},"excerpt":{"rendered":"<p>Hommage-Ausstellung f\u00fcr V\u00edctor Grippo im Malba Von Philip Norten Anl\u00e4sslich des zehnten Todestages von V\u00edctor Grippo (1936-2002) widmet das Museo de Arte Latinoamericano de Buenos Aires \u2013 Fundaci\u00f3n Costantini (Malba) dem K\u00fcnstler, der mit Teilnahmen an Gro\u00dfausstellungen wie der Documenta 11 zu den international bekanntesten argentinischen Vertretern seiner Zunft geh\u00f6rt, erneut eine Ausstellung. Grippo wurde [&hellip;]<\/p>\n","protected":false},"author":1,"featured_media":0,"comment_status":"open","ping_status":"open","sticky":false,"template":"","format":"standard","meta":{"footnotes":""},"categories":[4],"tags":[],"class_list":["post-12049","post","type-post","status-publish","format-standard","hentry","category-tipp-der-woche-recomendacion-de-la-semana"],"_links":{"self":[{"href":"https:\/\/kunstinargentinien.com\/index.php\/wp-json\/wp\/v2\/posts\/12049","targetHints":{"allow":["GET"]}}],"collection":[{"href":"https:\/\/kunstinargentinien.com\/index.php\/wp-json\/wp\/v2\/posts"}],"about":[{"href":"https:\/\/kunstinargentinien.com\/index.php\/wp-json\/wp\/v2\/types\/post"}],"author":[{"embeddable":true,"href":"https:\/\/kunstinargentinien.com\/index.php\/wp-json\/wp\/v2\/users\/1"}],"replies":[{"embeddable":true,"href":"https:\/\/kunstinargentinien.com\/index.php\/wp-json\/wp\/v2\/comments?post=12049"}],"version-history":[{"count":8,"href":"https:\/\/kunstinargentinien.com\/index.php\/wp-json\/wp\/v2\/posts\/12049\/revisions"}],"predecessor-version":[{"id":12058,"href":"https:\/\/kunstinargentinien.com\/index.php\/wp-json\/wp\/v2\/posts\/12049\/revisions\/12058"}],"wp:attachment":[{"href":"https:\/\/kunstinargentinien.com\/index.php\/wp-json\/wp\/v2\/media?parent=12049"}],"wp:term":[{"taxonomy":"category","embeddable":true,"href":"https:\/\/kunstinargentinien.com\/index.php\/wp-json\/wp\/v2\/categories?post=12049"},{"taxonomy":"post_tag","embeddable":true,"href":"https:\/\/kunstinargentinien.com\/index.php\/wp-json\/wp\/v2\/tags?post=12049"}],"curies":[{"name":"wp","href":"https:\/\/api.w.org\/{rel}","templated":true}]}}