{"id":12109,"date":"2012-08-11T13:50:57","date_gmt":"2012-08-11T16:50:57","guid":{"rendered":"http:\/\/kunstinargentinien.com\/?p=12109"},"modified":"2012-08-11T13:43:32","modified_gmt":"2012-08-11T16:43:32","slug":"blumenkind-2-0","status":"publish","type":"post","link":"https:\/\/kunstinargentinien.com\/index.php\/2012\/08\/11\/blumenkind-2-0\/","title":{"rendered":"Blumenkind 2.0"},"content":{"rendered":"<p><strong>Fabiana Barredas Ausstellung &#8220;Cuerpo sonoro&#8221; bringt etwas zum Klingen<\/p>\n<p><em>Von Susanne Franz<\/em><\/strong><\/p>\n<p><a href=\"http:\/\/kunstinargentinien.com\/wp-content\/uploads\/2012\/08\/diosa_cage.jpg\"><img loading=\"lazy\" decoding=\"async\" src=\"http:\/\/kunstinargentinien.com\/wp-content\/uploads\/2012\/08\/diosa_cage.jpg\" alt=\"\" title=\"diosa_cage\" width=\"500\" height=\"315\" class=\"aligncenter size-full wp-image-12110\" srcset=\"https:\/\/kunstinargentinien.com\/wp-content\/uploads\/2012\/08\/diosa_cage.jpg 500w, https:\/\/kunstinargentinien.com\/wp-content\/uploads\/2012\/08\/diosa_cage-300x189.jpg 300w\" sizes=\"auto, (max-width: 500px) 100vw, 500px\" \/><\/a><br \/>\nDer Resonanzk\u00f6rper eines Musikinstruments ist notwendig f\u00fcr die Verst\u00e4rkung eines Tones und ist durch seine Schwingungseigenschaften wesentlich f\u00fcr den individuellen Klang eines Instrumentes verantwortlich. In ihrer Ausstellung in der Galerie Holz spielt die K\u00fcnstlerin und Theoretikerin Fabiana Barreda mit dem Begriff &#8220;Klangk\u00f6rper&#8221;, indem sie vom menschlichen K\u00f6rper ausgeht und ihn mit musikalischen sowie pflanzlichen Attributen umgibt. Sie arbeitet dabei mit einem Model, das sie im Rahmen einer Performance in eine Art Blumenkind 2.0 verwandelt.<\/p>\n<p>Rote Gerbera stecken in ihrem Haar, ihren in Alufolie oder durchsichtiges Plastik geh\u00fcllten Oberk\u00f6rper umranken zarte Farne. Mal hat sie die Augen geschlossen, als w\u00fcrde sie lauschen, mal sind sie offen und schauen direkt in die Kamera &#8211; die Performance hat Barreda mit Fotografien dokumentiert. In ihren Ohren stecken Kopfh\u00f6rer, und sie hat kleine Verst\u00e4rker in der Hand. Mit Laub auf dem Haupt und vor der Brust sieht man sie Geige spielen, auf anderen Bildern sind Teile ihres K\u00f6rpers mit Tattoo-\u00e4hnlichen Pflanzenr\u00e4nkchen oder Worten verziert, die sie beispielsweise als &#8220;Diosa Cage&#8221; ausweisen (Bild). Auf einigen Fotos ist nur ihr Arm zu sehen, mit einem Geigenkasten oder Geige und Bogen, sowie Gr\u00fcnpflanzen und Blumen. In allen Bildern scheint Musik sie zu durchstr\u00f6men, fast kann man sie h\u00f6ren.<\/p>\n<p>Ein anderes Foto zeigt einen Mann, in dem ein elektronisches Herz zu schlagen scheint; auf einigen kleinen Bildern stehen Teetassen oder -kannen in einer Landschaft, sicher geh\u00f6ren sie der verr\u00fcckten Teegesellschaft aus &#8220;Alice im Wunderland&#8221;. Sch\u00f6n ist auch eine Projektion, die die Ann\u00e4herung eines Paares poetisch darstellt, untermalt von Kl\u00e4ngen von Satie.<\/p>\n<p>Die empfehlenswerte Ausstellung einer der kreativsten K\u00f6pfe der argentinischen Kunstszene ist noch bis zum 14. August ge\u00f6ffnet (Galerie Holz, Arroyo 862, Buenos Aires. Mo-Fr 10-20, Sa 10-14 Uhr).<\/p>\n","protected":false},"excerpt":{"rendered":"<p>Fabiana Barredas Ausstellung &#8220;Cuerpo sonoro&#8221; bringt etwas zum Klingen Von Susanne Franz Der Resonanzk\u00f6rper eines Musikinstruments ist notwendig f\u00fcr die Verst\u00e4rkung eines Tones und ist durch seine Schwingungseigenschaften wesentlich f\u00fcr den individuellen Klang eines Instrumentes verantwortlich. In ihrer Ausstellung in der Galerie Holz spielt die K\u00fcnstlerin und Theoretikerin Fabiana Barreda mit dem Begriff &#8220;Klangk\u00f6rper&#8221;, indem [&hellip;]<\/p>\n","protected":false},"author":1,"featured_media":0,"comment_status":"open","ping_status":"open","sticky":false,"template":"","format":"standard","meta":{"footnotes":""},"categories":[4],"tags":[],"class_list":["post-12109","post","type-post","status-publish","format-standard","hentry","category-tipp-der-woche-recomendacion-de-la-semana"],"_links":{"self":[{"href":"https:\/\/kunstinargentinien.com\/index.php\/wp-json\/wp\/v2\/posts\/12109","targetHints":{"allow":["GET"]}}],"collection":[{"href":"https:\/\/kunstinargentinien.com\/index.php\/wp-json\/wp\/v2\/posts"}],"about":[{"href":"https:\/\/kunstinargentinien.com\/index.php\/wp-json\/wp\/v2\/types\/post"}],"author":[{"embeddable":true,"href":"https:\/\/kunstinargentinien.com\/index.php\/wp-json\/wp\/v2\/users\/1"}],"replies":[{"embeddable":true,"href":"https:\/\/kunstinargentinien.com\/index.php\/wp-json\/wp\/v2\/comments?post=12109"}],"version-history":[{"count":3,"href":"https:\/\/kunstinargentinien.com\/index.php\/wp-json\/wp\/v2\/posts\/12109\/revisions"}],"predecessor-version":[{"id":12112,"href":"https:\/\/kunstinargentinien.com\/index.php\/wp-json\/wp\/v2\/posts\/12109\/revisions\/12112"}],"wp:attachment":[{"href":"https:\/\/kunstinargentinien.com\/index.php\/wp-json\/wp\/v2\/media?parent=12109"}],"wp:term":[{"taxonomy":"category","embeddable":true,"href":"https:\/\/kunstinargentinien.com\/index.php\/wp-json\/wp\/v2\/categories?post=12109"},{"taxonomy":"post_tag","embeddable":true,"href":"https:\/\/kunstinargentinien.com\/index.php\/wp-json\/wp\/v2\/tags?post=12109"}],"curies":[{"name":"wp","href":"https:\/\/api.w.org\/{rel}","templated":true}]}}