{"id":12160,"date":"2012-08-13T13:30:15","date_gmt":"2012-08-13T16:30:15","guid":{"rendered":"http:\/\/kunstinargentinien.com\/?p=12160"},"modified":"2012-08-12T13:30:35","modified_gmt":"2012-08-12T16:30:35","slug":"un-referente-de-la-cultura-y-el-arte","status":"publish","type":"post","link":"https:\/\/kunstinargentinien.com\/index.php\/2012\/08\/13\/un-referente-de-la-cultura-y-el-arte\/","title":{"rendered":"&#8220;Un referente de la cultura y el arte&#8221;"},"content":{"rendered":"<p><strong>Hilton Buenos Aires recibe a Marta Minuj\u00edn<\/strong><\/p>\n<p><a href=\"http:\/\/kunstinargentinien.com\/wp-content\/uploads\/2012\/08\/minujin11.jpg\"><img loading=\"lazy\" decoding=\"async\" src=\"http:\/\/kunstinargentinien.com\/wp-content\/uploads\/2012\/08\/minujin11.jpg\" alt=\"\" title=\"minujin11\" width=\"250\" height=\"377\" class=\"alignright size-full wp-image-12162\" srcset=\"https:\/\/kunstinargentinien.com\/wp-content\/uploads\/2012\/08\/minujin11.jpg 250w, https:\/\/kunstinargentinien.com\/wp-content\/uploads\/2012\/08\/minujin11-198x300.jpg 198w\" sizes=\"auto, (max-width: 250px) 100vw, 250px\" \/><\/a><a href=\"http:\/\/www.hiltonbuenosaireshotel.com\/\">Hilton Buenos Aires<\/a> recibe la exhibici\u00f3n de la prestigiosa artista Marta Minuj\u00edn, considerada una de las pioneras en la incursi\u00f3n de la acci\u00f3n en las artes pl\u00e1sticas. La muestra tiene lugar en el emblem\u00e1tico lobby del Hotel. Parte de lo recaudado ser\u00e1 donado a la Fundaci\u00f3n Ninawa Daher que brinda asistencia, a trav\u00e9s de becas, a chicos de bajos recursos y con capacidades especiales.<\/p>\n<p>La exposici\u00f3n est\u00e1 compuesta por 12 obras de 120 x 240 cm. Se puede apreciar la serie titulada &#8220;Freaking on Fluo&#8221;, y tambi\u00e9n la reconocida escultura en bronce &#8220;Venus Fragment\u00e1ndose&#8221;.<\/p>\n<p>&#8220;En los \u00faltimos a\u00f1os, Hilton Buenos Aires se ha convertido en un referente de la cultura y el arte en la Ciudad de Buenos Aires, recibiendo las obras de grandes artistas como Helmut Ditsch, Milo Lockett y Norberto Moncarz, entre otros&#8221;, destac\u00f3 Tilo Joos, Gerente General de Hilton Buenos Aires. &#8220;Estamos muy orgullosos de acompa\u00f1ar, en esta oportunidad, a Marta Minuj\u00edn, afianzando nuestro v\u00ednculo con el arte y la responsabilidad social&#8221;.<\/p>\n<p>Bajo su consideraci\u00f3n de que &#8220;todo es arte&#8221;, Minuj\u00edn se convirti\u00f3 en el paradigma de su generaci\u00f3n. Su arte se destac\u00f3 en Buenos Aires, Par\u00eds, Nueva York y en cualquier lugar del mundo donde expuso sus obras.<\/p>\n<p>La muestra permanecer\u00e1 abierta al p\u00fablico durante agosto y septiembre.<\/p>\n","protected":false},"excerpt":{"rendered":"<p>Hilton Buenos Aires recibe a Marta Minuj\u00edn Hilton Buenos Aires recibe la exhibici\u00f3n de la prestigiosa artista Marta Minuj\u00edn, considerada una de las pioneras en la incursi\u00f3n de la acci\u00f3n en las artes pl\u00e1sticas. La muestra tiene lugar en el emblem\u00e1tico lobby del Hotel. Parte de lo recaudado ser\u00e1 donado a la Fundaci\u00f3n Ninawa Daher [&hellip;]<\/p>\n","protected":false},"author":1,"featured_media":0,"comment_status":"open","ping_status":"open","sticky":false,"template":"","format":"standard","meta":{"footnotes":""},"categories":[4],"tags":[],"class_list":["post-12160","post","type-post","status-publish","format-standard","hentry","category-tipp-der-woche-recomendacion-de-la-semana"],"_links":{"self":[{"href":"https:\/\/kunstinargentinien.com\/index.php\/wp-json\/wp\/v2\/posts\/12160","targetHints":{"allow":["GET"]}}],"collection":[{"href":"https:\/\/kunstinargentinien.com\/index.php\/wp-json\/wp\/v2\/posts"}],"about":[{"href":"https:\/\/kunstinargentinien.com\/index.php\/wp-json\/wp\/v2\/types\/post"}],"author":[{"embeddable":true,"href":"https:\/\/kunstinargentinien.com\/index.php\/wp-json\/wp\/v2\/users\/1"}],"replies":[{"embeddable":true,"href":"https:\/\/kunstinargentinien.com\/index.php\/wp-json\/wp\/v2\/comments?post=12160"}],"version-history":[{"count":6,"href":"https:\/\/kunstinargentinien.com\/index.php\/wp-json\/wp\/v2\/posts\/12160\/revisions"}],"predecessor-version":[{"id":12167,"href":"https:\/\/kunstinargentinien.com\/index.php\/wp-json\/wp\/v2\/posts\/12160\/revisions\/12167"}],"wp:attachment":[{"href":"https:\/\/kunstinargentinien.com\/index.php\/wp-json\/wp\/v2\/media?parent=12160"}],"wp:term":[{"taxonomy":"category","embeddable":true,"href":"https:\/\/kunstinargentinien.com\/index.php\/wp-json\/wp\/v2\/categories?post=12160"},{"taxonomy":"post_tag","embeddable":true,"href":"https:\/\/kunstinargentinien.com\/index.php\/wp-json\/wp\/v2\/tags?post=12160"}],"curies":[{"name":"wp","href":"https:\/\/api.w.org\/{rel}","templated":true}]}}