{"id":12268,"date":"2012-08-12T09:13:55","date_gmt":"2012-08-12T12:13:55","guid":{"rendered":"http:\/\/kunstinargentinien.com\/?p=12268"},"modified":"2012-08-17T16:49:23","modified_gmt":"2012-08-17T19:49:23","slug":"baf-week-propuestas-3","status":"publish","type":"post","link":"https:\/\/kunstinargentinien.com\/index.php\/2012\/08\/12\/baf-week-propuestas-3\/","title":{"rendered":"BAF Week: Propuestas 3"},"content":{"rendered":"<p><strong>En la colecci\u00f3n de Marcelo Giacobbe los bordados est\u00e1n inspirados por estrellas de mar<\/strong><\/p>\n<p><a href=\"http:\/\/kunstinargentinien.com\/wp-content\/uploads\/2012\/08\/BAF_Giacobbe3.jpg\"><img loading=\"lazy\" decoding=\"async\" src=\"http:\/\/kunstinargentinien.com\/wp-content\/uploads\/2012\/08\/BAF_Giacobbe3.jpg\" alt=\"\" title=\"BAF_Giacobbe3\" width=\"500\" height=\"750\" class=\"aligncenter size-full wp-image-12269\" srcset=\"https:\/\/kunstinargentinien.com\/wp-content\/uploads\/2012\/08\/BAF_Giacobbe3.jpg 500w, https:\/\/kunstinargentinien.com\/wp-content\/uploads\/2012\/08\/BAF_Giacobbe3-200x300.jpg 200w\" sizes=\"auto, (max-width: 500px) 100vw, 500px\" \/><\/a><br \/>\n(Foto: BAF)<br \/>\n(Producci\u00f3n para &#8220;Kunst in Argentinien&#8221;: Paula Bonnet)<\/p>\n","protected":false},"excerpt":{"rendered":"<p>En la colecci\u00f3n de Marcelo Giacobbe los bordados est\u00e1n inspirados por estrellas de mar (Foto: BAF) (Producci\u00f3n para &#8220;Kunst in Argentinien&#8221;: Paula Bonnet)<\/p>\n","protected":false},"author":1,"featured_media":0,"comment_status":"open","ping_status":"open","sticky":false,"template":"","format":"standard","meta":{"footnotes":""},"categories":[13],"tags":[],"class_list":["post-12268","post","type-post","status-publish","format-standard","hentry","category-mode-moda"],"_links":{"self":[{"href":"https:\/\/kunstinargentinien.com\/index.php\/wp-json\/wp\/v2\/posts\/12268","targetHints":{"allow":["GET"]}}],"collection":[{"href":"https:\/\/kunstinargentinien.com\/index.php\/wp-json\/wp\/v2\/posts"}],"about":[{"href":"https:\/\/kunstinargentinien.com\/index.php\/wp-json\/wp\/v2\/types\/post"}],"author":[{"embeddable":true,"href":"https:\/\/kunstinargentinien.com\/index.php\/wp-json\/wp\/v2\/users\/1"}],"replies":[{"embeddable":true,"href":"https:\/\/kunstinargentinien.com\/index.php\/wp-json\/wp\/v2\/comments?post=12268"}],"version-history":[{"count":2,"href":"https:\/\/kunstinargentinien.com\/index.php\/wp-json\/wp\/v2\/posts\/12268\/revisions"}],"predecessor-version":[{"id":12297,"href":"https:\/\/kunstinargentinien.com\/index.php\/wp-json\/wp\/v2\/posts\/12268\/revisions\/12297"}],"wp:attachment":[{"href":"https:\/\/kunstinargentinien.com\/index.php\/wp-json\/wp\/v2\/media?parent=12268"}],"wp:term":[{"taxonomy":"category","embeddable":true,"href":"https:\/\/kunstinargentinien.com\/index.php\/wp-json\/wp\/v2\/categories?post=12268"},{"taxonomy":"post_tag","embeddable":true,"href":"https:\/\/kunstinargentinien.com\/index.php\/wp-json\/wp\/v2\/tags?post=12268"}],"curies":[{"name":"wp","href":"https:\/\/api.w.org\/{rel}","templated":true}]}}