{"id":12277,"date":"2012-08-12T09:19:35","date_gmt":"2012-08-12T12:19:35","guid":{"rendered":"http:\/\/kunstinargentinien.com\/?p=12277"},"modified":"2012-08-17T16:46:55","modified_gmt":"2012-08-17T19:46:55","slug":"baf-week-propuestas-6","status":"publish","type":"post","link":"https:\/\/kunstinargentinien.com\/index.php\/2012\/08\/12\/baf-week-propuestas-6\/","title":{"rendered":"BAF Week: Propuestas 6"},"content":{"rendered":"<p><strong>La marca uruguaya Lumina fue nuestra preferida del ante\u00faltimo d\u00eda de la BAF<\/strong><\/p>\n<p><a href=\"http:\/\/kunstinargentinien.com\/wp-content\/uploads\/2012\/08\/BAF_lumina1.jpg\"><img loading=\"lazy\" decoding=\"async\" src=\"http:\/\/kunstinargentinien.com\/wp-content\/uploads\/2012\/08\/BAF_lumina1.jpg\" alt=\"\" title=\"BAF_lumina1\" width=\"500\" height=\"750\" class=\"aligncenter size-full wp-image-12278\" srcset=\"https:\/\/kunstinargentinien.com\/wp-content\/uploads\/2012\/08\/BAF_lumina1.jpg 500w, https:\/\/kunstinargentinien.com\/wp-content\/uploads\/2012\/08\/BAF_lumina1-200x300.jpg 200w\" sizes=\"auto, (max-width: 500px) 100vw, 500px\" \/><\/a><br \/>\n(Foto: BAF)<br \/>\n(Producci\u00f3n para &#8220;Kunst in Argentinien&#8221;: Paula Bonnet)<\/p>\n","protected":false},"excerpt":{"rendered":"<p>La marca uruguaya Lumina fue nuestra preferida del ante\u00faltimo d\u00eda de la BAF (Foto: BAF) (Producci\u00f3n para &#8220;Kunst in Argentinien&#8221;: Paula Bonnet)<\/p>\n","protected":false},"author":1,"featured_media":0,"comment_status":"open","ping_status":"open","sticky":false,"template":"","format":"standard","meta":{"footnotes":""},"categories":[13],"tags":[],"class_list":["post-12277","post","type-post","status-publish","format-standard","hentry","category-mode-moda"],"_links":{"self":[{"href":"https:\/\/kunstinargentinien.com\/index.php\/wp-json\/wp\/v2\/posts\/12277","targetHints":{"allow":["GET"]}}],"collection":[{"href":"https:\/\/kunstinargentinien.com\/index.php\/wp-json\/wp\/v2\/posts"}],"about":[{"href":"https:\/\/kunstinargentinien.com\/index.php\/wp-json\/wp\/v2\/types\/post"}],"author":[{"embeddable":true,"href":"https:\/\/kunstinargentinien.com\/index.php\/wp-json\/wp\/v2\/users\/1"}],"replies":[{"embeddable":true,"href":"https:\/\/kunstinargentinien.com\/index.php\/wp-json\/wp\/v2\/comments?post=12277"}],"version-history":[{"count":3,"href":"https:\/\/kunstinargentinien.com\/index.php\/wp-json\/wp\/v2\/posts\/12277\/revisions"}],"predecessor-version":[{"id":12295,"href":"https:\/\/kunstinargentinien.com\/index.php\/wp-json\/wp\/v2\/posts\/12277\/revisions\/12295"}],"wp:attachment":[{"href":"https:\/\/kunstinargentinien.com\/index.php\/wp-json\/wp\/v2\/media?parent=12277"}],"wp:term":[{"taxonomy":"category","embeddable":true,"href":"https:\/\/kunstinargentinien.com\/index.php\/wp-json\/wp\/v2\/categories?post=12277"},{"taxonomy":"post_tag","embeddable":true,"href":"https:\/\/kunstinargentinien.com\/index.php\/wp-json\/wp\/v2\/tags?post=12277"}],"curies":[{"name":"wp","href":"https:\/\/api.w.org\/{rel}","templated":true}]}}