{"id":12369,"date":"2012-08-25T14:28:24","date_gmt":"2012-08-25T17:28:24","guid":{"rendered":"http:\/\/kunstinargentinien.com\/?p=12369"},"modified":"2012-08-31T21:16:33","modified_gmt":"2012-09-01T00:16:33","slug":"agenda-kalender-326","status":"publish","type":"post","link":"https:\/\/kunstinargentinien.com\/index.php\/2012\/08\/25\/agenda-kalender-326\/","title":{"rendered":"Agenda \/ Kalender"},"content":{"rendered":"<p><a href=\"http:\/\/kunstinargentinien.com\/index.php\/2012\/08\/25\/kalender-agenda-337\/\">Klicken Sie hier, um die deutsche Version zu lesen.<\/a><\/p>\n<p><strong>Agenda de Muestras 25\/08\/2012-01\/09\/2012<\/p>\n<p><em>Por Susanne Franz<\/em><\/strong><\/p>\n<p><a href=\"http:\/\/kunstinargentinien.com\/wp-content\/uploads\/2012\/08\/troilo11.jpg\"><img loading=\"lazy\" decoding=\"async\" src=\"http:\/\/kunstinargentinien.com\/wp-content\/uploads\/2012\/08\/troilo11.jpg\" alt=\"\" title=\"troilo11\" width=\"250\" height=\"166\" class=\"alignright size-full wp-image-12373\" \/><\/a>En el marco de <a href=\"http:\/\/www.tangobuenosaires.gob.ar\/festivalymundial12\/web\/es\/index.html\">Tango Buenos Aires Festival y Mundial 2012<\/a>, el MuHu &#8211; <a href=\"http:\/\/www.museos.buenosaires.gob.ar\/muhu\/agenda.html#troilo\">Museo del Humor<\/a> presenta desde el 16 de agosto (hasta el 30 de septiembre) la exposici\u00f3n &#8220;Troilo x S\u00e1bat&#8221;. El caricaturista Hermenegildo S\u00e1bat evoca en la muestra la figura del gran compositor y bandoneonista An\u00edbal Troilo. Tambi\u00e9n recuerda a algunos de sus colegas y amigos como Astor Piazzolla, Edmundo Rivero, Francisco Fiorentino y Homero Manzi.<\/p>\n<p>S\u00e1bat no s\u00f3lo est\u00e1 reconocido por su talento como dibujante, es tambi\u00e9n pintor, fot\u00f3grafo, m\u00fasico, poeta y periodista. Hace m\u00e1s de 25 a\u00f1os que sus comentarios period\u00edsticos en forma de caricatura se publican en el diario &#8220;Clar\u00ed\u00adn&#8221;. <a href=\"http:\/\/www.troilo.com.ar\/\">Troilo<\/a> fue una de las figuras m\u00e1s queridas del tango por sus contempor\u00e1neos, y la m\u00e1s respetada por las nuevas generaciones.<\/p>\n<p>Las muestras de la semana:<!--more--><\/p>\n<p><strong><em>Centros de exposiciones<\/em><\/strong><\/p>\n<ul>\n<li><a href=\"http:\/\/centroculturalrecoleta.org\/ccr-sp\/\">Centro Cultural Recoleta<\/a>, Jun\u00ed\u00adn 1930, Buenos Aires (Lun-Vie 14-21, S\u00e1b 10-21, Dom y feriados 12-21 hs. Entrada libre): Sara Facio, fotos. Curadores: Elio Kapszuk, Renato Rita. Sala Cronopios. En el marco del <a href=\"http:\/\/www.encuentrosabiertos.com.ar\/\">&#8220;Festival de la Luz&#8221; 2012<\/a>. 03.08.-26.08. \/ &#8220;El Sitio de Leningrado&#8221;, fotograf\u00edas de artistas rusos. Curadores: Evgeny Berezner, Irina Chmyreva y Natalia Tarasova. Sala C. En el marco del <a href=\"http:\/\/www.encuentrosabiertos.com.ar\/\">&#8220;Festival de la Luz&#8221; 2012<\/a>. 03.08.-26.08. \/ Alfredo De Stefano (M\u00e9xico), &#8220;Configurando el espacio&#8221;, fotos. Sala J. En el marco del <a href=\"http:\/\/www.encuentrosabiertos.com.ar\/\">&#8220;Festival de la Luz&#8221; 2012<\/a>. 03.08.-26.08. \/ Esteban Pastorino (Argentina), Jose Diniz (Brasil), &#8220;Encantamientos&#8221;, fotos. Sala J. En el marco del <a href=\"http:\/\/www.encuentrosabiertos.com.ar\/\">&#8220;Festival de la Luz&#8221; 2012<\/a>. 03.08.-26.08. \/ Arturo Aguiar, &#8220;Pasiones oscuras&#8221;, fotos. Sala 1. En el marco del <a href=\"http:\/\/www.encuentrosabiertos.com.ar\/\">&#8220;Festival de la Luz&#8221; 2012<\/a>. 03.08.-26.08. \/ Ann George (Estados Unidos), &#8220;The three chapters of illumination&#8221;, fotos. Sala 2. En el marco del <a href=\"http:\/\/www.encuentrosabiertos.com.ar\/\">&#8220;Festival de la Luz&#8221; 2012<\/a>. 03.08.-26.08. \/ Marcos L\u00f3pez, &#8220;Sangre, sudor y l\u00e1grimas&#8221;, fotos. Sala Prometeus. En el marco del <a href=\"http:\/\/www.encuentrosabiertos.com.ar\/\">&#8220;Festival de la Luz&#8221; 2012<\/a>. 03.08.-26.08. \/ Ataulfo P\u00e9rez Aznar, &#8220;Algunas fotos. 1979\u20132009&#8221;. Sala 6. En el marco del <a href=\"http:\/\/www.encuentrosabiertos.com.ar\/\">&#8220;Festival de la Luz&#8221; 2012<\/a>. 03.08.-26.08. \/ Christian Lutz (Suiza), &#8220;Protokoll&#8221;, fotos. Sala 10. En el marco del <a href=\"http:\/\/www.encuentrosabiertos.com.ar\/\">&#8220;Festival de la Luz&#8221; 2012<\/a>. 03.08.-26.08.<\/li>\n<li>Centro Cultural Borges, Viamonte\/San Mart\u00edn, Buenos Aires (Lun-S\u00e1b 10-21, Dom y feriados 12-21 hs. Entrada para Tinguely: $25, jubilados y estudiantes $20): Jean Tinguely (Suiza, 1925-1991), dibujos, esculturas, fotos y films. 26.07.-27.09.<\/li>\n<li><a href=\"http:\/\/www.malba.org.ar\/web\/\">Malba<\/a> (Museo de Arte Latinoamericano de Buenos Aires), Av. Figueroa Alcorta 3415, Buenos Aires (Jue-Lun y feriados 12-20 hs, Mi\u00e9 hasta 21 hs, Mar cerrado. Entrada 30 pesos, docentes, jubilados y estudiantes 15 pesos, menores de 5 a\u00f1os sin cargo. Mi\u00e9: Entrada 15 pesos, docentes, jubilados y estudiantes sin cargo): V\u00edctor Grippo, Muestra Homenaje. Sala 3 (1\u00ba piso). 26.07.-22.10. \/ &#8220;Contempor\u00e1neo 29&#8221;: Mat\u00edas Duville, &#8220;Safari&#8221;. Curador invitado: Santiago Garc\u00eda Navarro. Sala 1 (Planta Baja). 26.07.-29.10.<\/li>\n<li><a href=\"http:\/\/www.mnad.org\/\">Museo Nacional de Arte Decorativo<\/a>, Av. del Libertador 1902, Buenos Aires (Mar-Vie 14-19, S\u00e1b y Dom 12-19 hs. Entrada $30, jubilados y estudiantes $10, martes gratis): &#8220;Meraviglie dalle Marche. Seiscientos a\u00f1os de pintura italiana&#8221;. 07.07.-30.09.<\/li>\n<li><a href=\"http:\/\/www.proa.org\/esp\/\">Fundaci\u00f3n Proa<\/a>, Pedro de Mendoza 1929, La Boca, Buenos Aires (Mar-Dom 11-19 hs, Lun cerrado. Entrada $12, jubilados $8 y estudiantes $4; Mar gratis para estudiantes): &#8220;Pop, realismos y pol\u00edtica: 58 artistas de Brasil y la Argentina&#8221;. Curadores: Paulo Herkenhoff y Rodrigo Alonso. 14.07.-fines de septiembre. \/ &#8220;Aizenberg y Amigos&#8221;, obras de Roberto Aizenberg, acompa\u00f1ado por j\u00f3venes artistas que trabajan o tienen relaci\u00f3n con su obra, como Sergio Avello, Erica B\u00f6hm, Max G\u00f3mez Canle y Estanislao Florido. Curadora: Victoria Verlichak. Coordinador: Santiago Bengolea. &#8220;Espacio Contempor\u00e1neo&#8221;. Desde 14.07.<\/li>\n<li><a href=\"http:\/\/www.derhuman.jus.gov.ar\/conti\/default.htm\">Centro Cultural de la Memoria Haroldo Conti<\/a>, Av. Del Libertador 8151, Buenos Aires (Mar-Vie 12-21, S\u00e1b, Dom y feriados 11-21 hs. Lunes cerrado. Entrada gratuita): Sub [Cooperativa de Fot\u00f3grafos], &#8220;Sujeto en la Fontera&#8221;. Fotogaler\u00eda. 14.08.-30.09.\/ Daniel Garc\u00eda, &#8220;Nachleben&#8221;, dibujos y pinturas. Sala 1. Inauguraci\u00f3n: 25.08., 16 hs. Hasta 04.11. \/ Fabi\u00e1n Trigo, &#8220;Cap\u00edtulo|451&#8221;, instalaci\u00f3n. Sala 2. Inauguraci\u00f3n: 25.08., 16 hs. Hasta 04.11. \/ &#8220;IV Premio CCM Haroldo Conti&#8221;, Categor\u00eda: Artes Visuales. Selecci\u00f3n de Proyectos Presentados. Sala 3. Inauguraci\u00f3n: 25.08., 16 hs. Hasta 04.11. \/ Valeria Calvo y Hern\u00e1n Salamanco, &#8220;A veces s\u00f3lo le daba las rojas&#8221;, intervenciones. Sala Dos Paredes. Inauguraci\u00f3n: 25.08., 16 hs. Hasta 04.11.<\/li>\n<li><a href=\"http:\/\/www.palaisdeglace.gob.ar\/\">Palais de Glace<\/a>, Posadas 1725, Buenos Aires (Mar-Vie 12-20, S\u00e1b y Dom 10-20 hs. Visitas guiadas: S\u00e1b 17 y 18 hs. Entrada libre y gratuita): &#8220;Arte por Tres: Un siglo de pintura argentina en las colecciones de bancos p\u00fablicos&#8221; (Pinturas al cuidado del Banco Central de la Rep\u00fablica Argentina, Banco de la Naci\u00f3n Argentina y Banco de la Provincia de Buenos Aires). Curadores: Alberto Giudici, Alberto del Santo, Ana Periss\u00e9. 16.08.-16.09.<\/li>\n<li>FotoGaler\u00ed\u00ada del Teatro San Mart\u00ed\u00adn, Av. Corrientes 1530, Buenos Aires (Lun-Vie desde las 12 hs, S\u00e1b y Dom desde las 14 hs, hasta la finalizaci\u00f3n de las actividades del d\u00eda en el teatro. Entrada libre): Michael Crouser (Estados Unidos), &#8220;Los Toros&#8221;, fotos. En el marco del <a href=\"http:\/\/www.encuentrosabiertos.com.ar\/\">&#8220;Festival de la Luz&#8221; 2012<\/a>. 07.08.-30.09. \/ Roberto Fern\u00e1ndez Ib\u00e1\u00f1ez (Uruguay), &#8220;Elogio de la No-Pasi\u00f3n&#8221;, fotos. En el marco del <a href=\"http:\/\/www.encuentrosabiertos.com.ar\/\">&#8220;Festival de la Luz&#8221; 2012<\/a>. 07.08.-30.09.<\/li>\n<li>EspacioFotogr\u00e1fico del Teatro de la Ribera, Av. Pedro de Mendoza 1821, Buenos Aires (Mar-Dom 10-20, Lun 10-17 hs. Entrada libre): Emmanuel Santos (Filipinas, Australia), &#8220;Sandugo. Un pacto de sangre&#8221;, fotos. Curador: Juan Travnik. En el marco del <a href=\"http:\/\/www.encuentrosabiertos.com.ar\/\">&#8220;Festival de la Luz&#8221; 2012<\/a>. 04.08.-11.10.<\/li>\n<\/ul>\n<p><em><strong>Otras exposiciones<\/strong><\/em><\/p>\n<ul>\n<li>&#8220;Mediomundo&#8221;, proyecto de <a href=\"http:\/\/www.mapaliquido.com.ar\/sitio\/index.php\">Mapa L\u00edquido<\/a>. Obras de Fernando Brizuela, Fabiana Barreda, Julieta Escard\u00f3, Daniela Fiorentino, Gilda Picabea, Daniel Callori, Camilo Guinot, Jorge Opazo, Juan Giribaldi, Nazarena Pereyra, Maria Ligthowler, Lisa Gim\u00e9nez, Maja Lascano, Guadalupe G\u00f3mez Pintus, Silvina D\u2019Alessandro, Pablo Lapadula, Marcela Rapallo y Brian Maltz. Curador: Lucas Mar\u00edn. <a href=\"http:\/\/www.panyarte.com.ar\/\">Pan y Arte<\/a>, Av. Boedo 880, Buenos Aires. Visitas: todos los d\u00edas a toda hora. 10.07.-09.09.<\/li>\n<li>Juan Batalla, &#8220;Cuerpo de Obra&#8221;, ensamblajes de caucho sobre madera, fotograf\u00edas, un traje-objeto y una obra de videoarte. <a href=\"http:\/\/www.museocaraffa.org.ar\/\">Museo Emilio Caraffa<\/a>, Sala 5, Av. Poeta Lugones 411, Ciudad de C\u00f3rdoba, Argentina. Tel. (54-351) 434-3348\/49. 12.07.-13.09.<\/li>\n<li>Ver\u00f3nica G\u00f3mez, &#8220;Reino Pel\u00edcano&#8221;. Galer\u00eda Foster Catena, Honduras 4882, 1\u00ba piso, Buenos Aires. Mar-S\u00e1b 13-19.30 hs. 13.07.-21.09.<\/li>\n<li>&#8220;Hab\u00eda una vez&#8230;&#8221;, mu\u00f1ecas y juguetes 1870\u20131940. Colecci\u00f3n de Mabel y Mar\u00eda Castellano Fotheringham. Casa Fern\u00e1ndez Blanco, Hip\u00f3lito Yrigoyen 1420, Buenos Aires. Mar-Dom 11-17 hs. Entrada $1. 14.07.-31.08.<\/li>\n<li>Guillermo Jones, &#8220;Introspecciones&#8221;, fotos y videos. <a href=\"http:\/\/www.pabellon4.com\/index.html\">Pabell\u00f3n 4 Arte Contempor\u00e1neo<\/a>, Uriarte 1332, Palermo Viejo, Buenos Aires. Lun-S\u00e1b 16-20 hs. 17.07.-25.08.<\/li>\n<li>Premios MAMba-Fundaci\u00f3n Telef\u00f3nica &#8220;Arte y Nuevas Tecnolog\u00edas&#8221;, 7ma. edici\u00f3n. <a href=\"http:\/\/www.fundacion.telefonica.com.ar\/espacio\/\">Espacio Fundaci\u00f3n Telef\u00f3nica<\/a>, Arenales 1540, Buenos Aires. 19.07.-15.09.<\/li>\n<li><a href=\"http:\/\/www.fundacion.telefonica.com\/es\/que_hacemos\/conocimiento\/exposiciones\/actuales\/minuphone.htm\">Marta Minuj\u00edn, &#8220;Minuphone 1967-2012&#8221;<\/a>. Espacio Fundaci\u00f3n Telef\u00f3nica, Arenales 1540, Buenos Aires. Mi\u00e9, Jue y Vie 18-20 hs. Desde 20.07.<\/li>\n<li>Richard Sturgeon, Carlos Arnaiz, Roberto Elia, &#8220;Celebraci\u00f3n&#8221;, pinturas. <a href=\"http:\/\/www.elsidelrio.com.ar\/\">Elsi del R\u00edo Arte Contempor\u00e1neo<\/a>, Humboldt 1510, Palermo Hollywood, Buenos Aires. Mar-Vie 14-20, S\u00e1b 11-15 hs. 23.07.-06.09.<\/li>\n<li>Vanina Prajs, &#8220;Visiones de una Naturaleza Fragmentada&#8221;, pinturas. Galer\u00eda &#8220;Alejandro Bustillo&#8221; del Banco Naci\u00f3n, Rivadavia 325, Buenos Aires. Lun-Vie 10-15 hs. 01.08.-30.08.<\/li>\n<li>Annemarie Heinrich, Lucrecia Plat, Cecilia Szalkowicz, fotos. Curador: Bruno Dubner. En el marco del <a href=\"http:\/\/www.encuentrosabiertos.com.ar\/\">&#8220;Festival de la Luz&#8221; 2012<\/a>. <a href=\"http:\/\/www.galeriavasari.com.ar\/\">Vasari<\/a>, Esmeralda 1357, Buenos Aires. Lun-Vie 11-20 hs. 01.08.-30.08.<\/li>\n<li>Rob Verf, pinturas, objetos, fotograf\u00edas y videos del per\u00edodo 2000-2012. Curadora: Mar\u00eda Elena Lucero. <a href=\"http:\/\/castagninomacro.org\/info\/castagnino\/\">Museo Castagnino<\/a>, Pellegrini 2202, Rosario, Provincia de Santa Fe. Lun, Mi\u00e9, Jue y Vie 14-20 hs. Martes cerrado. S\u00e1b y Dom 13-19 hs. Entrada: $4. Menores de 12 a\u00f1os: gratis. 03.08.-15.10.<\/li>\n<li>Mariana Zamarbide, &#8220;H\u00e1galo usted mismo&#8221;, site specific. <a href=\"http:\/\/www.artemercadoarte.com.ar\/\">Galer\u00eda AMA (artemercadoarte)<\/a>, Venezuela 458, Buenos Aires. Dom-Vie 13-19 hs. 03.08.-05.09.<\/li>\n<li>Maria Plotnikova (Rusia), &#8220;Pasi\u00f3n Carnavalesca&#8221;, fotos. En el marco del <a href=\"http:\/\/www.encuentrosabiertos.com.ar\/\">&#8220;Festival de la Luz&#8221; 2012<\/a>. Fotogaler\u00eda de la Casa Municipal de la Cultura Alte. Brown, Esteban Adrogue 1224, Adrogu\u00e9, Provincia de Buenos Aires. Lun-S\u00e1b 9-22, Dom 13-22 hs. 03.08.-03.09.<\/li>\n<li>Tadeu Vilani (Brasil), &#8220;Futebol de Periferia&#8221;, fotos. En el marco del <a href=\"http:\/\/www.encuentrosabiertos.com.ar\/\">&#8220;Festival de la Luz&#8221; 2012<\/a>. Alianza Francesa Bah\u00eda Blanca, Fitz Roy 49, Bah\u00eda Blanca, Provincia de Buenos Aires. Lun-Vie 9-12 y 17-21 hs. 03.08.-31.08.<\/li>\n<li>Carola Montero, &#8220;Pasi\u00f3n por llegar&#8221;, fotos. En el marco del <a href=\"http:\/\/www.encuentrosabiertos.com.ar\/\">&#8220;Festival de la Luz&#8221; 2012<\/a>. Centro Cultural Comodoro Rivadavia, Hip\u00f3lito Irigoyen 222, Comodoro Rivadavia, Provincia de Chubut. Lun-Dom 15-22 hs. 03.08.-31.08.<\/li>\n<li>Gabriela Liffschitz, fotos. Curador Eduardo Gil. En el marco del <a href=\"http:\/\/www.encuentrosabiertos.com.ar\/\">&#8220;Festival de la Luz&#8221; 2012<\/a>. \/ Sergio Fasola, &#8220;Ser argentino, una pasi\u00f3n&#8221;, fotos. En el marco del <a href=\"http:\/\/www.encuentrosabiertos.com.ar\/\">&#8220;Festival de la Luz&#8221; 2012<\/a>. MAC-Museo de Arte Contempor\u00e1neo de Salta, Zuvir\u00eda 90, Salta, Provincia de Salta. Mar-S\u00e1b 9-20, Dom 16-20 hs. 03.08.-02.09.<\/li>\n<li>&#8220;Una cuesti\u00f3n de Fe&#8221;, fotos de Francisco Mata Rosas (M\u00e9xico), Irama G\u00f3mez (Venezuela), Axel Indik, Isidoro Zang, Lucas Alascio, Pablo Cuarterolo y Ra\u00fal Cottone (Argentina). En el marco del <a href=\"http:\/\/www.encuentrosabiertos.com.ar\/\">&#8220;Festival de la Luz&#8221; 2012<\/a>. \/ Julieta Anaut, &#8220;Fauna Latente&#8221;, fotos. Curador: Eduardo Guevara. En el marco del <a href=\"http:\/\/www.encuentrosabiertos.com.ar\/\">&#8220;Festival de la Luz&#8221; 2012<\/a>. Museo Municipal de Bellas Artes &#8220;Juan S\u00e1nchez&#8221; General Roca, 25 de Mayo 1494 (esq. Kennedy), Gral. Roca, Provincia de R\u00edo Negro. Lun 9-12.30, Mar-Vie 9-12.30 y 16-20, S\u00e1b 18-20 hs. 04.08.-25.08.<\/li>\n<li>&#8220;La pasi\u00f3n en el jard\u00edn&#8221;, fotograf\u00eda mexicana actual. Obras de Heidi Aguilar, Lourdes Almeida, Marina del Campo, Miguel Fematt, Cristina Kahlo, Norma Suarez, Manuel Velazquez, Vida Yovanovich. Curadora: Graciela Kartofel. En el marco del <a href=\"http:\/\/www.encuentrosabiertos.com.ar\/\">&#8220;Festival de la Luz&#8221; 2012<\/a>. Museo Casa de Yrurtia, O\u2019Higgins 2390, Belgrano, Buenos Aires. Mar-Vie 13-19, S\u00e1b y Dom 15-19 hs. 05.08.-30.09.<\/li>\n<li>Max de Esteban (Espa\u00f1a), &#8220;Proposici\u00f3n uno: s\u00f3lo lo ef\u00edmero&#8221;, fotos. Curadora: Elda Harrington. En el marco del <a href=\"http:\/\/www.encuentrosabiertos.com.ar\/\">&#8220;Festival de la Luz&#8221; 2012<\/a>. <a href=\"http:\/\/www.cceba.org.ar\/v3\/index.php\">Centro Cultural de Espa\u00f1a en Buenos Aires (CCEBA)<\/a>, Florida 943, Buenos Aires. Lun-Vie 10.30-20 hs. 06.08.-07.09.<\/li>\n<li>&#8220;Till Fashion do us part&#8221;. Artistas: Juan Batalla, Dany Barreto, Alejandro Schmidt, Diego Focaccio, Kuki Benski, Margaret Whyte. Coordinaci\u00f3n: Yudi Yudoyoko y Diego Focaccio. <a href=\"http:\/\/www.cceba.org.ar\/v3\/index.php\">Centro Cultural de Espa\u00f1a en Buenos Aires (CCEBA)<\/a>, Sede Paran\u00e1 1159, Buenos Aires. Lun-Vie 10.30-20, S\u00e1b 10.30-14 hs. 08.08.-07.09.<\/li>\n<li>Marcelo de la Fuente, &#8220;Hoteles&#8221;, fotos. En el marco del <a href=\"http:\/\/www.encuentrosabiertos.com.ar\/\">&#8220;Festival de la Luz&#8221; 2012<\/a>. Pasaje 865, Humberto 1\u00ba 865, Buenos Aires. Mar, Mi\u00e9 y Jue 14-19 hs. 08.08.-31.08.<\/li>\n<li>Daniel Caldirola, &#8220;Juventud con variaciones&#8221;, fotos. Curador: Elio Kapszuk. En el marco del <a href=\"http:\/\/www.encuentrosabiertos.com.ar\/\">&#8220;Festival de la Luz&#8221; 2012<\/a>. Espacio de Arte AMIA, Pasteur 633, Buenos Aires. Lun-Jue 10-19, Vie 10-16 hs. Entrada libre y gratuita (presentar identificaci\u00f3n para ingresar). 08.08.-03.09.<\/li>\n<li>&#8220;Homenaje a Mariana Schapiro&#8221;. Curadora: Liliana Olmeda de Flugelman. <a href=\"http:\/\/www.museojudio.org.ar\/\">Museo Judio<\/a>, Libertad 769, Buenos Aires. Desde 09.08.<\/li>\n<li>&#8220;El doble de una vida&#8221;, obras de Andr\u00e9 Kert\u00e9sz (Hungr\u00eda\/Francia, 1894-1985). En el marco del <a href=\"http:\/\/www.encuentrosabiertos.com.ar\/\">&#8220;Festival de la Luz&#8221; 2012<\/a>. Espacio de Arte Fundaci\u00f3n Osde, Suipacha 658, 1\u00ba piso, Buenos Aires. Lun-S\u00e1b 12-20 hs. 09.08.-29.09.<\/li>\n<li>Cayetano Arcid\u00edacono, &#8220;Serie Vac\u00edos&#8221;, fotos. En el marco del <a href=\"http:\/\/www.encuentrosabiertos.com.ar\/\">&#8220;Festival de la Luz&#8221; 2012<\/a>. Arcimboldo Galer\u00eda de Arte, Reconquista 761, &#8220;14&#8221;, Buenos Aires. Lun-Vie 15-19 hs. 09.08.-07.09.<\/li>\n<li>Steve McCurry (Estados Unidos), fotograf\u00edas. En el marco del <a href=\"http:\/\/www.encuentrosabiertos.com.ar\/\">&#8220;Festival de la Luz&#8221; 2012<\/a>. Centro Cultural Jos\u00e9 Amadeo Conte Grand San Juan, San Luis esquina Las Heras, San Juan, Provincia de San Juan. Lun-S\u00e1b 16-21 hs. 09.08.-09.09.<\/li>\n<li>&#8220;Pertenencias&#8221;, obras de Benjamin Aitala, Amadeo Azar, Ariel Bassano, Daniel Basso, Lorena Bicciconti, Melisa Casella, Marcolina Dipierro, Andrea Fasani, Camilo Guinot, Daniel Joglar, Luciana Lamothe, Agust\u00edn Rodr\u00edguez, Cristian Segura, Juan Jos\u00e9 Souto, Elena Warnes. <a href=\"http:\/\/www.fnartes.gov.ar\/casadelacultura\/\">Casa de la Cultura del Fondo Nacional de las Artes<\/a>, Rufino de Elizalde 2831, Buenos Aires. Mar-Dom 15-20 hs. 10.08.-07.09.<\/li>\n<li>Jos\u00e9 Pilone (Uruguay), &#8220;Autorretrato con ropa&#8221;, fotos. En el marco del <a href=\"http:\/\/www.encuentrosabiertos.com.ar\/\">&#8220;Festival de la Luz&#8221; 2012<\/a>. Escuela Argentina de Fotograf\u00eda, Campos Salles 2155, Buenos Aires. Lun-Vie 14-21 hs. 10.08.-10.09.<\/li>\n<li>&#8220;Ojos de Papel&#8221;, obras de Claudia del R\u00edo, Juliana Iriart, Cynthia Kampelmacher. <a href=\"http:\/\/www.norafisch.com\/\">Nora Fisch Arte Contempor\u00e1neo<\/a>, G\u00fcemes 2967, PB, Buenos Aires. Mar-Vie 15-20 hs. 11.08.-31.08.<\/li>\n<li>&#8220;Bosque&#8221;, obras de Miguel \u00c1ngel C\u00e1rdenes, Silvia De Paula, Constanza Mart\u00ednez, Rosa Skific. Curador: M\u00e1ximo Jacoby. <a href=\"http:\/\/www.pasaje17.com\/\">Pasaje 17 Arte Contempor\u00e1neo<\/a>, Bartolom\u00e9 Mitre 1559, Buenos Aires. Lun-Vie 11-19 hs. 15.08.-20.09.<\/li>\n<li><a href=\"http:\/\/www.patriciamuller.com.ar\/\">Patricia M\u00fcller<\/a>, &#8220;Pasiones&#8221;, fotos. En el marco del <a href=\"http:\/\/www.encuentrosabiertos.com.ar\/\">&#8220;Festival de la Luz&#8221; 2012<\/a>. <a href=\"http:\/\/www.gestioncultural.eco.unc.edu.ar\/fotogaleria\/#inicio-fotog\">Fotogaler\u00eda de la Facultad de Ciencias Econ\u00f3micas<\/a>, Universidad Nacional de C\u00f3rdoba, Av. Valpara\u00edso s\/n, Ciudad Universitaria, C\u00f3rdoba. Lun-Vie 10-20 hs. 15.08.-21.09.<\/li>\n<li>Marina Dogliotti, &#8220;Nuestra Am\u00e9rica. La esperanza&#8221;. Museo Catedral, Calle 14 e\/ 51 y 53, La Plata, Provincia de Buenos Aires. Mar-Dom 10-19 hs. 16.08.-07.10.<\/li>\n<li>Jorge Meijide, &#8220;Una obra &#8211; un artista&#8221;. Art, Lafinur 3248, Palermo, Buenos Aires. Lun-Lun 00-24 hs. 16.08.-29.08.<\/li>\n<li>Egar Murillo, &#8220;Todo fluye&#8221;, pinturas. <a href=\"http:\/\/www.vanriel.com.ar\/\">Galer\u00eda van Riel<\/a>, Juncal 790, PB, Buenos Aires. Lun-Vie 15-20 hs. 16.08.-14.09.<\/li>\n<li>&#8220;Nenas&#8221;, fotograf\u00edas de Ivana Salfity, Karina Acosta, Laura Ortego y Lena Szankay. Curadora: Daniela Gutierrez. En el marco del <a href=\"http:\/\/www.encuentrosabiertos.com.ar\/\">&#8220;Festival de la Luz&#8221; 2012<\/a>. Gachi Prieto Gallery, Uriarte 1976, Buenos Aires. Mar-Vie 13-20, S\u00e1b 12-18 hs. 16.08.-15.09.<\/li>\n<li>Ezequiel Montero Swinnen, &#8220;Pausa el rio&#8221;. <a href=\"http:\/\/www.bsgr.com.ar\/\">Bisagra Arte Contempor\u00e1neo<\/a>, Av. Libertador 6091, 11 C, Buenos Aires. Lun-Vie 14-18 hs. 16.08.-28.09.<\/li>\n<li>&#8220;Troilo x S\u00e1bat&#8221;, dibujos y pinturas del creador del tango <a href=\"http:\/\/www.troilo.com.ar\/\">An\u00edbal Troilo<\/a>, por el caricaturista Hermenegildo S\u00e1bat. En el marco del <a href=\"http:\/\/www.tangobuenosaires.gob.ar\/festivalymundial12\/web\/es\/index.html\">Tango Buenos Aires Festival y Mundial 2012<\/a>. <a href=\"http:\/\/www.museos.buenosaires.gob.ar\/muhu\/agenda.html#troilo\">Museo del Humor<\/a>, Av. de los Italianos 851, Puerto Madero, Buenos Aires. Lun-Vie 11-18, S\u00e1b, Dom y feriados 10-20 hs. Entrada: Jue-Dom y feriados $10; Lun, Mar y Mi\u00e9 gratis. Menores de 14 a\u00f1os gratis todos los d\u00edas. Visitas guiadas: Lun-Vie 11 y 14 hs, S\u00e1b y Dom 15 y 18 hs. 16.08.-30.09.<\/li>\n<li>&#8220;Volar&#8221;, videos, fotograf\u00edas, objetos, dibujos, libros de artista, collage y pinturas de Bruno Baptistelli, Felipe Salem, Leticia Ramos, Cristiano Lenhardt, Duane Bahia Benatti, \u00cdcaro Lira y Fernanda Barreto (todos provenientes de diferentes regiones de Brasil). <a href=\"http:\/\/www.delinfinito.com\/\">Del Infinito Arte<\/a>, Av. Quintana 325, PB, Buenos Aires. Desde 17.08.<\/li>\n<li><a href=\"http:\/\/www.dolorescasares.com\/\">Dolores Casares<\/a>, &#8220;Inmenciudades&#8221;. Aldo de Sousa Gallery, Arroyo 858, Buenos Aires. Desde 23.08.<\/li>\n<li>Marina Curci, &#8220;Abismo&#8221;, pinturas. <a href=\"http:\/\/www.roart.com.ar\/\">RO Galer\u00eda de Arte<\/a>, Paran\u00e1 1158, Buenos Aires. Lun-Vie 14-20 hs. Desde 23.08.<\/li>\n<li>&#8220;PAPEL arte gr\u00e1fica contempor\u00e1nea&#8221;. Artistas argentinos\/Artistas uruguayos. Artistas uruguayos: Nora Kimelman, Doreen Bayley, \u00c1lvaro Gelabert, Eloisa Ibarra. Artistas argentinos: Silvia Brewda, Sara Slipchinsky, Silvia Dimant, Charito Estrada, Laura Khalloub, Malisa Sales, Maria Guerreiro, Stella Sidi, Daniel Juarez, Gabriela Esterovich, Silvia Rubinson, Rut Rubinson, Cho Yong Hwa, Margit Ljosaa, Renate Levy, Silvana Blasbalg, Elsa Mitsuko Inoue, Laura Vi\u00f1as, Candelaria Palacios. <a href=\"http:\/\/www.fund-romuloraggio.org.ar\/\">Fundaci\u00f3n R\u00f3mulo Raggio<\/a>, Gaspar Campos 861, Vicente L\u00f3pez, Provincia de Buenos Aires. Lun-Vie 13-17 hs. 24.08.-14.09.<\/li>\n<li>Mart\u00ed\u00adn Castillo Morales, &#8220;Webcam&#8221;, fotos y videos. <a href=\"http:\/\/www.pabellon4.com\/\">Pabell\u00f3n 4 Arte Contempor\u00e1neo<\/a>, Uriarte 1332, Buenos Aires. Lun-S\u00e1b 16-20 hs. Inauguraci\u00f3n: 28.08., 20 hs. Hasta 06.10.<\/li>\n<li>Luz Marchio &#038; <a href=\"http:\/\/www.diegoperrotta.com.ar\/\">Diego Perrotta<\/a>, &#8220;Lugar&#8221;, poes\u00edas y acuarelas. <a href=\"http:\/\/www.casadelbicentenario.gob.ar\/\">Casa del Bicentenario<\/a>, Riobamba 985, Buenos Aires. Mar-Dom y feriados 15-21 hs. Lunes cerrado. Entrada gratuita. Inauguraci\u00f3n: 30.08., 19 hs. Hasta 30.09.<\/li>\n<li>D\u00e9bora Pierpaoli, &#8220;Escondite y trampa&#8221;, instalaci\u00f3n de cer\u00e1micas y pinturas. \/ &#8220;\u00d3rgano&#8221;, obras de Alejandra Alarc\u00f3n, Elba Bairon, Andr\u00e9s Bedoya, Andr\u00e9s Pereira Paz, Douglas Rodrigo Rada. Curadur\u00eda: Galer\u00eda Kiosko, Santa Cruz, Bolivia. 713 Arte Contempor\u00e1neo, Defensa 713, San Telmo, Buenos Aires. Inauguraciones: 30.08., 19 hs. Hasta 12.10.<\/li>\n<li>Jorge \u00c1lvaro, &#8220;Peque\u00f1a selecci\u00f3n de obras&#8221;. Muestra organizada por Holz Galer\u00eda de Arte. Sofitel Luxury Hotels, Arroyo 841, Buenos Aires. Inauguraci\u00f3n: 30.08., 19 hs. Hasta 26.09.<\/li>\n<li>Gerardo Feldstein, &#8220;Y no esencia perdida&#8221;. Holz Galer\u00eda de Arte. Arroyo 862, Buenos Aires. Lun-Vie 10-20, S\u00e1b 10-14 hs. Inauguraci\u00f3n: 31.08., 19 hs. Hasta 15.09.<\/li>\n<\/ul>\n","protected":false},"excerpt":{"rendered":"<p>Klicken Sie hier, um die deutsche Version zu lesen. Agenda de Muestras 25\/08\/2012-01\/09\/2012 Por Susanne Franz En el marco de Tango Buenos Aires Festival y Mundial 2012, el MuHu &#8211; Museo del Humor presenta desde el 16 de agosto (hasta el 30 de septiembre) la exposici\u00f3n &#8220;Troilo x S\u00e1bat&#8221;. El caricaturista Hermenegildo S\u00e1bat evoca en [&hellip;]<\/p>\n","protected":false},"author":1,"featured_media":0,"comment_status":"open","ping_status":"open","sticky":false,"template":"","format":"standard","meta":{"footnotes":""},"categories":[18],"tags":[],"class_list":["post-12369","post","type-post","status-publish","format-standard","hentry","category-agenda"],"_links":{"self":[{"href":"https:\/\/kunstinargentinien.com\/index.php\/wp-json\/wp\/v2\/posts\/12369","targetHints":{"allow":["GET"]}}],"collection":[{"href":"https:\/\/kunstinargentinien.com\/index.php\/wp-json\/wp\/v2\/posts"}],"about":[{"href":"https:\/\/kunstinargentinien.com\/index.php\/wp-json\/wp\/v2\/types\/post"}],"author":[{"embeddable":true,"href":"https:\/\/kunstinargentinien.com\/index.php\/wp-json\/wp\/v2\/users\/1"}],"replies":[{"embeddable":true,"href":"https:\/\/kunstinargentinien.com\/index.php\/wp-json\/wp\/v2\/comments?post=12369"}],"version-history":[{"count":17,"href":"https:\/\/kunstinargentinien.com\/index.php\/wp-json\/wp\/v2\/posts\/12369\/revisions"}],"predecessor-version":[{"id":12418,"href":"https:\/\/kunstinargentinien.com\/index.php\/wp-json\/wp\/v2\/posts\/12369\/revisions\/12418"}],"wp:attachment":[{"href":"https:\/\/kunstinargentinien.com\/index.php\/wp-json\/wp\/v2\/media?parent=12369"}],"wp:term":[{"taxonomy":"category","embeddable":true,"href":"https:\/\/kunstinargentinien.com\/index.php\/wp-json\/wp\/v2\/categories?post=12369"},{"taxonomy":"post_tag","embeddable":true,"href":"https:\/\/kunstinargentinien.com\/index.php\/wp-json\/wp\/v2\/tags?post=12369"}],"curies":[{"name":"wp","href":"https:\/\/api.w.org\/{rel}","templated":true}]}}