{"id":1244,"date":"2007-10-27T10:22:12","date_gmt":"2007-10-27T13:22:12","guid":{"rendered":"http:\/\/kunstinargentinien.com\/index.php\/2007\/10\/27\/forschen-fotografieren-zeichnen\/"},"modified":"2007-10-27T11:29:00","modified_gmt":"2007-10-27T14:29:00","slug":"forschen-fotografieren-zeichnen","status":"publish","type":"post","link":"https:\/\/kunstinargentinien.com\/index.php\/2007\/10\/27\/forschen-fotografieren-zeichnen\/","title":{"rendered":"Forschen, Fotografieren, Zeichnen"},"content":{"rendered":"<p><a href=\"http:\/\/kunstinargentinien.com\/index.php\/2007\/10\/27\/investigar-fotografiar-dibujar\/\">Click aqu\u00ed para leer la versi\u00f3n en castellano.<\/a><\/p>\n<p><strong>Historische deutsche Architektur im Museo Nacional de Arte Decorativo<\/p>\n<p><em>Von Susanne Franz<\/em><\/strong><\/p>\n<p><img decoding=\"async\" id=\"image1243\" alt=Archi2.jpg src=\"http:\/\/kunstinargentinien.com\/wp-content\/uploads\/2007\/10\/Archi2.jpg\" \/><\/p>\n<p>Am 24. Oktober hat der K\u00fcnstler und Architekt Pablo de la Riestra im Museo Nacional de Arte Decorativo (Av. del Libertador 1902) eine Ausstellung mit Zeichnungen historischer deutscher Architektur er\u00f6ffnet. Die deutsche Architekturgeschichte ist De la Riestras Spezialgebiet, wobei sich sein Forschungsinteresse mit der Leidenschaft f\u00fcr das Zeichnen und Fotografieren verbindet. Er besitzt ein Archiv mit \u00fcber 100.000 Fotografien historischer Geb\u00e4ude in Europa und S\u00fcdamerika. Pablo de la Riestra machte 1990 an der Universit\u00e4t Marburg seinen Doktor in Architekturgeschichte. Er doziert an der Uni Heidelberg und ist Gastprofessor der Universidad Nacional de Rosario und der Universidad de Sao Paulo, Brasilien.<\/p>\n<p><em>Quelle: <a href=\"http:\/\/noktambularte.blogspot.com\/2007\/10\/dibujos-de-la-arquitectura-alemana-en.html\">Noktambularte<\/a> von Gabriel P\u00e9rez Mervolizzi. Erschienen im &#8220;Argentinischen Tageblatt&#8221; vom 27.10.07.<\/em><\/p>\n","protected":false},"excerpt":{"rendered":"<p>Click aqu\u00ed para leer la versi\u00f3n en castellano. Historische deutsche Architektur im Museo Nacional de Arte Decorativo Von Susanne Franz Am 24. Oktober hat der K\u00fcnstler und Architekt Pablo de la Riestra im Museo Nacional de Arte Decorativo (Av. del Libertador 1902) eine Ausstellung mit Zeichnungen historischer deutscher Architektur er\u00f6ffnet. Die deutsche Architekturgeschichte ist De [&hellip;]<\/p>\n","protected":false},"author":1,"featured_media":0,"comment_status":"open","ping_status":"open","sticky":false,"template":"","format":"standard","meta":{"footnotes":""},"categories":[4],"tags":[],"class_list":["post-1244","post","type-post","status-publish","format-standard","hentry","category-tipp-der-woche-recomendacion-de-la-semana"],"_links":{"self":[{"href":"https:\/\/kunstinargentinien.com\/index.php\/wp-json\/wp\/v2\/posts\/1244","targetHints":{"allow":["GET"]}}],"collection":[{"href":"https:\/\/kunstinargentinien.com\/index.php\/wp-json\/wp\/v2\/posts"}],"about":[{"href":"https:\/\/kunstinargentinien.com\/index.php\/wp-json\/wp\/v2\/types\/post"}],"author":[{"embeddable":true,"href":"https:\/\/kunstinargentinien.com\/index.php\/wp-json\/wp\/v2\/users\/1"}],"replies":[{"embeddable":true,"href":"https:\/\/kunstinargentinien.com\/index.php\/wp-json\/wp\/v2\/comments?post=1244"}],"version-history":[{"count":0,"href":"https:\/\/kunstinargentinien.com\/index.php\/wp-json\/wp\/v2\/posts\/1244\/revisions"}],"wp:attachment":[{"href":"https:\/\/kunstinargentinien.com\/index.php\/wp-json\/wp\/v2\/media?parent=1244"}],"wp:term":[{"taxonomy":"category","embeddable":true,"href":"https:\/\/kunstinargentinien.com\/index.php\/wp-json\/wp\/v2\/categories?post=1244"},{"taxonomy":"post_tag","embeddable":true,"href":"https:\/\/kunstinargentinien.com\/index.php\/wp-json\/wp\/v2\/tags?post=1244"}],"curies":[{"name":"wp","href":"https:\/\/api.w.org\/{rel}","templated":true}]}}