{"id":12462,"date":"2012-08-30T19:36:59","date_gmt":"2012-08-30T22:36:59","guid":{"rendered":"http:\/\/kunstinargentinien.com\/?p=12462"},"modified":"2012-09-01T19:43:00","modified_gmt":"2012-09-01T22:43:00","slug":"argentinischer-pavillon-in-venedig","status":"publish","type":"post","link":"https:\/\/kunstinargentinien.com\/index.php\/2012\/08\/30\/argentinischer-pavillon-in-venedig\/","title":{"rendered":"Argentinischer Pavillon in Venedig"},"content":{"rendered":"<p><strong>Tendenzen der Architektur in Argentinien werden vorgestellt<\/p>\n<p><em>Von Marcus Christoph<\/em><\/strong><\/p>\n<p><a href=\"http:\/\/kunstinargentinien.com\/wp-content\/uploads\/2012\/09\/venecia.jpg\"><img loading=\"lazy\" decoding=\"async\" src=\"http:\/\/kunstinargentinien.com\/wp-content\/uploads\/2012\/09\/venecia.jpg\" alt=\"\" title=\"venecia\" width=\"500\" height=\"315\" class=\"aligncenter size-full wp-image-12507\" srcset=\"https:\/\/kunstinargentinien.com\/wp-content\/uploads\/2012\/09\/venecia.jpg 500w, https:\/\/kunstinargentinien.com\/wp-content\/uploads\/2012\/09\/venecia-300x189.jpg 300w\" sizes=\"auto, (max-width: 500px) 100vw, 500px\" \/><\/a><br \/>\nArgentinien verf\u00fcgt ab sofort \u00fcber einen st\u00e4ndigen Pavillon bei der Biennale in Venedig. Am Montag wurde die Einrichtung offiziell eingeweiht. W\u00e4hrend Au\u00dfenminister H\u00e9ctor Timerman in der italienischen Lagunenstadt vor Ort war, um das symbolische Band zu durchschneiden, war Pr\u00e4sidentin Cristina Fern\u00e1ndez de Kirchner per Videokonferenz von <a href=\"http:\/\/www.tecnopolis.ar\/2012\/\">Tecn\u00f3polis<\/a>, der Technikschau in Villa Martelli, aus zugeschaltet. &#8220;Die Biennale von Venedig ist das weltweit wichtigste Treffen in den Bereichen Kunst und Architektur&#8221;, hob die Staatschefin die Bedeutung hervor.<\/p>\n<p>Bereits bei ihrem Besuch in Italien im Vorjahr hatte sie sich um die dauerhafte Pr\u00e4senz Argentiniens bei der Biennale gek\u00fcmmert. Der argentinische Pavillon hat seinen Platz im &#8220;Arsenale&#8221;, einem historischen Geb\u00e4ude aus dem 16. Jahrhundert. Dort haben die Argentinier auf 500 Quadratmetern die M\u00f6glichkeit, sich zu pr\u00e4sentieren. Der Pachtvertrag ist zun\u00e4chst auf 22 Jahre befristet. Derzeit steht alles ganz im Zeichen der <a href=\"http:\/\/www.labiennale.org\/en\/architecture\/exhibition\/chipperfield\/\">Architektur-Biennale<\/a>, die am Mittwoch begann. Im argentinischen Pavillon werden charakteristische Geb\u00e4ude von Buenos Aires wie das Bicentenario-Museum und das neue Zollamt (&#8220;Aduana Taylor&#8221;) vorgestellt. Zudem soll ein allgemeiner \u00dcberblick \u00fcber die Geschichte sowie aktuelle Tendenzen der Architektur in Argentinien gegeben werden. Besonders der italienische Einfluss steht im Blickpunkt. In dem Pavillon gibt es zudem einen Bereich, der den Malwinen-Inseln gewidmet ist.<\/p>\n<p><strong>Bild:<\/strong><br \/>\nPr\u00e4sidentin Cristina Fern\u00e1ndez de Kirchner mit dem Kurator des argentinischen Pavillons, dem Architekten Clorindo Testa, in Tecn\u00f3polis.<br \/>\n(Foto: Presidencia de la Naci\u00f3n)<\/p>\n","protected":false},"excerpt":{"rendered":"<p>Tendenzen der Architektur in Argentinien werden vorgestellt Von Marcus Christoph Argentinien verf\u00fcgt ab sofort \u00fcber einen st\u00e4ndigen Pavillon bei der Biennale in Venedig. Am Montag wurde die Einrichtung offiziell eingeweiht. W\u00e4hrend Au\u00dfenminister H\u00e9ctor Timerman in der italienischen Lagunenstadt vor Ort war, um das symbolische Band zu durchschneiden, war Pr\u00e4sidentin Cristina Fern\u00e1ndez de Kirchner per Videokonferenz [&hellip;]<\/p>\n","protected":false},"author":1,"featured_media":0,"comment_status":"open","ping_status":"open","sticky":false,"template":"","format":"standard","meta":{"footnotes":""},"categories":[1],"tags":[],"class_list":["post-12462","post","type-post","status-publish","format-standard","hentry","category-allgemein-general"],"_links":{"self":[{"href":"https:\/\/kunstinargentinien.com\/index.php\/wp-json\/wp\/v2\/posts\/12462","targetHints":{"allow":["GET"]}}],"collection":[{"href":"https:\/\/kunstinargentinien.com\/index.php\/wp-json\/wp\/v2\/posts"}],"about":[{"href":"https:\/\/kunstinargentinien.com\/index.php\/wp-json\/wp\/v2\/types\/post"}],"author":[{"embeddable":true,"href":"https:\/\/kunstinargentinien.com\/index.php\/wp-json\/wp\/v2\/users\/1"}],"replies":[{"embeddable":true,"href":"https:\/\/kunstinargentinien.com\/index.php\/wp-json\/wp\/v2\/comments?post=12462"}],"version-history":[{"count":5,"href":"https:\/\/kunstinargentinien.com\/index.php\/wp-json\/wp\/v2\/posts\/12462\/revisions"}],"predecessor-version":[{"id":12510,"href":"https:\/\/kunstinargentinien.com\/index.php\/wp-json\/wp\/v2\/posts\/12462\/revisions\/12510"}],"wp:attachment":[{"href":"https:\/\/kunstinargentinien.com\/index.php\/wp-json\/wp\/v2\/media?parent=12462"}],"wp:term":[{"taxonomy":"category","embeddable":true,"href":"https:\/\/kunstinargentinien.com\/index.php\/wp-json\/wp\/v2\/categories?post=12462"},{"taxonomy":"post_tag","embeddable":true,"href":"https:\/\/kunstinargentinien.com\/index.php\/wp-json\/wp\/v2\/tags?post=12462"}],"curies":[{"name":"wp","href":"https:\/\/api.w.org\/{rel}","templated":true}]}}