{"id":1248,"date":"2007-11-02T10:18:35","date_gmt":"2007-11-02T13:18:35","guid":{"rendered":"http:\/\/kunstinargentinien.com\/index.php\/2007\/10\/29\/kalender-agenda-90\/"},"modified":"2007-11-08T16:37:21","modified_gmt":"2007-11-08T19:37:21","slug":"kalender-agenda-90","status":"publish","type":"post","link":"https:\/\/kunstinargentinien.com\/index.php\/2007\/11\/02\/kalender-agenda-90\/","title":{"rendered":"Kalender \/ Agenda"},"content":{"rendered":"<p><a href=\"http:\/\/kunstinargentinien.com\/index.php\/2007\/11\/02\/agenda-kalender-83\/\">Click aqu\u00ed para leer la versi\u00f3n en castellano.<\/a><\/p>\n<p><strong>Ausstellungs-Kalender 03.11.07-10.11.07<\/strong><\/p>\n<div align=center><img decoding=\"async\" id=\"image1249\" alt=Stier2.jpg src=\"http:\/\/kunstinargentinien.com\/wp-content\/uploads\/2007\/10\/Stier2.jpg\" \/><br \/>\n<em>In der Ausstellung \u201eConexi\u00f3n: Geometr\u00edas y Cuerpos\u201c werden die gezeichneten K\u00f6rper der K\u00fcnstlerin Alejandra Stier geometrischen Skulpturen der Bildhauerin Ana Giovinazzo gegen\u00fcbergestellt. Er\u00f6ffnung Donnerstagabend im Centro Cultural Borges.<\/em><\/div>\n<p><em><strong>Ausstellungszentren<\/strong><\/em><\/p>\n<ul>\n<li><a href=\"http:\/\/www.malba.org.ar\/web\/\">MALBA<\/a> (Museo de Arte Latinoamericano de Buenos Aires), Av. Figueroa Alcorta 3415 (Do-Mo und feiertags 12-20 Uhr, Di geschlossen, Mi bis 21 Uhr, Eintritt frei. An anderen Tagen: Eintritt 12 Pesos, Lehrer und \u00fcber 65-J\u00e4hrige 6 Pesos, Studenten, Kinder unter 12 Jahren und Behinderte gratis): Douglas Gordon, \u201eTimeline | L\u00ednea de tiempo\u201c, Videoinstallationen. Kurator: Klaus Biesenbach. F\u00fchrungen: Mi, Do und Fr 17, Sa und So 18 Uhr. 30.8.-5.11. \/ Joaqu\u00edn Torres-Garc\u00eda, \u201eAladdin. Juguetes transformables\u201c. Kuratoren: Jimena Perera und Alejandro D\u00edaz. 30.8.-5.11. \/ \u201eIntervenci\u00f3n 5\u201c: Cecilia Szalkowicz, \u201eTodo es posible\u201c. 28.6.-Mai 2008. \/ \u201eContempor\u00e1neo 20: M\u00f3nica Giron, Neocriollo\u201c. Gastkurator: Gustavo Buntinx. 18.10.-26.11.<\/li>\n<p><!--more--><\/p>\n<li><a href=\"http:\/\/www.centroculturalrecoleta.org\/\">Centro Cultural Recoleta<\/a>, Jun\u00edn 1930 (Di-Fr 14-21, Sa, So und feiertags 10-21 Uhr, Eintritt 1 Peso): Martha Peluffo, Hommage-Ausstellung. Kuratorin: Victoria Verlichak. Saal C. Bis 4.11. \/ Ursula Wentzlaff, \u201eErdrandbewohner \/ Hombres en el borde de la tierra\u201c. Saal 8. 4.10.-4.11. \/ Brizuela, Casco, Hooper, Spatuzza, Yegros und Zald\u00edvar, \u201eParaguay esquivo\u201c. Kuratorinnen: Adriana Almada und Victoria Verlichak. Saal 6. 12.10.-4.11. \/ Elba Bairon-Gabriela Francone, Videos. Saal 10. Bis 11.11. \/ Enrique Aguirrezabala, Aquarelle, Collages, Zeichnungen und Objekte. Kuratorin: Clelia Taricco. Cronopios-Saal. 19.10.-25.11. \/ Marcelo de la Fuente, \u201e<a href=\"http:\/\/www.elexcesodeloproximo.blogspot.com\/\">El exceso de lo pr\u00f3ximo<\/a>\u201c, Fotos. Saal 12. Bis 11.11.<\/li>\n<li><a href=\"http:\/\/www.cceba.org.ar\/tapa\/tapa.pl\">Centro Cultural de Espa\u00f1a en Buenos Aires (CCEBA)<\/a>, Florida 943: \u201eDel arte no pol\u00edtico a la met\u00e1fora de los huevos del tero\u201c. K\u00fcnstler: Anna Bas Backer, Mildred Burton, M\u00f3nica Gir\u00f3n, Karina Granieri, Will Rogan und Carla Zaccagnini. Kurator: Esteban Alvarez. Hauptsaal. \/ \u201eLugar y desmesura\u201c. K\u00fcnstlerin: Eliana Heredia. Microespacio M1. \/ \u201eVacuum Cleaner&#8221;. K\u00fcnstlerin: Marcela Sinclair. Microespacio M2. \/ \u201e12\u201c. K\u00fcnstlerin: Melisa C\u00e1mera. Microespacio M3. \/ \u201eTres tristes tricolores\u201c. Auswahl: Ana Porchilote und Gustavo L\u00f3pez. K\u00fcnstler: Fernanda Hern\u00e1ndez, Guadalupe Gaona und Fernando Mariano. Punto de Encuentro. \/ \u201eEs duro socializar con un artista\u201c. Auswahl: Antonio Ortega. K\u00fcnstler: Guillermo Trujillano, Bestu\u00e9 y Vives, Ojete Calor e Ignatius, Ruben Mart\u00ednez, el lobo gris (Jorge de Marco), Cyriak und Cop\u00f3n Dorado. Auswahl der K\u00fcnstler durch You Tube. Punto de Encuentro. \/ Klangkunst\/Experimentelle Musik. Auswahl: Enrique Deschutter. K\u00fcnstler: Gast\u00f3n Arevalo (Uruguay), Juan Bernab\u00e9, Leumann, Luis Marte, Leonardo Martinelli, Dario Mart\u00ednez, Mika Martini \u2013 Chiste (Chile), Nawe, Ismael Pinkler, Spoweck (Spanien), Diego Vel\u00e1zquez (noise.sys), Veleta. \/ Erste Werke. Elektro-Lied. Auswahl: Enrique Deschutter. K\u00fcnstler: \u00c1mbar, Antipop, Juli\u00e1n Aznar, Blitto, Casco, Diosque, DJs Pareja, Alfonso El Pintor, Farmacia, \u00cdntima, Isla De Los Estados, Olga, Percal, Pinkat, Prissa, Dani Umpi, Leandro Viernes. Punto de Encuentro. 18.9.-8.11.<\/li>\n<li><a href=\"http:\/\/www.museos.buenosaires.gov.ar\/mam.htm\">Museo de Arte Moderno<\/a>, Palacio de Correos, Av. Corrientes 172, 2. Stock (Di-Fr 10-20, Sa, So und feiertags 11-20 Uhr): Marie Orensanz, Retrospektive 1963 \/ 2007. Kuratorin: Laura Buccellato. S\u00e4le A, B, C und D. 20.9.-18.11. \/ \u201eSincron\u00edas\u201c, Auswahl junger kolumbianischer K\u00fcnstler. Kuratorin: Mar\u00eda Iovino. Saal E. Seit 20.9.<\/li>\n<li><a href=\"http:\/\/www.mnba.org.ar\/\">Museo Nacional de Bellas Artes (MNBA)<\/a>, Av. del Libertador 1473 (Di-Fr 12.30-19.30, Sa und So 9.30-19.30 Uhr, Eintritt frei): \u201eLa pintura espa\u00f1ola (1880-1930) en la colecci\u00f3n del MNBA\u201c. 19.9.-11.11.<\/li>\n<li><a href=\"http:\/\/www.ccborges.org.ar\/\">Centro Cultural Borges<\/a>, Viamonte\/San Mart\u00edn (Mo-Sa 10-21, So 12-21 Uhr. Eintritt 6 Pesos, Rentner und Studenten 3 Pesos; World Press Photo: Eintritt 8 Pesos, Rentner und Studenten 5 Pesos): \u201eP\u00e1ramo\u201c, Werke von Jos\u00e9 Luis Landet, Mauro Giaconi, Omar Barquet. Ausstellung # 26 im Zyklus Borges\/Contempor\u00e1neo. Koordination: Laura Spivak. Saal 9, Erdgeschoss. 11.10.-4.11. \/ \u201eWorld Press Photo 07\u201c. Saal 21. 25.10.-18.11. \/ Diego Perrotta, \u201eLa Red del Caos\u201c, Zeichnungen. Zyklus \u201eLa L\u00ednea Piensa\u201c. Saal 10. 25.10.-18.11. \/ \u201eConexi\u00f3n: Geometr\u00edas y Cuerpos\u201c, Werke von Ana Giovinazzo und Alejandra Stier. Kuratorin: Marion de Haenen. Er\u00f6ffnung: 8.11. Bis 2.12.<\/li>\n<\/ul>\n<p><em><strong>Sonstige Ausstellungen<\/strong><\/em><\/p>\n<ul>\n<li>\u201eIII. Proyecto Cubo 2007\/2008\u201c. Werke von Maria Paula Caradonti, Diego Acu\u00f1a, Renata Morini und Gabriela Caregnato. Kurator: N\u00e9stor Zanona. Gastkritikerin: Ana Mar\u00eda Battistozzi. Pabell\u00f3n 4 Arte Contempor\u00e1neo, Uriarte 1332, Palermo Viejo. Mo-Sa 16-20 Uhr. 28.8.-6.10.08.<\/li>\n<li>\u201eOP_ERA: El Cuerpo como Interfase\u201c, Projekt von Daniela Kutschat Hanns und Rejane Cantoni, Kuratorin: Arlindo Machado, Espacio Fundaci\u00f3n Telef\u00f3nica, Arenales 1540. 20.9.-16.12.<\/li>\n<li>\u201eEn Clave Surrealista\u201c, Graphiken von Goya und Dal\u00ed. Pabell\u00f3n de las Bellas Artes der Katholischen Universit\u00e4t UCA, Alicia Moreau de Justo 1300. Di-So 11-19 Uhr. Eintritt frei. 4.10.-4.11.<\/li>\n<li>Alfredo Plank, \u201ePeque\u00f1a Retrospectiva\u201c, Gem\u00e4lde. Museo de Bellas Artes \u201eBenito Quinquela Mart\u00edn\u201c, Av. Pedro de Mendoza 1835, La Boca. Di-So 10-18 Uhr. 6.10.-4.11.<\/li>\n<li>\u201eFive Argentine Artists\u201c, Carlos Arnaiz, Juan Astica, Carlos Bissolino, Teresa Pereda, Charles Vuillermet. <a href=\"http:\/\/www.wussmann.com\/\">Wussmann Fine Arts<\/a>, 70 Washington Street #6K, Dumbo, Brooklyn, New York, USA. Seit 6.10.<\/li>\n<li>Eduardo Hoffmann, \u201eR\u00edo Son\u00e1mbula\u201c. Galer\u00eda Isabel Anchorena, Arenales 1239, T\u00fcr 4. Mo-Fr 11-20, Sa 11-13 Uhr. 9.10.-17.11.<\/li>\n<li>Claudia Aranovich, \u201eNatural &#8211; Artificial\u201c. Empat\u00eda Galer\u00eda de Arte, Carlos Pellegrini 1255. 9.10.-16.11.<\/li>\n<li>Gemeinschaftsausstellung mit Gem\u00e4lden, Graphiken, Zeichnungen und Fotos der K\u00fcnstler Ra\u00fal Ponce, Graciela Henr\u00edquez, Teresa Lascano, Pedro Roth, Rosa Mastropietro, Cristina Manganello, Stella Sidi, Irma Amato, Enrique P\u00e9rsico, Rub\u00e9n Borr\u00e9, Celia Adler, Alberto Arjona, Alberto Peri, Otilio Moraleja, Mar\u00eda Eugenia Varela, Alda Mar\u00eda Armagni, Cristina Dartiguelongue, Zulema Petruchasnsky, Marta P\u00e9rez Temperley, Mar\u00eda del Carmen Rodr\u00edguez, Cristina Sicardi, Marcelo Mayorga, Mat\u00edas Kdeik, Francisco Gonz\u00e1lez Colque, Oscar Caputo Bruno, Blas Eliseo Rodr\u00edguez, Eugenio Bianco, Carlos Carmona, Liliana Trotta, Mirta Narosky, Fernando Maitines, Hilda Mans, Mirta Ripoll, Eugenio Monferran, Linda Cassagnes, Mabel Castro, Margit Ljosaa, Clara Mazzini, Alberto Corso, Jes\u00fas Marcos, Katty Darquibel, Luis Casta\u00f1o, Gladis Martinengo, Estela Nieto, Noem\u00ed Paviglia Niti. MEIJOME Espacio de Arte, Matheu 358, Buenos Aires. Mo-Fr 14-20, Sa 10-13 Uhr. 9.10.-10.11.<\/li>\n<li>Florencia Blanco, \u201eAproximaci\u00f3n\u201c. La Biblioth\u00e8que, Uruguay 1223, rote T\u00fcr. Mo-Fr 15-20 Uhr. 10.10.-2.11.<\/li>\n<li>Armando Dami\u00e1n Dilon, Gem\u00e4lde. Asociaci\u00f3n Cultural Pestalozzi, Ram\u00f3n Freire 1882, Belgrano R. Di-Fr 14-19 Uhr. 11.10.-2.11.<\/li>\n<li>Violeta Mollo, \u201eMi espacio\u201c. Zyklus \u201eMarchas y Periplos\u201c. Kuratorin: Ana Gallardo. Fundaci\u00f3n Esteban Lisa, Sala de Exposiciones, Rocamora 4555. Mo-Fr 16-21 Uhr. 16.10.-9.11.<\/li>\n<li>\u201eBuenos Aires Art &#8211; Argentinian Contemporary Art in London\u201c, Werke von Carla Bertone, Nessy Cohen, Claudia Del R\u00edo, Rafael Gonz\u00e1lez Moreno, Carlos Herrera, Juan Mart\u00edn Juares, Leonel Luna, Sebastiano Mauri, Claudia Mazzucchelli, Miguel Mitlag, Mar\u00eda Noel, Josefina Robirosa, Chino Soria, Andr\u00e9s Waissman. Projekt: In\u00e9s Etchebarne, Sebasti\u00e1n Alderete. Kuratorinnen: Gachi Prieto, Florencia Braga Men\u00e9ndez. <a href=\"http:\/\/www.eyestorm.com\/artists\/profile\/Buenos%20Aires:_Art%20for%20Export.html\">Eyestorm Gallery<\/a>, 5\/11 Sumner Street (neben der Tate Modern), Southbank, SE 1, London, Gro\u00dfbritannien. 17.10.-9.11.<\/li>\n<li>Carlos Gorriarena, \u201eItinerarios 1957-2007\u201c. Kuratorin: Diana B. Wechsler. Museo de la Universidad Nacional de Tres de Febrero (MUNTREF), Valent\u00edn G\u00f3mez 4838, Caseros, Prov. Buenos Aires (gegen\u00fcber der Zugstation). Mo-Sa 11-20 Uhr. F\u00fchrungen Sa 15.30 Uhr. 18.10.-30.12.<\/li>\n<li>\u201eProyecto Vidriera\u201c. K\u00fcnstlerin: M\u00f3nica Van Asperen. Kuratorin: Sonia Becce. Galer\u00eda Isidro Miranda Casa Central, Estados Unidos 726, San Telmo. Di-So 12-19 Uhr. 18.10.-9.11.<\/li>\n<li>Elizabeth Peluffo, Tuschzeichnungen. Atica, Libertad 1240, Erdgeschoss \u201e9\u201c. Mo-Fr 11-13 und 15-20, Sa 11-13.30 Uhr. 18.10.-10.11.<\/li>\n<li>Dino Bruzzone, Fotos. Zyklus Specials, im Rahmen der FOTOGRAFICA BOGOT\u00c0 2007. <a href=\"http:\/\/www.colombobogota.edu.co\/\">Centro Colombo Americano<\/a>, Sede Centro: Calle 19 No. 2-49, Bogot\u00e1, Kolumbien. Mo-Fr 11-19, Sa 10-16 Uhr. 19.10.-16.11.<\/li>\n<li>Ana L\u00eda Werthein, \u201ePunto y l\u00ednea sobre el campo\u201c, Gem\u00e4lde (im Saal). \/ FinZonaUrbana (Colectivo Cultural), \u201eCiclario &#8211; Punto de partida\u201c (in der Pampa). <a href=\"http:\/\/www.galeriabarbarie.com\/\">Barbarie<\/a>, Primera Galer\u00eda Rural de Arte Contempor\u00e1neo (Erste Galerie auf dem Land mit Zeitgen\u00f6ssischer Kunst), Estancia La Cinacina, Lavalle 1, San Antonio de Areco, Prov. Buenos Aires (Ruta 8 &#8211; km 112). Di und Fr-So 11-17 Uhr. 20.10.-9.12.<\/li>\n<li>Lola Frexas, Mar\u00eda Presta, Cristina Coroleu, \u201eTres Mujeres&#8230; juegan, jugaron y jugar\u00e1n&#8230; con Agua\u201c. Mediterr\u00e1nea Galer\u00eda de Arte, Pacheco 2380 (Monroe 4900), Villa Urquiza. Mo-Fr 10-20.30, Sa 10-17 Uhr. 20.10.-15.11.<\/li>\n<li>Mar\u00eda Bedoian, j\u00fcngste Werke. \/ Magdalena Pagano, Zeichnungen 06\/07. \/ Loreto Gar\u00edn Guzm\u00e1n, \u201eIn \u2013 mundos\u201c. Im \u201eGabinete de Arte y Pol\u00edtica\u201c. Arcimboldo Galer\u00eda de Arte, Reconquista 761, PA (Hochgeschoss) \u201e14\u201c. Mo-Fr 15-19, Sa 11-13 Uhr. 22.10.-17.11.<\/li>\n<li>Patricio Larrambebere. Sein Werk \u00fcber die Eisenbahnen, Gem\u00e4lde und Performances. Pasaje 17 Espacio de Arte, Pasaje de la Piedad N\u00b0 17 (Bme. Mitre 1575, Klingel 17), Di-Fr 11-19 Uhr. 24.10.-30.11.<\/li>\n<li>Pablo de la Riestra, Historische Deutsche Architektur, Zeichnungen. Museo Nacional de Arte Decorativo, Av. del Libertador 1902. Seit 24.10.<\/li>\n<li>Kirin, \u201eUroboro\u201c, Gem\u00e4lde, Objekte und ein Klangkunstwerk. Daniel Maman Fine Art, Av. del Libertador 2475. Mo-Fr 11.30-20, Sa 11.30-15.30 Uhr. 24.10.-24.11.<\/li>\n<li>Juan Miguel Dothas, \u201eSintagma\u201c, Gem\u00e4lde. <a href=\"http:\/\/www.elsidelrio.com.ar\/\">Elsi del Rio Arte Contempor\u00e1neo<\/a>, Ar\u00e9valo 1748 (zwischen Honduras und El Salvador), Palermo Hollywood. Di-Fr 15-20, Sa 11-14 Uhr. 25.10.-24.11.<\/li>\n<li>Florian von der Fecht, \u201eArgentina &#8211; Miradas y Texturas\u201c, Fotos. Galer\u00eda Thames, Thames 1776, Palermo. Mo-Sa 13-20 Uhr. 25.10.-6.11.<\/li>\n<li>Fabiana Barreda, Roque Fraticelli, Claudio Gallina, \u201eTres visiones\u201c. <a href=\"http:\/\/www.fundacionmundonuevo.org\/\">Mundo Nuevo Art Gallery<\/a>, Av. Callao 1870, Erdgeschoss. Seit 25.10.<\/li>\n<li>Guido Chouela, \u201eArquitectura Curiosa\u201c, Fotos. <a href=\"http:\/\/www.hermeth.com.ar\/sitio\/index.php\">Hermeth Photo Gallery<\/a>, 11 de Septiembre 1181, \u201eB\u201c, Belgrano. Do-Fr-Sa 15-20 Uhr. 25.10.-24.11.<\/li>\n<li>Lila Siegrist, \u201eAvatar en Abate\u201c. <a href=\"http:\/\/www.danielabategaleria.com.ar\/\">Daniel Abate Galer\u00eda<\/a>, Pasaje Bollini 2170. Seit 25.10.<\/li>\n<li>Gabriel Sainz, \u201eUna suerte de eternidad\u201c. Holz Galer\u00eda de Arte, Arroyo 862. Mo-Fr 10-20, Sa 10-14 Uhr. Seit 26.10.<\/li>\n<li>\u201ePrimera Expo de Arte Villero\u201c (Erste Expo von Kunst aus den Elendsvierteln), organisiert von Fantasma Producciones. Kino, Video, bildende Kunst, Fotografie, Skulptur, Musik, Schilder, Installationen etc. K\u00fcnstler: Julio Arieta, Theaterschule, Kino \/ Oscar Wagener, Zavaleta Tatoo Studio \/ Roy Falco und Pepi, Wandmalereien \/ Pablo Jos\u00e9, Gem\u00e4lde \/ Ram\u00f3n Avila, Fotos \/ Javier Barilaro, Gem\u00e4lde \/ Cinthia Avila, Fotos \/ Sergito, Sprayerkunst \/ Proyecto Odisea 20, Videos und Fotos \/ Centro Cultural El Perro, Gem\u00e4lde, Skulpturen, Graphiken \/ Mart\u00edn Roisi, Fotos. Teilnehmende Villas: Villa 20, Villa 21, Barrio Piedra Buena, Villa Zavaleta, Villa Soldati, Villa 31, Villa 31b,  Boquitas Pintadas Pop Hotel, Estados Unidos 1399. T\u00e4glich 11-18, Do 11-22 Uhr. 26.10.-24.11.<\/li>\n<li>\u201eModernidad extraviada\u201c, Fotos von Jorge Mi\u00f1o und Gem\u00e4lde von Lux Lindner. Galer\u00eda de la Alianza Francesa de Buenos Aires, C\u00f3rdoba 946, 1. Stock. Mo-Fr 9-21.30, Sa 9-14 Uhr. 31.10.-14.12.<\/li>\n<li>Marcelo Brodsky, \u201eBuena Memoria\u201c, Fotos. Colegio Nacional de Buenos Aires, Bolivar 236. 31.10.-21.11.<\/li>\n<li>Diana Chorne, \u201eArtes del Juego\u201c. Espacio de Arte der AMIA, Pasteur 633. Mo-Do 10-19, Fr 10-16 Uhr. 1.11.-30.11.<\/li>\n<li>\u201e<a href=\"http:\/\/experienciasensible.blogspot.com\/\">Experiencia Sensible<\/a>\u201c, Fotos von Gustavo Frittegotto, Gerardo Repetto, Norberto Salerno, Pablo Tapia, Constanza Vicco. Projektleiter: Julio Fuks. \/ Br\u00edgida Baltar (Brasilien), \u201eEntre Paredes\u201c, Zeichnungen, Fotos und Videos. 713 Arte Contempor\u00e1neo, Defensa 713. San Telmo. Di-So 13-19 Uhr. 1.11.-16.12.<\/li>\n<li>\u201eIm\u00e1genes de este lado del mundo\u201c, Fotos, Dokumentarvideos, Experimentelle Videos, Zeichentrickfilme aus Uruguay, Chile, Brasilien, Venezuela, Paraguay, Bolivien und Argentinien. Centro Cultural General San Mart\u00edn, Hall A\/B, Sarmiento 1551. Seit 1.11.<\/li>\n<li>\u201eLa Fotograf\u00eda de Boda -1860\u20131960\u201c (Hochzeitsfotos 1860-1960). Sammlung Abel Alexander. Goethe-Schule, E. Reclus 2250, La Horqueta, Boulogne, San Isidro. 2.11.-20.11.<\/li>\n<li>XVI. \u201eEsculturas en el jard\u00edn\u201c, Werke von mehr als 20 argentinischen Bildhauern. Kuratorin: Nelly Perazzo. Im Andalusischen Garten. \/ Juan Antonio Spotorno, Holzschnitte, Gem\u00e4lde, Keramiken. Zyklus \u201eArtistas de Belgrano\u201c. Kurator: Jorge Bedoya. Im Museum. Museo de Arte Espa\u00f1ol Enrique Larreta, Juramento 2291. Er\u00f6ffnung: 3.11., 12 Uhr. Bis 3.12.<\/li>\n<li>\u201eArte-m 07 &#8211; Jornadas de las Artes\u201c, Live-Musik, Installationen, Kurzfilme, Workshops, Marionettentheater, Stencil, Masken, Stra\u00dfenkunst. Saal 1: Werke der K\u00fcnstler aus den Workshops des Museums. \/ Saal 2: Konzeptuelle Kunst. Ausstellende K\u00fcnstler: Alejandro Orellana; Ricardo Barreto, Ezequiel Cuenca, Michelle Fern\u00e1ndez und Hern\u00e1n Ag\u00fcero. \/ Sal\u00f3n de las Artes: Gem\u00e4lde und Installationen von Huaira Basaber, Fernanda Laguna, Gustavo R\u00edos, Guadalupe P\u00e9rez, Adriana Minoliti, Fanny Romero, Marianela Leguizam\u00f3n, Anita Regue, Karin Szymanksy, Mariela Scafati, Ariel Cal\u00f3, Eduardo Argara\u00f1\u00e1s, \u00c1ngeles Crovetto, Gisela Here, Aurora Rosales, Gast\u00f3n Cammarata, Patricia Mart\u00ednez, Anabella Papa, Gabriel Tandis, Anal\u00eda Ramos, Mat\u00edas Caballero, Jorge L\u00f3pez, Florencia Cabeza, Marta Cali. Stra\u00dfenkunst: Sergio Diaz, von MPT (Stra\u00dfenk\u00fcnstlergruppe, die unter dem Vorzeichen arbeitet: \u201eDie \u00f6ffentlichen Pl\u00e4tze sind f\u00fcr alle da\u201c). Museo Hist\u00f3rico de La Matanza Brig. Gral. Don Juan Manuel de Rosas, Virrey del Pino, La Matanza, Buenos Aires. M. Herrera, zwischen Correa und Colastin\u00e9 (Ruta Nacional N\u00ba 3 Km. 40,200). Er\u00f6ffnung von Arte-m: 3.11., 16 Uhr. Bis 17.11. Komplettes Programm <a href=\"http:\/\/www.proyecto-m.org.ar\/\">hier<\/a>.<\/li>\n<li><a href=\"http:\/\/www.meacvad.org\/\">MEACVAD 2007<\/a> (Euroamerikanisches Kino-, Video- und Digitalkunstfestival). Er\u00f6ffnung: 5.11., 15 Uhr, im Espacio Fundaci\u00f3n Telef\u00f3nica (Arenales 1540). Andere Veranstaltungsorte: Alianza Francesa de Buenos Aires (Av. C\u00f3rdoba 946) und Goethe-Institut (Av. Corrientes 319). Bis 9.11. Der deutsche Videok\u00fcnstler und Experimentalfilmer Bj\u00f8rn Melhus stellt sein Werk im Goethe-Institut am 8.11. und 9.11. jeweils um 19.30 Uhr vor. Der Eintritt ist frei. Moderatoren sind Ana Claudia Garc\u00eda (Donnerstag) und Rodrigo Alonso (Freitag). Infos <a href=\"http:\/\/www.goethe.de\/ins\/ar\/bue\/esindex.htm\">hier<\/a>.<\/li>\n<li>K\u00fcnstler aus Rosario: Werke vom Meistern wie Antonio Berni, Le\u00f3nidas Gambartes, Juan Grela, Eduardo Ser\u00f3n und Adolfo Nigro sowie Arbeiten von jungen, preisgekr\u00f6nten Talenten wie Sebasti\u00e1n Pinciroli, Mauro Guzm\u00e1n, Marcelo Villegas und Silvia Lenard\u00f3n. \/ Hommage f\u00fcr den Architekten Angel Guido, der das Fahnen-Monument in Rosario geschaffen hat, seinen Bruder, den Wandmaler Alfredo Guido, und seine Tochter, die Schriftstellerin Beatriz Guido. Kuratorin: Nancy Rojas. Angel.Guido.Art.Proyect, Suipacha 1217. Mo-Fr 11-19 Uhr. Er\u00f6ffnung: 7.11., 19 Uhr.<\/li>\n<li>\u201eHomenaje a Ides Kihlen\u201c, Hommageausstellung anl\u00e4sslich des 90. Geburtstags der K\u00fcnstlerin. Coppa Oliver Arte, Talcahuano 1287 A. Er\u00f6ffnung: 7.11., 19 Uhr.<\/li>\n<li>Fotografie-Messe <a href=\"http:\/\/www.buenosairesphoto.com\/\">\u201eBuenos Aires Photo\u201c<\/a>. Palais de Glace, Posadas 1725. \u00d6ffnungszeiten: 13-21 Uhr. Eintritt 15 Pesos. 7.11.-11.11.<\/li>\n<li>Die <a href=\"http:\/\/www.rubbers.com.ar\/\">Galerie Rubbers Internacional<\/a> feiert ihren 50. Geburtstag mit einer Ausstellung von Luis Felipe No\u00e9, mit Gem\u00e4lden der letzten 10 Jahre, seit der K\u00fcnstler zur Galerie geh\u00f6rt, und Fotos von der Geschichte der Galerie. Galer\u00eda Rubbers Internacional, Av. Alvear 1595. Mo-Fr 11-20 Uhr. Er\u00f6ffnung: 8.11., 19 Uhr.<\/li>\n<li>Projekt \u201eniundiasinunalinea\u201c (Kein Tag ohne eine Linie), Zeichnungen von Javier Bernasconi, Cecilia Coppo, Pablo Engel, Omar Estela, Tom\u00e1s Fracchia, Lux Lindner, H\u00e9ctor Meana, Marcela Oliva, Alfonso Piantini und Alejandro Scasso. <a href=\"http:\/\/www.niundiasinunalinea.com.ar\/\">Im Internet<\/a> seit 2006. Er\u00f6ffnung des neuen Ausstellungssaales in der Stra\u00dfe Defensa 1455, San Telmo: 9.11., 19 Uhr.<\/li>\n<li>\u201eapt (apto para todo p\u00fablico)\u201c, Werke von Fernando Bedoya, Carla Benedetti, Mar\u00eda Paula Caradonti, Guadalupe Fern\u00e1ndez, Guido Fern\u00e1ndez, Roberto Fern\u00e1ndez, Luis \u201eEl B\u00falgaro\u201c Freisztav, Mar\u00eda Ib\u00e1\u00f1ez Lago, Santiago Iturralde, Maggie de Koenigsberg, Tadeo Muleiro, Duilio Pierri, Felipe Pino, Sof\u00eda Pombar, Emilio Reato, Juli\u00e1n Riboratti, M\u00f3nica Rojas, Marcia Schvartz, Javier Torres. <a href=\"http:\/\/www.masottatorres.com.ar\/\">MasottaTorres &#8211; Nodo de Arte Contempor\u00e1neo<\/a>, M\u00e9xico 459, San Telmo. Er\u00f6ffnung: 9.11., 19 Uhr. Bis 7.12.<\/li>\n<li>\u201eNo-Arte-Si \u2013 Itinerarios de la vanguardia platense. La Plata-Buenos Aires 1960\u20131970\u201c. Museo de Arte Contempor\u00e1neo Latinoamericano de La Plata (MACLA), S\u00e4le 1, 2, 3 und 4, Calle 50 entre 6 y 7. Er\u00f6ffnung: 9.11., 19 Uhr. Bis 1.1.08.<\/li>\n<\/ul>\n","protected":false},"excerpt":{"rendered":"<p>Click aqu\u00ed para leer la versi\u00f3n en castellano. Ausstellungs-Kalender 03.11.07-10.11.07 In der Ausstellung \u201eConexi\u00f3n: Geometr\u00edas y Cuerpos\u201c werden die gezeichneten K\u00f6rper der K\u00fcnstlerin Alejandra Stier geometrischen Skulpturen der Bildhauerin Ana Giovinazzo gegen\u00fcbergestellt. Er\u00f6ffnung Donnerstagabend im Centro Cultural Borges. Ausstellungszentren MALBA (Museo de Arte Latinoamericano de Buenos Aires), Av. Figueroa Alcorta 3415 (Do-Mo und feiertags 12-20 [&hellip;]<\/p>\n","protected":false},"author":1,"featured_media":0,"comment_status":"open","ping_status":"open","sticky":false,"template":"","format":"standard","meta":{"footnotes":""},"categories":[3],"tags":[],"class_list":["post-1248","post","type-post","status-publish","format-standard","hentry","category-kalender-agenda"],"_links":{"self":[{"href":"https:\/\/kunstinargentinien.com\/index.php\/wp-json\/wp\/v2\/posts\/1248","targetHints":{"allow":["GET"]}}],"collection":[{"href":"https:\/\/kunstinargentinien.com\/index.php\/wp-json\/wp\/v2\/posts"}],"about":[{"href":"https:\/\/kunstinargentinien.com\/index.php\/wp-json\/wp\/v2\/types\/post"}],"author":[{"embeddable":true,"href":"https:\/\/kunstinargentinien.com\/index.php\/wp-json\/wp\/v2\/users\/1"}],"replies":[{"embeddable":true,"href":"https:\/\/kunstinargentinien.com\/index.php\/wp-json\/wp\/v2\/comments?post=1248"}],"version-history":[{"count":0,"href":"https:\/\/kunstinargentinien.com\/index.php\/wp-json\/wp\/v2\/posts\/1248\/revisions"}],"wp:attachment":[{"href":"https:\/\/kunstinargentinien.com\/index.php\/wp-json\/wp\/v2\/media?parent=1248"}],"wp:term":[{"taxonomy":"category","embeddable":true,"href":"https:\/\/kunstinargentinien.com\/index.php\/wp-json\/wp\/v2\/categories?post=1248"},{"taxonomy":"post_tag","embeddable":true,"href":"https:\/\/kunstinargentinien.com\/index.php\/wp-json\/wp\/v2\/tags?post=1248"}],"curies":[{"name":"wp","href":"https:\/\/api.w.org\/{rel}","templated":true}]}}