{"id":1253,"date":"2007-11-03T09:00:55","date_gmt":"2007-11-03T12:00:55","guid":{"rendered":"http:\/\/kunstinargentinien.com\/index.php\/2007\/11\/03\/erfolgreiche-foto-messe\/"},"modified":"2007-11-02T09:23:47","modified_gmt":"2007-11-02T12:23:47","slug":"erfolgreiche-foto-messe","status":"publish","type":"post","link":"https:\/\/kunstinargentinien.com\/index.php\/2007\/11\/03\/erfolgreiche-foto-messe\/","title":{"rendered":"Erfolgreiche Foto-Messe"},"content":{"rendered":"<p><strong>Fotografie-Messe \u201cBuenos Aires Photo\u201d<\/p>\n<p><em>Von Susanne Franz<\/em><\/strong><\/p>\n<div align=center><img decoding=\"async\" id=\"image1256\" alt=Marcos2.jpg src=\"http:\/\/kunstinargentinien.com\/wp-content\/uploads\/2007\/11\/Marcos2.jpg\" \/><br \/>\n<em>Die Galerie Elsi del R\u00edo zeigt u.a. Werke von Marcos Zimmermann.<\/em><\/div>\n<p>Vom 7. bis 11. November wird erneut die in den beiden vergangenen Jahren sehr erfolgreiche Fotografie-Messe \u201cBuenos Aires Photo\u201d im Palais de Glace (Posadas 1759) veranstaltet, an der 30 Galerien aus neun L\u00e4ndern teilnehmen, neben lateinamerikanischen Spanien, Frankreich und die USA. Zum ersten Mal pr\u00e4sentiert die Messe ein Gastland &#8211; Brasilien, das seine Fotokunst mit einer historischen Bilderausstellung und zeitgen\u00f6ssischer Fotografie des Instituto Moreira Salles vorstellt.<\/p>\n<p>Unter den argentinischen Galerien sind Ruth Benzacar, Arte x Arte, Elsi del Rio, Dabbah Torrej\u00f3n, Ernesto Catena Fotograf\u00eda Contempor\u00e1nea, Daniel Abate, Alberto Sendros, Arcimboldo, Pabell\u00f3n 4, 713 Arte Contempor\u00e1neo und Poema 20; es werden Werke von K\u00fcnstlern wie Grete Stern, Annemarie Heinrich, Dino Bruzzone, Flavia Da Rin, Marcos L\u00f3pez, RES, Sandro Pereira und vielen anderen gezeigt. Als Rahmenprogramm werden jeden Abend um 18 Uhr im Auditorium Fundaci\u00f3n Deloitte Vortr\u00e4ge \u00fcber das Thema Fotografie gehalten.<\/p>\n<p>Ge\u00f6ffnet ist die Messe t\u00e4glich von 13-21 Uhr, der Eintritt kostet 15 Pesos. Mehr Informationen finden Sie <a href=\"http:\/\/www.buenosairesphoto.com\/\">hier<\/a>.<\/p>\n<p><em>Erschienen im &#8220;Argentinischen Tageblatt&#8221; vom 03.11.07.<\/em><\/p>\n","protected":false},"excerpt":{"rendered":"<p>Fotografie-Messe \u201cBuenos Aires Photo\u201d Von Susanne Franz Die Galerie Elsi del R\u00edo zeigt u.a. Werke von Marcos Zimmermann. Vom 7. bis 11. November wird erneut die in den beiden vergangenen Jahren sehr erfolgreiche Fotografie-Messe \u201cBuenos Aires Photo\u201d im Palais de Glace (Posadas 1759) veranstaltet, an der 30 Galerien aus neun L\u00e4ndern teilnehmen, neben lateinamerikanischen Spanien, [&hellip;]<\/p>\n","protected":false},"author":1,"featured_media":0,"comment_status":"open","ping_status":"open","sticky":false,"template":"","format":"standard","meta":{"footnotes":""},"categories":[4],"tags":[],"class_list":["post-1253","post","type-post","status-publish","format-standard","hentry","category-tipp-der-woche-recomendacion-de-la-semana"],"_links":{"self":[{"href":"https:\/\/kunstinargentinien.com\/index.php\/wp-json\/wp\/v2\/posts\/1253","targetHints":{"allow":["GET"]}}],"collection":[{"href":"https:\/\/kunstinargentinien.com\/index.php\/wp-json\/wp\/v2\/posts"}],"about":[{"href":"https:\/\/kunstinargentinien.com\/index.php\/wp-json\/wp\/v2\/types\/post"}],"author":[{"embeddable":true,"href":"https:\/\/kunstinargentinien.com\/index.php\/wp-json\/wp\/v2\/users\/1"}],"replies":[{"embeddable":true,"href":"https:\/\/kunstinargentinien.com\/index.php\/wp-json\/wp\/v2\/comments?post=1253"}],"version-history":[{"count":0,"href":"https:\/\/kunstinargentinien.com\/index.php\/wp-json\/wp\/v2\/posts\/1253\/revisions"}],"wp:attachment":[{"href":"https:\/\/kunstinargentinien.com\/index.php\/wp-json\/wp\/v2\/media?parent=1253"}],"wp:term":[{"taxonomy":"category","embeddable":true,"href":"https:\/\/kunstinargentinien.com\/index.php\/wp-json\/wp\/v2\/categories?post=1253"},{"taxonomy":"post_tag","embeddable":true,"href":"https:\/\/kunstinargentinien.com\/index.php\/wp-json\/wp\/v2\/tags?post=1253"}],"curies":[{"name":"wp","href":"https:\/\/api.w.org\/{rel}","templated":true}]}}