{"id":1254,"date":"2007-11-04T11:29:19","date_gmt":"2007-11-04T14:29:19","guid":{"rendered":"http:\/\/kunstinargentinien.com\/index.php\/2007\/11\/04\/die-verschwundenen-in-der-kunst\/"},"modified":"2007-11-03T11:30:57","modified_gmt":"2007-11-03T14:30:57","slug":"die-verschwundenen-in-der-kunst","status":"publish","type":"post","link":"https:\/\/kunstinargentinien.com\/index.php\/2007\/11\/04\/die-verschwundenen-in-der-kunst\/","title":{"rendered":"\u201cDie Verschwundenen in der Kunst\u201d"},"content":{"rendered":"<p><strong>Seminar \u201cHomo Sacer. El lugar de los desaparecidos en el arte\u201d im CCEBA<\/p>\n<p><em>Von Susanne Franz<\/em><\/strong><\/p>\n<p><img decoding=\"async\" id=\"image1255\" alt=Fosa2.jpg src=\"http:\/\/kunstinargentinien.com\/wp-content\/uploads\/2007\/11\/Fosa2.jpg\" align=left hspace=5 \/>Vom 6. bis 8. November findet im Spanischen Kulturzentrum CCEBA, Zweigstelle Paran\u00e1 1159, das von Tom\u00e1s Ruiz Rivas koordinierte Expertentreffen \u201cHomo Sacer. El lugar de los desaparecidos en el arte\u201d (Die Verschwundenen in der Kunst) statt, in dessen Rahmen Kunsthistoriker, Medienwissenschaftler, Dokumentarfilmer, K\u00fcnstler und forensische Anthropologen gemeinsam dar\u00fcber diskutieren wollen, ob es m\u00f6glich ist, den all ihrer Rechte beraubten Menschen, den Verschwundenen, einen symbolischen Ort in der Kunst zu geben, oder zumindest einen sprachlichen Rahmen zu erarbeiten, der es erlaubt, \u201c\u00fcber das Unaussprechliche zu sprechen\u201d.<\/p>\n<p>Einer der Teilnehmer ist der \u00f6sterreichische Dokumentarfilmer G\u00fcnter Schwaiger (geb. 1955), dessen Film \u201cDer Mord in Santa Cruz\u201d (Santa Cruz por ejemplo, Spanien 2005, Spanisch mit deutschen Untertiteln) die Exhumierung eines Massengrabs aus der Franco-Diktatur dokumentiert. Nach der Filmvorf\u00fchrung (6.11., 19 Uhr) findet ein von Tom\u00e1s Ruiz Rivas moderiertes Gespr\u00e4ch mit Schwaiger statt.<\/p>\n<p>N\u00e4here Informationen und weiteres Programm <a href=\"http:\/\/www.cceba.org.ar\/tapa\/tapa.pl\">auf der Webseite des CCEBA<\/a>.<\/p>\n<p><em>Foto: G\u00fcnter Schwaiger arbeitet auch mit Video-Installationen wie hier, &#8220;Massengrab&#8221;.<\/p>\n<p>Erschienen im &#8220;Argentinischen Tageblatt&#8221; vom 03.11.07.<\/em><\/p>\n","protected":false},"excerpt":{"rendered":"<p>Seminar \u201cHomo Sacer. El lugar de los desaparecidos en el arte\u201d im CCEBA Von Susanne Franz Vom 6. bis 8. November findet im Spanischen Kulturzentrum CCEBA, Zweigstelle Paran\u00e1 1159, das von Tom\u00e1s Ruiz Rivas koordinierte Expertentreffen \u201cHomo Sacer. El lugar de los desaparecidos en el arte\u201d (Die Verschwundenen in der Kunst) statt, in dessen Rahmen [&hellip;]<\/p>\n","protected":false},"author":1,"featured_media":0,"comment_status":"open","ping_status":"open","sticky":false,"template":"","format":"standard","meta":{"footnotes":""},"categories":[4],"tags":[],"class_list":["post-1254","post","type-post","status-publish","format-standard","hentry","category-tipp-der-woche-recomendacion-de-la-semana"],"_links":{"self":[{"href":"https:\/\/kunstinargentinien.com\/index.php\/wp-json\/wp\/v2\/posts\/1254","targetHints":{"allow":["GET"]}}],"collection":[{"href":"https:\/\/kunstinargentinien.com\/index.php\/wp-json\/wp\/v2\/posts"}],"about":[{"href":"https:\/\/kunstinargentinien.com\/index.php\/wp-json\/wp\/v2\/types\/post"}],"author":[{"embeddable":true,"href":"https:\/\/kunstinargentinien.com\/index.php\/wp-json\/wp\/v2\/users\/1"}],"replies":[{"embeddable":true,"href":"https:\/\/kunstinargentinien.com\/index.php\/wp-json\/wp\/v2\/comments?post=1254"}],"version-history":[{"count":0,"href":"https:\/\/kunstinargentinien.com\/index.php\/wp-json\/wp\/v2\/posts\/1254\/revisions"}],"wp:attachment":[{"href":"https:\/\/kunstinargentinien.com\/index.php\/wp-json\/wp\/v2\/media?parent=1254"}],"wp:term":[{"taxonomy":"category","embeddable":true,"href":"https:\/\/kunstinargentinien.com\/index.php\/wp-json\/wp\/v2\/categories?post=1254"},{"taxonomy":"post_tag","embeddable":true,"href":"https:\/\/kunstinargentinien.com\/index.php\/wp-json\/wp\/v2\/tags?post=1254"}],"curies":[{"name":"wp","href":"https:\/\/api.w.org\/{rel}","templated":true}]}}