{"id":12568,"date":"2012-09-08T13:55:42","date_gmt":"2012-09-08T16:55:42","guid":{"rendered":"http:\/\/kunstinargentinien.com\/?p=12568"},"modified":"2012-09-14T11:56:04","modified_gmt":"2012-09-14T14:56:04","slug":"agenda-kalender-328","status":"publish","type":"post","link":"https:\/\/kunstinargentinien.com\/index.php\/2012\/09\/08\/agenda-kalender-328\/","title":{"rendered":"Agenda \/ Kalender"},"content":{"rendered":"<p><a href=\"http:\/\/kunstinargentinien.com\/index.php\/2012\/09\/08\/kalender-agenda-339\/\">Klicken Sie hier, um die deutsche Version zu lesen.<\/a><\/p>\n<p><strong>Agenda de Muestras 08\/09\/2012-15\/09\/2012<\/p>\n<p><em>Por Susanne Franz<\/em><\/strong><\/p>\n<p><a href=\"http:\/\/kunstinargentinien.com\/wp-content\/uploads\/2012\/09\/sur2.jpg\"><img loading=\"lazy\" decoding=\"async\" src=\"http:\/\/kunstinargentinien.com\/wp-content\/uploads\/2012\/09\/sur2.jpg\" alt=\"\" title=\"sur2\" width=\"250\" height=\"250\" class=\"alignright size-full wp-image-12571\" srcset=\"https:\/\/kunstinargentinien.com\/wp-content\/uploads\/2012\/09\/sur2.jpg 250w, https:\/\/kunstinargentinien.com\/wp-content\/uploads\/2012\/09\/sur2-150x150.jpg 150w\" sizes=\"auto, (max-width: 250px) 100vw, 250px\" \/><\/a>Hoy. s\u00e1bado, 8 de septiembre, a las 12.30 horas, se inaugura en el Museo de Arte <a href=\"http:\/\/www.tigre.gov.ar\/turismo\/2081_sur_polar_iv._arte_en_antartida,_la_nueva_experiencia_del_mat.htm\">Tigre<\/a> (Paseo Victorica 972, Tigre, Provincia de Buenos Aires), &#8220;Sur Polar IV. Arte en Ant\u00e1rtida&#8221;, exposici\u00f3n internacional con obras de 31 artistas de Argentina, Alemania\/Italia, Inglaterra, Francia, Bulgaria, Brasil, M\u00e9xico, Estados Unidos, Canad\u00e1, Australia, India y Nueva Zelanda, con la organizaci\u00f3n y curadur\u00eda de Andrea Juan.<\/p>\n<p>La exhibici\u00f3n est\u00e1 integrada por obras que permiten al espectador entrar en contacto con la belleza de ese helado paisaje y acceder a informaci\u00f3n sobre las investigaciones que se llevan a cabo en ese territorio. <\/p>\n<p>La mayor\u00eda de los artistas participantes fueron seleccionados en diferentes periodos para realizar la &#8220;Residencia de Arte en Ant\u00e1rtida&#8221; en las Bases Argentinas, proyecto llevado adelante en el marco del Programa de Cultura de la Direcci\u00f3n Nacional del Ant\u00e1rtico y el Ministerio de Relaciones Exteriores. <\/p>\n<p>La exposici\u00f3n se lleva a cabo en el marco de la <a href=\"http:\/\/www.rojas.uba.ar\/programacion\/cultura_sostenible.php\">&#8220;IV Conferencia y Festival Internacional de Arte y Cultura Ant\u00e1rtica. Ciencia. Comunidad y Di\u00e1logos Polares&#8221;<\/a>, organizado por la Direcci\u00f3n Nacional del Ant\u00e1rtico (DNA). En este contexto se realizan actividades en el Centro Cultural Rojas, la Canciller\u00eda Argentina y el Museo de Arte Tigre. La muestra tiene el auspicio de la <a href=\"http:\/\/www.buenos-aires.diplo.de\/Vertretung\/buenosaires\/es\/Startseite.html\">Embajada de Alemania<\/a>, y las embajadas de Canad\u00e1 y Australia.<\/p>\n<p>Las muestras de la semana:<!--more--><\/p>\n<p><strong><em>Centros de exposiciones<\/em><\/strong><\/p>\n<ul>\n<li><a href=\"http:\/\/centroculturalrecoleta.org\/ccr-sp\/\">Centro Cultural Recoleta<\/a>, Jun\u00ed\u00adn 1930, Buenos Aires (Lun-Vie 14-21, S\u00e1b 10-21, Dom y feriados 12-21 hs. Entrada libre): Pablo Garber, &#8220;Ponete un Disco&#8221;, fotos. Sala Prometeus. 05.09.-07.10. \/ &#8220;Premio Fundaci\u00f3n Andreani 2011-2012&#8221;. Salas 4, 5 y 6. 05.09.-07.10. \/ Diana Schuster y Patricia Altmark, &#8220;Contrapunto&#8221;, pinturas. Sala 11. 05.09.-07.10. \/ Ricardo Ajler, &#8220;Ciudad Para\u00edso, un lugar&#8221;. Sala 10. 05.09.-07.10. \/ Fabi\u00e1n Arnaldi, &#8220;Bit\u00e1cora urbana de un argentino en Londres&#8221;. Espacio Historieta. 05.09.-07.10. \/ Josefina Robirosa, pinturas. Sala Cronopios. 06.09.-14.10. \/ Kuki Bensky, &#8220;Mentiras de amor&#8221;. Sala 7. Inauguraci\u00f3n: 13.09., 18 hs. Hasta 07.10.<\/li>\n<li>Centro Cultural Borges, Viamonte\/San Mart\u00edn, Buenos Aires (Lun-S\u00e1b 10-21, Dom y feriados 12-21 hs. Entrada para Tinguely: $25, jubilados y estudiantes $20): Jean Tinguely (Suiza, 1925-1991), dibujos, esculturas, fotos y films. 26.07.-27.09.<\/li>\n<li><a href=\"http:\/\/www.malba.org.ar\/web\/\">Malba<\/a> (Museo de Arte Latinoamericano de Buenos Aires), Av. Figueroa Alcorta 3415, Buenos Aires (Jue-Lun y feriados 12-20 hs, Mi\u00e9 hasta 21 hs, Mar cerrado. Entrada 30 pesos, docentes, jubilados y estudiantes 15 pesos, menores de 5 a\u00f1os sin cargo. Mi\u00e9: Entrada 15 pesos, docentes, jubilados y estudiantes sin cargo): V\u00edctor Grippo, Muestra Homenaje. Sala 3 (1\u00ba piso). 26.07.-22.10. \/ &#8220;Contempor\u00e1neo 29&#8221;: Mat\u00edas Duville, &#8220;Safari&#8221;. Curador invitado: Santiago Garc\u00eda Navarro. Sala 1 (Planta Baja). 26.07.-29.10. \/ Beatriz Milhazes (Brasil), pinturas 1999-2012. Curador invitado: Fr\u00e9d\u00e9ric Paul. Sala 5 (2\u00ba piso). Inauguraci\u00f3n: 13.09., 19 hs. Hasta 19.11.<\/li>\n<li><a href=\"http:\/\/www.mnad.org\/\">Museo Nacional de Arte Decorativo<\/a>, Av. del Libertador 1902, Buenos Aires (Mar-Vie 14-19, S\u00e1b y Dom 12-19 hs. Entrada $30, jubilados y estudiantes $10, martes gratis): &#8220;Meraviglie dalle Marche. Seiscientos a\u00f1os de pintura italiana&#8221;. 07.07.-30.09.<\/li>\n<li><a href=\"http:\/\/www.proa.org\/esp\/\">Fundaci\u00f3n Proa<\/a>, Pedro de Mendoza 1929, La Boca, Buenos Aires (Mar-Dom 11-19 hs, Lun cerrado. Entrada $12, jubilados $8 y estudiantes $4; Mar gratis para estudiantes): &#8220;Pop, realismos y pol\u00edtica: 58 artistas de Brasil y la Argentina&#8221;. Curadores: Paulo Herkenhoff y Rodrigo Alonso. 14.07.-fines de septiembre.<\/li>\n<li><a href=\"http:\/\/www.derhuman.jus.gov.ar\/conti\/default.htm\">Centro Cultural de la Memoria Haroldo Conti<\/a>, Av. Del Libertador 8151, Buenos Aires (Mar-Vie 12-21, S\u00e1b, Dom y feriados 11-21 hs. Lunes cerrado. Entrada gratuita): Sub [Cooperativa de Fot\u00f3grafos], &#8220;Sujeto en la Fontera&#8221;. Fotogaler\u00eda. 14.08.-30.09.\/ Daniel Garc\u00eda, &#8220;Nachleben&#8221;, dibujos y pinturas. Sala 1. 25.08.-04.11. \/ Fabi\u00e1n Trigo, &#8220;Cap\u00edtulo|451&#8221;, instalaci\u00f3n. Sala 2. 25.08.-04.11. \/ &#8220;IV Premio CCM Haroldo Conti&#8221;, Categor\u00eda: Artes Visuales. Selecci\u00f3n de Proyectos Presentados. Sala 3. 25.08.-04.11. \/ Valeria Calvo y Hern\u00e1n Salamanco, &#8220;A veces s\u00f3lo le daba las rojas&#8221;, intervenciones. Sala Dos Paredes. 25.08.-04.11.<\/li>\n<li><a href=\"http:\/\/www.palaisdeglace.gob.ar\/\">Palais de Glace<\/a>, Posadas 1725, Buenos Aires (Mar-Vie 12-20, S\u00e1b y Dom 10-20 hs. Visitas guiadas: S\u00e1b 17 y 18 hs. Entrada libre y gratuita): &#8220;Arte por Tres: Un siglo de pintura argentina en las colecciones de bancos p\u00fablicos&#8221; (Pinturas al cuidado del Banco Central de la Rep\u00fablica Argentina, Banco de la Naci\u00f3n Argentina y Banco de la Provincia de Buenos Aires). Curadores: Alberto Giudici, Alberto del Santo, Ana Periss\u00e9. 16.08.-16.09.<\/li>\n<li>FotoGaler\u00ed\u00ada del Teatro San Mart\u00ed\u00adn, Av. Corrientes 1530, Buenos Aires (Lun-Vie desde las 12 hs, S\u00e1b y Dom desde las 14 hs, hasta la finalizaci\u00f3n de las actividades del d\u00eda en el teatro. Entrada libre): Michael Crouser (Estados Unidos), &#8220;Los Toros&#8221;, fotos. En el marco del <a href=\"http:\/\/www.encuentrosabiertos.com.ar\/\">&#8220;Festival de la Luz&#8221; 2012<\/a>. 07.08.-30.09. \/ Roberto Fern\u00e1ndez Ib\u00e1\u00f1ez (Uruguay), &#8220;Elogio de la No-Pasi\u00f3n&#8221;, fotos. En el marco del <a href=\"http:\/\/www.encuentrosabiertos.com.ar\/\">&#8220;Festival de la Luz&#8221; 2012<\/a>. 07.08.-30.09. \/ &#8220;Moderno Buenos Aires&#8221;. Muestra organizada junto con el Consejo Profesional de Arquitectura y Urbanismo. Desde 04.09.<\/li>\n<li>EspacioFotogr\u00e1fico del Teatro de la Ribera, Av. Pedro de Mendoza 1821, Buenos Aires (Mar-Dom 10-20, Lun 10-17 hs. Entrada libre): Emmanuel Santos (Filipinas, Australia), &#8220;Sandugo. Un pacto de sangre&#8221;, fotos. Curador: Juan Travnik. En el marco del <a href=\"http:\/\/www.encuentrosabiertos.com.ar\/\">&#8220;Festival de la Luz&#8221; 2012<\/a>. 04.08.-11.10.<\/li>\n<\/ul>\n<p><em><strong>Otras exposiciones<\/strong><\/em><\/p>\n<ul>\n<li>&#8220;Mediomundo&#8221;, proyecto de <a href=\"http:\/\/www.mapaliquido.com.ar\/sitio\/index.php\">Mapa L\u00edquido<\/a>. Obras de Fernando Brizuela, Fabiana Barreda, Julieta Escard\u00f3, Daniela Fiorentino, Gilda Picabea, Daniel Callori, Camilo Guinot, Jorge Opazo, Juan Giribaldi, Nazarena Pereyra, Maria Ligthowler, Lisa Gim\u00e9nez, Maja Lascano, Guadalupe G\u00f3mez Pintus, Silvina D\u2019Alessandro, Pablo Lapadula, Marcela Rapallo y Brian Maltz. Curador: Lucas Mar\u00edn. <a href=\"http:\/\/www.panyarte.com.ar\/\">Pan y Arte<\/a>, Av. Boedo 880, Buenos Aires. Visitas: todos los d\u00edas a toda hora. 10.07.-09.09.<\/li>\n<li>Juan Batalla, &#8220;Cuerpo de Obra&#8221;, ensamblajes de caucho sobre madera, fotograf\u00edas, un traje-objeto y una obra de videoarte. <a href=\"http:\/\/www.museocaraffa.org.ar\/\">Museo Emilio Caraffa<\/a>, Sala 5, Av. Poeta Lugones 411, Ciudad de C\u00f3rdoba, Argentina. Tel. (54-351) 434-3348\/49. 12.07.-13.09.<\/li>\n<li>Ver\u00f3nica G\u00f3mez, &#8220;Reino Pel\u00edcano&#8221;. Galer\u00eda Foster Catena, Honduras 4882, 1\u00ba piso, Buenos Aires. Mar-S\u00e1b 13-19.30 hs. 13.07.-21.09.<\/li>\n<li>Premios MAMba-Fundaci\u00f3n Telef\u00f3nica &#8220;Arte y Nuevas Tecnolog\u00edas&#8221;, 7ma. edici\u00f3n. <a href=\"http:\/\/www.fundacion.telefonica.com.ar\/espacio\/\">Espacio Fundaci\u00f3n Telef\u00f3nica<\/a>, Arenales 1540, Buenos Aires. 19.07.-15.09.<\/li>\n<li><a href=\"http:\/\/www.fundacion.telefonica.com\/es\/que_hacemos\/conocimiento\/exposiciones\/actuales\/minuphone.htm\">Marta Minuj\u00edn, &#8220;Minuphone 1967-2012&#8221;<\/a>. Espacio Fundaci\u00f3n Telef\u00f3nica, Arenales 1540, Buenos Aires. Mi\u00e9, Jue y Vie 18-20 hs. Desde 20.07.<\/li>\n<li>Rob Verf, pinturas, objetos, fotograf\u00edas y videos del per\u00edodo 2000-2012. Curadora: Mar\u00eda Elena Lucero. <a href=\"http:\/\/castagninomacro.org\/info\/castagnino\/\">Museo Castagnino<\/a>, Pellegrini 2202, Rosario, Provincia de Santa Fe. Lun, Mi\u00e9, Jue y Vie 14-20 hs. Martes cerrado. S\u00e1b y Dom 13-19 hs. Entrada: $4. Menores de 12 a\u00f1os: gratis. 03.08.-15.10.<\/li>\n<li>&#8220;La pasi\u00f3n en el jard\u00edn&#8221;, fotograf\u00eda mexicana actual. Obras de Heidi Aguilar, Lourdes Almeida, Marina del Campo, Miguel Fematt, Cristina Kahlo, Norma Suarez, Manuel Velazquez, Vida Yovanovich. Curadora: Graciela Kartofel. En el marco del <a href=\"http:\/\/www.encuentrosabiertos.com.ar\/\">&#8220;Festival de la Luz&#8221; 2012<\/a>. Museo Casa de Yrurtia, O\u2019Higgins 2390, Belgrano, Buenos Aires. Mar-Vie 13-19, S\u00e1b y Dom 15-19 hs. 05.08.-30.09.<\/li>\n<li>&#8220;El doble de una vida&#8221;, obras de Andr\u00e9 Kert\u00e9sz (Hungr\u00eda\/Francia, 1894-1985). En el marco del <a href=\"http:\/\/www.encuentrosabiertos.com.ar\/\">&#8220;Festival de la Luz&#8221; 2012<\/a>. Espacio de Arte Fundaci\u00f3n Osde, Suipacha 658, 1\u00ba piso, Buenos Aires. Lun-S\u00e1b 12-20 hs. 09.08.-29.09.<\/li>\n<li>Cayetano Arcid\u00edacono, &#8220;Serie Vac\u00edos&#8221;, fotos. En el marco del <a href=\"http:\/\/www.encuentrosabiertos.com.ar\/\">&#8220;Festival de la Luz&#8221; 2012<\/a>. Arcimboldo Galer\u00eda de Arte, Reconquista 761, &#8220;14&#8221;, Buenos Aires. Lun-Vie 15-19 hs. 09.08.-11.09.<\/li>\n<li>Steve McCurry (Estados Unidos), fotograf\u00edas. En el marco del <a href=\"http:\/\/www.encuentrosabiertos.com.ar\/\">&#8220;Festival de la Luz&#8221; 2012<\/a>. Centro Cultural Jos\u00e9 Amadeo Conte Grand San Juan, San Luis esquina Las Heras, San Juan, Provincia de San Juan. Lun-S\u00e1b 16-21 hs. 09.08.-09.09.<\/li>\n<li>Jos\u00e9 Pilone (Uruguay), &#8220;Autorretrato con ropa&#8221;, fotos. En el marco del <a href=\"http:\/\/www.encuentrosabiertos.com.ar\/\">&#8220;Festival de la Luz&#8221; 2012<\/a>. Escuela Argentina de Fotograf\u00eda, Campos Salles 2155, Buenos Aires. Lun-Vie 14-21 hs. 10.08.-10.09.<\/li>\n<li>&#8220;Bosque&#8221;, obras de Miguel \u00c1ngel C\u00e1rdenes, Silvia De Paula, Constanza Mart\u00ednez, Rosa Skific. Curador: M\u00e1ximo Jacoby. <a href=\"http:\/\/www.pasaje17.com\/\">Pasaje 17 Arte Contempor\u00e1neo<\/a>, Bartolom\u00e9 Mitre 1559, Buenos Aires. Lun-Vie 11-19 hs. 15.08.-20.09.<\/li>\n<li><a href=\"http:\/\/www.patriciamuller.com.ar\/\">Patricia M\u00fcller<\/a>, &#8220;Pasiones&#8221;, fotos. En el marco del <a href=\"http:\/\/www.encuentrosabiertos.com.ar\/\">&#8220;Festival de la Luz&#8221; 2012<\/a>. <a href=\"http:\/\/www.gestioncultural.eco.unc.edu.ar\/fotogaleria\/#inicio-fotog\">Fotogaler\u00eda de la Facultad de Ciencias Econ\u00f3micas<\/a>, Universidad Nacional de C\u00f3rdoba, Av. Valpara\u00edso s\/n, Ciudad Universitaria, C\u00f3rdoba. Lun-Vie 10-20 hs. 15.08.-21.09.<\/li>\n<li>Marina Dogliotti, &#8220;Nuestra Am\u00e9rica. La esperanza&#8221;. Museo Catedral, Calle 14 e\/ 51 y 53, La Plata, Provincia de Buenos Aires. Mar-Dom 10-19 hs. 16.08.-07.10.<\/li>\n<li>Egar Murillo, &#8220;Todo fluye&#8221;, pinturas. <a href=\"http:\/\/www.vanriel.com.ar\/\">Galer\u00eda van Riel<\/a>, Juncal 790, PB, Buenos Aires. Lun-Vie 15-20 hs. 16.08.-14.09.<\/li>\n<li>&#8220;Nenas&#8221;, fotograf\u00edas de Ivana Salfity, Karina Acosta, Laura Ortego y Lena Szankay. Curadora: Daniela Gutierrez. En el marco del <a href=\"http:\/\/www.encuentrosabiertos.com.ar\/\">&#8220;Festival de la Luz&#8221; 2012<\/a>. Gachi Prieto Gallery, Uriarte 1976, Buenos Aires. Mar-Vie 13-20, S\u00e1b 12-18 hs. 16.08.-15.09.<\/li>\n<li>Ezequiel Montero Swinnen, &#8220;Pausa el rio&#8221;. <a href=\"http:\/\/www.bsgr.com.ar\/\">Bisagra Arte Contempor\u00e1neo<\/a>, Av. Libertador 6091, 11 C, Buenos Aires. Lun-Vie 14-18 hs. 16.08.-28.09.<\/li>\n<li>&#8220;Troilo x S\u00e1bat&#8221;, dibujos y pinturas del creador del tango <a href=\"http:\/\/www.troilo.com.ar\/\">An\u00edbal Troilo<\/a>, por el caricaturista Hermenegildo S\u00e1bat. <a href=\"http:\/\/www.museos.buenosaires.gob.ar\/muhu\/agenda.html#troilo\">Museo del Humor<\/a>, Av. de los Italianos 851, Puerto Madero, Buenos Aires. Lun-Vie 11-18, S\u00e1b, Dom y feriados 10-20 hs. Entrada: Jue-Dom y feriados $10; Lun, Mar y Mi\u00e9 gratis. Menores de 14 a\u00f1os gratis todos los d\u00edas. Visitas guiadas: Lun-Vie 11 y 14 hs, S\u00e1b y Dom 15 y 18 hs. 16.08.-30.09.<\/li>\n<li><a href=\"http:\/\/www.dolorescasares.com\/\">Dolores Casares<\/a>, &#8220;Inmenciudades&#8221;. Aldo de Sousa Gallery, Arroyo 858, Buenos Aires. Desde 23.08.<\/li>\n<li>Marina Curci, &#8220;Abismo&#8221;, pinturas. <a href=\"http:\/\/www.roart.com.ar\/\">RO Galer\u00eda de Arte<\/a>, Paran\u00e1 1158, Buenos Aires. Lun-Vie 14-20 hs. Desde 23.08.<\/li>\n<li>&#8220;PAPEL arte gr\u00e1fica contempor\u00e1nea&#8221;. Artistas argentinos\/Artistas uruguayos. Artistas uruguayos: Nora Kimelman, Doreen Bayley, \u00c1lvaro Gelabert, Eloisa Ibarra. Artistas argentinos: Silvia Brewda, Sara Slipchinsky, Silvia Dimant, Charito Estrada, Laura Khalloub, Malisa Sales, Maria Guerreiro, Stella Sidi, Daniel Juarez, Gabriela Esterovich, Silvia Rubinson, Rut Rubinson, Cho Yong Hwa, Margit Ljosaa, Renate Levy, Silvana Blasbalg, Elsa Mitsuko Inoue, Laura Vi\u00f1as, Candelaria Palacios. <a href=\"http:\/\/www.fund-romuloraggio.org.ar\/\">Fundaci\u00f3n R\u00f3mulo Raggio<\/a>, Gaspar Campos 861, Vicente L\u00f3pez, Provincia de Buenos Aires. Lun-Vie 13-17 hs. 24.08.-14.09.<\/li>\n<li>Mart\u00ed\u00adn Castillo Morales, &#8220;Webcam&#8221;, fotos y videos. <a href=\"http:\/\/www.pabellon4.com\/\">Pabell\u00f3n 4 Arte Contempor\u00e1neo<\/a>, Uriarte 1332, Buenos Aires. Lun-S\u00e1b 16-20 hs. 28.08.-06.10.<\/li>\n<li>Luz Marchio &#038; <a href=\"http:\/\/www.diegoperrotta.com.ar\/\">Diego Perrotta<\/a>, &#8220;Lugar&#8221;, poes\u00edas y acuarelas. <a href=\"http:\/\/www.casadelbicentenario.gob.ar\/\">Casa del Bicentenario<\/a>, Riobamba 985, Buenos Aires. Mar-Dom y feriados 15-21 hs. Lunes cerrado. Entrada gratuita. 30.08.-30.09.<\/li>\n<li>D\u00e9bora Pierpaoli, &#8220;Escondite y trampa&#8221;, instalaci\u00f3n de cer\u00e1micas y pinturas. \/ &#8220;\u00d3rgano&#8221;, obras de Alejandra Alarc\u00f3n, Elba Bairon, Andr\u00e9s Bedoya, Andr\u00e9s Pereira Paz, Douglas Rodrigo Rada. Curadur\u00eda: Galer\u00eda Kiosko, Santa Cruz, Bolivia. 713 Arte Contempor\u00e1neo, Defensa 713, San Telmo, Buenos Aires. 30.08.-12.10.<\/li>\n<li>Jorge \u00c1lvaro, &#8220;Peque\u00f1a selecci\u00f3n de obras&#8221;. Muestra organizada por Holz Galer\u00eda de Arte. Sofitel Luxury Hotels, Arroyo 841, Buenos Aires. 30.08.-26.09.<\/li>\n<li>Gerardo Feldstein, &#8220;Y no esencia perdida&#8221;. Holz Galer\u00eda de Arte, Arroyo 862, Buenos Aires. Lun-Vie 10-20, S\u00e1b 10-14 hs. 31.08.-15.09.<\/li>\n<li>Lucas Di Pascuale, dibujos. <a href=\"http:\/\/www.rolfart.com.ar\/\">Rolf Art<\/a>, Callao 1880, Recoleta, Buenos Aires. Lun-Vie 11-19.30 hs. 31.08.-28.09.<\/li>\n<li>Daniel Callori, &#8220;El Mar de Ariadna&#8221;, pinturas. <a href=\"http:\/\/www.praxis-art.com\/\">Praxis International Art<\/a>, Arenales 1311, Buenos Aires. Lun-Vie 10.30-20, S\u00e1b 10.30-14 hs. 31.08.-26.09.<\/li>\n<li>&#8220;Intercambio global. Abstracci\u00f3n geom\u00e9trica desde 1950&#8221;. Curador: Joe Houston. Primera exposici\u00f3n en el <a href=\"http:\/\/www.macba.com.ar\/\">MACBA &#8211; Museo de Arte Contempor\u00e1neo de Buenos Aires<\/a>, Av. San Juan 328, Buenos Aires. Mi\u00e9-Lun 11-19 hs, Mar cerrado. Visitas guiadas: Mi\u00e9-Lun 17, S\u00e1b, Dom y feriados 15.30 y 17 hs. Entrada: $20; estudiantes, docentes y jubilados (o mayores de 65 a\u00f1os) con acreditaci\u00f3n $10; menores de 12 a\u00f1os sin cargo. Mi\u00e9 $10; menores de 12 a\u00f1os sin cargo. Desde 01.09.<\/li>\n<li>Juan Jos\u00e9 Cambre, &#8220;Secesi\u00f3n&#8221;, pinturas. <a href=\"http:\/\/www.galeriavasari.com.ar\/\">Galer\u00eda Vasari<\/a>, Esmeralda 1357, Buenos Aires. Lun-Vie 11-20 hs. 05.09.-05.10.<\/li>\n<li>Silvina Benguria, &#8220;Expl\u00edcita&#8221;, pinturas. <a href=\"http:\/\/www.rubbers.com.ar\/\">Galer\u00eda Rubbers Internacional<\/a>, Av. Alvear 1595, Buenos Aires. Lun-Vie 11-20, S\u00e1b 11-13.30 hs. 05.09.-29.09.<\/li>\n<li>Susana Beibe, &#8220;Rompiendo C\u00f3digos&#8221;, instalaci\u00f3n. <a href=\"http:\/\/www.britishartscentre.org.ar\/v2\/home.php\">British Arts Centre<\/a>, Suipacha 1333, Buenos Aires. 05.09.-28.09.<\/li>\n<li>Kuki Benski, &#8220;Alicia T\u00e9 Desea&#8221;, pinturas. Sara Garc\u00eda Uriburu, Uruguay 1223, PB 5, Buenos Aires. Lun-Vie 11-13 y 16-20, S\u00e1b 11-13 hs. 05.09.-28.09.<\/li>\n<li>&#8220;3 Dibujantes&#8221;, obras de Ricardo Lanzarini, M\u00f3nica Mill\u00e1n, Karine Rougier. <a href=\"http:\/\/www.gcarte.net\/\">GC Arte<\/a>, Esmeralda 978, Buenos Aires. Desde 06.09.<\/li>\n<li>II <a href=\"http:\/\/www.bienalkosice.com\/\">Bienal Kosice<\/a>, obras ganadoras y participantes. Planetario Galileo Galilei, Buenos Aires. Informes: 4773-0292. Mar-Vie 13-17, S\u00e1b y Dom 14-19 hs. 15 y 21 de septiembre cerrado. 07.09.-29.09.<\/li>\n<li>Jardiel Valente, &#8220;El esp\u00edritu de la materia&#8221;. <a href=\"http:\/\/www.artemercadoarte.com.ar\/\">Galer\u00eda AMA (artemercadoarte)<\/a>, Venezuela 458, Buenos Aires. Dom-Vie 13-19 hs. 07.09.-03.10.<\/li>\n<li>Santiago Cogorno, &#8220;El arte americano&#8221;, pinturas. Museo Eduardo S\u00edvori, Av. Infanta Isabel 555 (frente al Rosedal de Palermo), Buenos Aires. Mar-Vie 12-20, S\u00e1b, Dom y feriados 10-20 hs. Inauguraci\u00f3n: 08.09., 12 hs. Hasta 21.10.<\/li>\n<li>&#8220;Sur Polar IV. Arte en Ant\u00e1rtida&#8221;, obras de 31 artistas de Argentina, Alemania\/Italia, Inglaterra, Francia, Bulgaria, Brasil, M\u00e9xico, Estados Unidos, Canad\u00e1, Australia, India y Nueva Zelanda. Curadora: Andrea Juan. Museo de Arte Tigre, Paseo Victorica 972, Tigre, Provincia de Buenos Aires, Argentina. Mi\u00e9-Vie 9-19, S\u00e1b y Dom 12-19 hs. Entrada $12; menores de 12 a\u00f1os, residentes de Tigre y jubilados (s\u00f3lo los mi\u00e9rcoles) sin cargo. Inauguraci\u00f3n: 08.09., 12.30 hs. Hasta 07.10.<\/li>\n<li>&#8220;Reencuentro&#8221;, obras de Ver\u00f3nica Barbadillo, Jorge Mu\u00f1ez, Cristina Taranto, Eliana Bouyer, Leticia Rossi, Ver\u00f3nica Garc\u00eda, Marcela Brizuela, Daniela Carbonetti, Jos\u00e9 Gonz\u00e1lez, Laura Londo\u00f1o. <a href=\"http:\/\/www.galeria.espacioamasa.com\/\">Galer\u00eda de Arte Contempor\u00e1neo A+A<\/a>, Calle C\u00f3rdoba 11, San Rafael, Mendoza, Argentina. Tel: 02627-429069. Inauguraci\u00f3n: 08.09., 20-23 hs. Hasta Noviembre.<\/li>\n<li>Celina Saubidet, &#8220;Frutos maduros&#8221;, esculturas. <a href=\"http:\/\/www.elsidelrio.com.ar\/\">Elsi del R\u00edo Arte Contempor\u00e1neo<\/a>, Humboldt 1510, Palermo Hollywood, Buenos Aires. Mar-Vie 14-20, S\u00e1b 11-15 hs. Inauguraci\u00f3n: 10.09., 19-22 hs. Hasta 01.11.<\/li>\n<li>Daniel Joglar, &#8220;Cat\u00e1logo de Colores&#8221;, Mariano Ferrante, &#8220;Construcci\u00f3n Din\u00e1mica N 46-12&#8221;, intervenciones monumentales. Coordinaci\u00f3n: Santiago Bengolea. <a href=\"http:\/\/www.mnba.org.ar\/el_museo.php\">Museo Nacional de Bellas Artes<\/a>, Nuevo Espacio, anexo al Pabell\u00f3n de Exposiciones Temporarias, Av. del Libertador 1473, Buenos Aires. Mar-Vie 12.30-20.30, S\u00e1b y Dom 9.30-20.30 hs. Entrada gratuita. Inauguraci\u00f3n: 12.09., 19 hs.<\/li>\n<li>Marcelo Vattuone, &#8220;El sublime extrav\u00edo&#8221;, pinturas. Galer\u00eda Vesco-Gorriarena, Chacabuco 866, Buenos Aires. Inauguraci\u00f3n: 12.09., 19 hs.<\/li>\n<li>Patricia Valencia Carstens, &#8220;Retroperspectiva&#8221;, obras 2006-2010. Arcimboldo Galer\u00eda de Arte, Reconquista 761, &#8220;14&#8221;, Buenos Aires. Lun-Vie 15-19 hs. Inauguraci\u00f3n: 13.09., 19 hs. Hasta 29.09.<\/li>\n<li>Eugenio Zanetti, &#8220;Tondo&#8221;, pinturas. <a href=\"http:\/\/danielmaman.com\/\">Maman Fine Arte<\/a>, Av. del Libertador 2475, Buenos Aires. Inauguraci\u00f3n: 13.09., 19 hs. Hasta 13.10.<\/li>\n<li>&#8220;100 x 100 Argentinos&#8221;, dise\u00f1os gr\u00e1ficos de cien personalidades de los \u00faltimos cien a\u00f1os. Curador: <a href=\"http:\/\/www.catedrasalomone.com\/index.html\">Pablo Salomone (FADU-UBA)<\/a>. <a href=\"http:\/\/www.cceba.org.ar\/v3\/index.php?\">Centro Cultural de Espa\u00f1a en Buenos Aires (CCEBA)<\/a>, Sedes Florida 943 y Paran\u00e1 1159, Buenos Aires. Lun-Vie 10.30-20, S\u00e1b 10.30-14 hs. Entrada libre y gratuita. 14.09.-19.10.<\/li>\n<\/ul>\n","protected":false},"excerpt":{"rendered":"<p>Klicken Sie hier, um die deutsche Version zu lesen. Agenda de Muestras 08\/09\/2012-15\/09\/2012 Por Susanne Franz Hoy. s\u00e1bado, 8 de septiembre, a las 12.30 horas, se inaugura en el Museo de Arte Tigre (Paseo Victorica 972, Tigre, Provincia de Buenos Aires), &#8220;Sur Polar IV. Arte en Ant\u00e1rtida&#8221;, exposici\u00f3n internacional con obras de 31 artistas de [&hellip;]<\/p>\n","protected":false},"author":1,"featured_media":0,"comment_status":"open","ping_status":"open","sticky":false,"template":"","format":"standard","meta":{"footnotes":""},"categories":[18],"tags":[],"class_list":["post-12568","post","type-post","status-publish","format-standard","hentry","category-agenda"],"_links":{"self":[{"href":"https:\/\/kunstinargentinien.com\/index.php\/wp-json\/wp\/v2\/posts\/12568","targetHints":{"allow":["GET"]}}],"collection":[{"href":"https:\/\/kunstinargentinien.com\/index.php\/wp-json\/wp\/v2\/posts"}],"about":[{"href":"https:\/\/kunstinargentinien.com\/index.php\/wp-json\/wp\/v2\/types\/post"}],"author":[{"embeddable":true,"href":"https:\/\/kunstinargentinien.com\/index.php\/wp-json\/wp\/v2\/users\/1"}],"replies":[{"embeddable":true,"href":"https:\/\/kunstinargentinien.com\/index.php\/wp-json\/wp\/v2\/comments?post=12568"}],"version-history":[{"count":23,"href":"https:\/\/kunstinargentinien.com\/index.php\/wp-json\/wp\/v2\/posts\/12568\/revisions"}],"predecessor-version":[{"id":12704,"href":"https:\/\/kunstinargentinien.com\/index.php\/wp-json\/wp\/v2\/posts\/12568\/revisions\/12704"}],"wp:attachment":[{"href":"https:\/\/kunstinargentinien.com\/index.php\/wp-json\/wp\/v2\/media?parent=12568"}],"wp:term":[{"taxonomy":"category","embeddable":true,"href":"https:\/\/kunstinargentinien.com\/index.php\/wp-json\/wp\/v2\/categories?post=12568"},{"taxonomy":"post_tag","embeddable":true,"href":"https:\/\/kunstinargentinien.com\/index.php\/wp-json\/wp\/v2\/tags?post=12568"}],"curies":[{"name":"wp","href":"https:\/\/api.w.org\/{rel}","templated":true}]}}