{"id":12656,"date":"2012-09-09T14:43:52","date_gmt":"2012-09-09T17:43:52","guid":{"rendered":"http:\/\/kunstinargentinien.com\/?p=12656"},"modified":"2012-09-09T15:23:18","modified_gmt":"2012-09-09T18:23:18","slug":"deutsches-kinofestival-wunderkinder","status":"publish","type":"post","link":"https:\/\/kunstinargentinien.com\/index.php\/2012\/09\/09\/deutsches-kinofestival-wunderkinder\/","title":{"rendered":"Deutsches Kinofestival: &#8220;Wunderkinder&#8221;"},"content":{"rendered":"<p><strong>Ergreifendes Drama \u00fcber junge Musiker w\u00e4hrend der Nazizeit<\/p>\n<p><em>Von Nina Obeloer<\/em><\/strong><\/p>\n<p><a href=\"http:\/\/kunstinargentinien.com\/wp-content\/uploads\/2012\/09\/ninos_prodigio.jpg\"><img loading=\"lazy\" decoding=\"async\" src=\"http:\/\/kunstinargentinien.com\/wp-content\/uploads\/2012\/09\/ninos_prodigio.jpg\" alt=\"\" title=\"Wunderkinder\" width=\"500\" height=\"333\" class=\"aligncenter size-full wp-image-12658\" srcset=\"https:\/\/kunstinargentinien.com\/wp-content\/uploads\/2012\/09\/ninos_prodigio.jpg 500w, https:\/\/kunstinargentinien.com\/wp-content\/uploads\/2012\/09\/ninos_prodigio-300x199.jpg 300w\" sizes=\"auto, (max-width: 500px) 100vw, 500px\" \/><\/a><br \/>\nIn einer ukrainischen Stadt im Jahr 1941 leben Pianistin Larissa (Imogen Burell) und Violinist Abrascha (Elin Kolev), die als Wunderkinder gelten und sogar vor Stalin auftreten. Hanna (Mathilda Adamik), Tochter des ortsans\u00e4ssigen Brauereibesitzers, spielt selbst Geige und w\u00fcnscht sich nichts mehr, als mit den beiden j\u00fcdischen Kindern gemeinsam unterrichtet zu werden. Die beiden sind davon zuerst nicht begeistert, doch als ihre Musiklehrerin zusagt, entwickelt sich eine Freundschaft zwischen den drei Kindern, die ihre Liebe zur Musik teilen. Als deutsche Soldaten in die Stadt einmarschieren, beginnt das Umfeld der Kinder zu zerbrechen. Und der anf\u00e4ngliche Zusammenhalt der deutschen und j\u00fcdischen Familien w\u00e4hrt nicht ewig.<\/p>\n<p>Regisseur Marcus O. Rosenm\u00fcller hat das Thema des dritten Reichs ohne Klischees, allerdings auch ohne gro\u00dfen Blick auf politische Hintergr\u00fcnde aufgegriffen. Der Film zeigt den Krieg aus Perspektive der Kinder &#8211; und eine Freundschaft, die keine Ideologie kennt. Die Schauspielleistungen der Kinder sind besonders hervorzuheben &#8211; vor allem Elin Kolev sollte seine Rolle nicht schwergefallen sein: Er ist schon in Wirklichkeit mit seiner Geige in der Carnegie Hall aufgetreten und gilt als Wunderkind an seinem Instrument.<\/p>\n<p>&#8220;Wunderkinder&#8221; \u00fcberzeugt mit einer intelligenten und ergreifenden Erz\u00e4hlweise, begleitet von bewegender Musik.<\/p>\n<p>Freitag, 14. September, 17 Uhr; Mittwoch, 19. September, 15 Uhr, im Village Recoleta, Buenos Aires.<\/p>\n<p><a href=\"http:\/\/www.cinealeman.com.ar\/festival12\/films\/wunderkinder.html\">Filminfo auf Spanisch.<\/a><\/p>\n","protected":false},"excerpt":{"rendered":"<p>Ergreifendes Drama \u00fcber junge Musiker w\u00e4hrend der Nazizeit Von Nina Obeloer In einer ukrainischen Stadt im Jahr 1941 leben Pianistin Larissa (Imogen Burell) und Violinist Abrascha (Elin Kolev), die als Wunderkinder gelten und sogar vor Stalin auftreten. Hanna (Mathilda Adamik), Tochter des ortsans\u00e4ssigen Brauereibesitzers, spielt selbst Geige und w\u00fcnscht sich nichts mehr, als mit den [&hellip;]<\/p>\n","protected":false},"author":1,"featured_media":0,"comment_status":"open","ping_status":"open","sticky":false,"template":"","format":"standard","meta":{"footnotes":""},"categories":[16,4],"tags":[],"class_list":["post-12656","post","type-post","status-publish","format-standard","hentry","category-film-cine","category-tipp-der-woche-recomendacion-de-la-semana"],"_links":{"self":[{"href":"https:\/\/kunstinargentinien.com\/index.php\/wp-json\/wp\/v2\/posts\/12656","targetHints":{"allow":["GET"]}}],"collection":[{"href":"https:\/\/kunstinargentinien.com\/index.php\/wp-json\/wp\/v2\/posts"}],"about":[{"href":"https:\/\/kunstinargentinien.com\/index.php\/wp-json\/wp\/v2\/types\/post"}],"author":[{"embeddable":true,"href":"https:\/\/kunstinargentinien.com\/index.php\/wp-json\/wp\/v2\/users\/1"}],"replies":[{"embeddable":true,"href":"https:\/\/kunstinargentinien.com\/index.php\/wp-json\/wp\/v2\/comments?post=12656"}],"version-history":[{"count":5,"href":"https:\/\/kunstinargentinien.com\/index.php\/wp-json\/wp\/v2\/posts\/12656\/revisions"}],"predecessor-version":[{"id":12672,"href":"https:\/\/kunstinargentinien.com\/index.php\/wp-json\/wp\/v2\/posts\/12656\/revisions\/12672"}],"wp:attachment":[{"href":"https:\/\/kunstinargentinien.com\/index.php\/wp-json\/wp\/v2\/media?parent=12656"}],"wp:term":[{"taxonomy":"category","embeddable":true,"href":"https:\/\/kunstinargentinien.com\/index.php\/wp-json\/wp\/v2\/categories?post=12656"},{"taxonomy":"post_tag","embeddable":true,"href":"https:\/\/kunstinargentinien.com\/index.php\/wp-json\/wp\/v2\/tags?post=12656"}],"curies":[{"name":"wp","href":"https:\/\/api.w.org\/{rel}","templated":true}]}}