{"id":1267,"date":"2007-11-08T08:07:13","date_gmt":"2007-11-08T11:07:13","guid":{"rendered":"http:\/\/kunstinargentinien.com\/index.php\/2007\/11\/10\/el-espiritu-del-palais-de-tokyo-en-paris\/"},"modified":"2007-11-10T13:10:15","modified_gmt":"2007-11-10T16:10:15","slug":"el-espiritu-del-palais-de-tokyo-en-paris","status":"publish","type":"post","link":"https:\/\/kunstinargentinien.com\/index.php\/2007\/11\/08\/el-espiritu-del-palais-de-tokyo-en-paris\/","title":{"rendered":"El esp\u00edritu del Palais de Tokyo en Par\u00eds"},"content":{"rendered":"<p><strong>&#8220;Midi &#8211; Minuit \/ Mediod\u00eda &#8211; Medianoche&#8221; en el Centro Cultural Recoleta<\/strong><\/p>\n<p>Es el primer env\u00edo de Les Chalet de Tokyo, un nuevo programa de desarrollo del Palais de Tokyo en el exterior que espera evocar el esp\u00edritu de la instituci\u00f3n fuera de su sede y cuyo primer destino es el Centro Cultural Recoleta (Jun\u00edn 1930).<\/p>\n<p>De esta manera, la exposici\u00f3n agrupar\u00e1 a artistas europeos y argentinos cuyos trabajos hacen referencia al \u201ctiempo y la temporalidad\u201d, eje de la muestra.<\/p>\n<p>Desde Europa arriban las obras de Douglas Gordon, Fabrice Gygi, Bruno Peinado, Mathieu Mercier, Philippe Parreno, Fischli et Weiss, John Armleder, Philippe Decrauzat, Renaud Auguste-Dormeuil y Tatiana Trouv\u00e9. En representaci\u00f3n de la Argentina se exponen los trabajos de Lucio Fontana, Carlos Herrera y Jorge Macchi.<\/p>\n<p>Esta exposici\u00f3n tendr\u00e1 esta particularidad: Todos los jueves, el Centro Cultural Recoleta abrir\u00e1 sus puertas desde el mediod\u00eda a medianoche, habr\u00e1 cine, encuentros, debates, m\u00fasica, teatro, danza, performances, pero adem\u00e1s una atm\u00f3sfera, un ambiente, un estilo, una impronta precisamente eso que ha marcado el reconocimiento del Palais de Tokyo en Par\u00eds y que el Centro Cultural Recoleta reproducir\u00e1, con la colaboraci\u00f3n de la Direcci\u00f3n de Festivales del Gobierno de la Ciudad de Buenos Aires.<\/p>\n<p>Salas 4, 5, 6, Villa Villa, Patio del Aljibe, Patio de los Tilos y Espacio Living. Jueves 8, 15, 22, 29 de noviembre y 6 de diciembre abierto de 12 a 24 hs. Cierre: 30 de diciembre a las 21 hs. Todas las actividades son gratuitas <\/p>\n","protected":false},"excerpt":{"rendered":"<p>&#8220;Midi &#8211; Minuit \/ Mediod\u00eda &#8211; Medianoche&#8221; en el Centro Cultural Recoleta Es el primer env\u00edo de Les Chalet de Tokyo, un nuevo programa de desarrollo del Palais de Tokyo en el exterior que espera evocar el esp\u00edritu de la instituci\u00f3n fuera de su sede y cuyo primer destino es el Centro Cultural Recoleta (Jun\u00edn [&hellip;]<\/p>\n","protected":false},"author":1,"featured_media":0,"comment_status":"open","ping_status":"open","sticky":false,"template":"","format":"standard","meta":{"footnotes":""},"categories":[4],"tags":[],"class_list":["post-1267","post","type-post","status-publish","format-standard","hentry","category-tipp-der-woche-recomendacion-de-la-semana"],"_links":{"self":[{"href":"https:\/\/kunstinargentinien.com\/index.php\/wp-json\/wp\/v2\/posts\/1267","targetHints":{"allow":["GET"]}}],"collection":[{"href":"https:\/\/kunstinargentinien.com\/index.php\/wp-json\/wp\/v2\/posts"}],"about":[{"href":"https:\/\/kunstinargentinien.com\/index.php\/wp-json\/wp\/v2\/types\/post"}],"author":[{"embeddable":true,"href":"https:\/\/kunstinargentinien.com\/index.php\/wp-json\/wp\/v2\/users\/1"}],"replies":[{"embeddable":true,"href":"https:\/\/kunstinargentinien.com\/index.php\/wp-json\/wp\/v2\/comments?post=1267"}],"version-history":[{"count":0,"href":"https:\/\/kunstinargentinien.com\/index.php\/wp-json\/wp\/v2\/posts\/1267\/revisions"}],"wp:attachment":[{"href":"https:\/\/kunstinargentinien.com\/index.php\/wp-json\/wp\/v2\/media?parent=1267"}],"wp:term":[{"taxonomy":"category","embeddable":true,"href":"https:\/\/kunstinargentinien.com\/index.php\/wp-json\/wp\/v2\/categories?post=1267"},{"taxonomy":"post_tag","embeddable":true,"href":"https:\/\/kunstinargentinien.com\/index.php\/wp-json\/wp\/v2\/tags?post=1267"}],"curies":[{"name":"wp","href":"https:\/\/api.w.org\/{rel}","templated":true}]}}