{"id":12746,"date":"2012-09-21T21:39:22","date_gmt":"2012-09-22T00:39:22","guid":{"rendered":"http:\/\/kunstinargentinien.com\/?p=12746"},"modified":"2012-09-21T22:02:34","modified_gmt":"2012-09-22T01:02:34","slug":"schonheit-und-nachhaltigkeit","status":"publish","type":"post","link":"https:\/\/kunstinargentinien.com\/index.php\/2012\/09\/21\/schonheit-und-nachhaltigkeit\/","title":{"rendered":"Sch\u00f6nheit und Nachhaltigkeit"},"content":{"rendered":"<p><strong>Kunst und Architektur verschmelzen zu &#8220;Artquitectura&#8221;<\/p>\n<p><em>Von Nina Obeloer<\/em><\/strong><\/p>\n<p><a href=\"http:\/\/kunstinargentinien.com\/wp-content\/uploads\/2012\/09\/CB11.jpg\"><img loading=\"lazy\" decoding=\"async\" src=\"http:\/\/kunstinargentinien.com\/wp-content\/uploads\/2012\/09\/CB11.jpg\" alt=\"\" title=\"CB11\" width=\"250\" height=\"274\" class=\"alignleft size-full wp-image-12753\" \/><\/a><a href=\"http:\/\/kunstinargentinien.com\/index.php\/2012\/09\/08\/nachhaltige-architektur-und-bauweise\/\">&#8220;ECOSuiza&#8221;<\/a>, die Austauschplattform, die von der Schweizer Botschaft und der Schweizer-Argentinischen Handelskammer organisiert wurde, widmete sich dieses Jahr dem Thema &#8220;Nachhaltige Architektur und Bauweise&#8221;. Dementsprechend k\u00fcmmerte man sich auch um die Schnittpunkte von Architektur und Kunst: Unter dem Namen &#8220;Artquitectura&#8221; wurde die Kooperation des Architekturb\u00fcros Richter Dahl Rocha, das \u00fcber Standorte in Buenos Aires sowie in Lausanne verf\u00fcgt, mit der Schweizer K\u00fcnstlerin Catherine Boll pr\u00e4sentiert.<\/p>\n<p>Bei einem der vorgestellten Projekte handelt es sich um die Konzeption des Foyers des Schweizer Tech-Convention Zentrums der Polytechnischen Schule in Lausanne. Hier wurden bei der Planung bunt get\u00f6nte Farbpanele, die Solarenergie empfangen, in die Glasfront des Geb\u00e4udes integriert. Somit werden neuartige Technologien mit einer unkonventionellen Architektur kombiniert und durch k\u00fcnstlerisch hoch anspruchsvolle Ideen erg\u00e4nzt &#8211; denn durch die Farben werden verschiedene Atmosph\u00e4ren im Inneren des Geb\u00e4udes erzeugt, die jeweils vom Lichteinfall beziehungsweise von der Tageszeit abh\u00e4ngen.<\/p>\n<p>Der Schweizer Botschafter Johannes Matyassy fasste die Botschaft, die hinter &#8220;Artquitectura&#8221; steht, wie folgt zusammen: &#8220;Sch\u00f6nheit von Architektur und nachhaltige Konstruktion m\u00fcssen kein Widerspruch sein.&#8221;<\/p>\n","protected":false},"excerpt":{"rendered":"<p>Kunst und Architektur verschmelzen zu &#8220;Artquitectura&#8221; Von Nina Obeloer &#8220;ECOSuiza&#8221;, die Austauschplattform, die von der Schweizer Botschaft und der Schweizer-Argentinischen Handelskammer organisiert wurde, widmete sich dieses Jahr dem Thema &#8220;Nachhaltige Architektur und Bauweise&#8221;. Dementsprechend k\u00fcmmerte man sich auch um die Schnittpunkte von Architektur und Kunst: Unter dem Namen &#8220;Artquitectura&#8221; wurde die Kooperation des Architekturb\u00fcros Richter [&hellip;]<\/p>\n","protected":false},"author":1,"featured_media":0,"comment_status":"open","ping_status":"open","sticky":false,"template":"","format":"standard","meta":{"footnotes":""},"categories":[14],"tags":[],"class_list":["post-12746","post","type-post","status-publish","format-standard","hentry","category-gesellschaft-sociedad"],"_links":{"self":[{"href":"https:\/\/kunstinargentinien.com\/index.php\/wp-json\/wp\/v2\/posts\/12746","targetHints":{"allow":["GET"]}}],"collection":[{"href":"https:\/\/kunstinargentinien.com\/index.php\/wp-json\/wp\/v2\/posts"}],"about":[{"href":"https:\/\/kunstinargentinien.com\/index.php\/wp-json\/wp\/v2\/types\/post"}],"author":[{"embeddable":true,"href":"https:\/\/kunstinargentinien.com\/index.php\/wp-json\/wp\/v2\/users\/1"}],"replies":[{"embeddable":true,"href":"https:\/\/kunstinargentinien.com\/index.php\/wp-json\/wp\/v2\/comments?post=12746"}],"version-history":[{"count":6,"href":"https:\/\/kunstinargentinien.com\/index.php\/wp-json\/wp\/v2\/posts\/12746\/revisions"}],"predecessor-version":[{"id":12754,"href":"https:\/\/kunstinargentinien.com\/index.php\/wp-json\/wp\/v2\/posts\/12746\/revisions\/12754"}],"wp:attachment":[{"href":"https:\/\/kunstinargentinien.com\/index.php\/wp-json\/wp\/v2\/media?parent=12746"}],"wp:term":[{"taxonomy":"category","embeddable":true,"href":"https:\/\/kunstinargentinien.com\/index.php\/wp-json\/wp\/v2\/categories?post=12746"},{"taxonomy":"post_tag","embeddable":true,"href":"https:\/\/kunstinargentinien.com\/index.php\/wp-json\/wp\/v2\/tags?post=12746"}],"curies":[{"name":"wp","href":"https:\/\/api.w.org\/{rel}","templated":true}]}}