{"id":1277,"date":"2007-11-16T08:51:04","date_gmt":"2007-11-16T11:51:04","guid":{"rendered":"http:\/\/kunstinargentinien.com\/index.php\/2007\/11\/16\/agenda-kalender-85\/"},"modified":"2007-11-19T13:52:24","modified_gmt":"2007-11-19T16:52:24","slug":"agenda-kalender-85","status":"publish","type":"post","link":"https:\/\/kunstinargentinien.com\/index.php\/2007\/11\/16\/agenda-kalender-85\/","title":{"rendered":"Agenda \/ Kalender"},"content":{"rendered":"<p><a href=\"http:\/\/kunstinargentinien.com\/index.php\/2007\/11\/16\/kalender-agenda-92\/\">Klicken Sie hier, um die deutsche Version zu lesen.<\/a><\/p>\n<p><strong>Agenda de Muestras 17\/11\/07-24\/11\/07<\/strong><\/p>\n<div align=center><img decoding=\"async\" id=\"image1275\" alt=Gorri2.jpg src=\"http:\/\/kunstinargentinien.com\/wp-content\/uploads\/2007\/11\/Gorri2.jpg\" \/><br \/>\n<em>Carlos Gorriarena, &#8220;Itinerarios 1957-2007&#8221;, en al Museo de la Universidad Nacional de Tres de Febrero (MUNTREF). Hasta 30.12.<\/em><\/div>\n<p><em><strong>Centros de exposiciones<\/strong><\/em><\/p>\n<ul>\n<li><a href=\"http:\/\/www.malba.org.ar\/web\/\">MALBA<\/a> (Museo de Arte Latinoamericano de Buenos Aires), Av. Figueroa Alcorta 3415 (Jue-Lun y feriados 12-20 hs, martes cerrado, Mi\u00e9rcoles hasta 21 hs, entrada libre. Los otros d\u00edas: entrada 12 pesos, docentes y mayores de 65 a\u00f1os 6 pesos, estudiantes, menores de 12 a\u00f1os y discapacitados gratis): &#8220;Intervenci\u00f3n 5&#8221;: Cecilia Szalkowicz, &#8220;Todo es posible&#8221;. 28.06.-mayo de 2008. \/ &#8220;Contempor\u00e1neo 20: M\u00f3nica Giron, &#8220;Neocriollo&#8221;. Curador invitado: Gustavo Buntinx. 18.10.-26.11. \/ &#8220;Oscar Bony. El mago. Obras 1965\/2001&#8221;. Primera gran retrospectiva de uno de los artistas clave en la historia del arte argentino. Curador: Marcelo Pacheco. Inauguraci\u00f3n: 22.11., 19 hs. Hasta 30.01.08.<\/li>\n<p><!--more--><\/p>\n<li><a href=\"http:\/\/www.centroculturalrecoleta.org\/\">Centro Cultural Recoleta<\/a>, Jun\u00edn 1930 (Mar-Vie 14-21, Sab, Dom y feriados 10-21 hs, entrada 1 peso): Enrique Aguirrezabala, acuarelas, collages, dibujos y objetos. Curadora: Clelia Taricco. Sala Cronopios. 19.10.-25.11. \/ &#8220;Midi &#8211; Minuit \/ Mediod\u00eda &#8211; Medianoche&#8221;, primer env\u00edo de Les Chalets de Tokyo, un nuevo programa de desarrollo del Palais de Tokyo en Par\u00eds en el exterior que espera evocar el esp\u00edritu de la instituci\u00f3n fuera de su sede. En las salas 4, 5, 6, Villa Villa, Patio del Aljibe, Living y Patio de los Tilos. 08.11.-30.12. \/ Anank\u00e9 Asseff, &#8220;Cr\u00edmenes banales&#8221;. Curador: Justo Pastor Mellado. Sala &#8220;J&#8221;. 14.11.-09.12. \/ &#8220;2\u00ba Concurso ComunicARTE Prevenci\u00f3n Vial&#8221;. Concurso sobre la Seguridad Vial y los accidentes de tr\u00e1nsito como &#8220;enfermedad social&#8221;. Salas 1 y 2. 15.11.-09.12. \/ Camilo Estrada, &#8220;Patrones&#8221;. Sala 11. 15.11.-09.12. \/ Leandro Katz, &#8220;Tania (m\u00e1scaras y trofeos)&#8221;. Sala 7. 15.11.-09.12. \/ Alejandra Fenochio, &#8220;Cualquier cosa no es cualquier cosa (aunque parezca)&#8221;. Sala 12. 15.11.-09.12. \/ &#8220;30 a\u00f1os descubriendo sitios e inventando espacios&#8221;, retrospectiva de la obra del paisajista Roberto Mulieri. Ciclo de Grandes Arquitectos y Dise\u00f1adores del Paisaje. Sala 8. Inauguraci\u00f3n: 16.11., 19 hs. Hasta 09.12. \/ Gast\u00f3n Vi\u00f1as, &#8220;Schmerzen&#8221;. Espacio Historieta. Inauguraci\u00f3n: 22.11., 19 hs. Hasta 16.12.<\/li>\n<li><a href=\"http:\/\/www.museos.buenosaires.gov.ar\/mam.htm\">Museo de Arte Moderno<\/a>, Palacio de Correos, Av. Corrientes 172, 2\u00ba piso (Mar-Vie 10-20, Sab, Dom y feriados 11-20 hs): Marie Orensanz, Retrospectiva 1963 \/ 2007. Curadora: Laura Buccellato. Salas A, B, C y D. 20.09.-18.11. \/ &#8220;Sincron\u00edas&#8221;, selecci\u00f3n de j\u00f3venes artistas colombianos. Curadora: Mar\u00eda Iovino. Sala E. 20.09.-18.11.<\/li>\n<li><a href=\"http:\/\/www.mnba.org.ar\/\">Museo Nacional de Bellas Artes (MNBA)<\/a>, Av. del Libertador 1473 (Mar-Vie 12.30-19.30, Sab y Dom 9.30-19.30 hs, entrada libre): &#8220;Modelos de Ulm. El dise\u00f1o de la nueva Alemania 1953\/1968&#8221;, una exposici\u00f3n del Instituto para las Relaciones con el Extranjero de Alemania, organizada en cooperaci\u00f3n con el Goethe-Institut Buenos Aires. Inauguraci\u00f3n: 30.11., 19 hs. \/ Tom\u00e1s Maldonado, &#8220;Un itinerario&#8221;. Inauguraci\u00f3n: 30.11., 19 hs.<\/li>\n<li><a href=\"http:\/\/www.ccborges.org.ar\/\">Centro Cultural Borges<\/a>, Viamonte\/San Mart\u00edn (Lun-Sab 10-21, Dom 12-21 hs. Entrada 6 pesos, jubilados y estudiantes 3 pesos; World Press Photo: Entrada 8 pesos, estudiantes y jubilados 5 pesos): &#8220;World Press Photo 07&#8221;. Sala 21. 25.10.-18.11. \/ Diego Perrotta, &#8220;La Red del Caos&#8221;, dibujos. Ciclo &#8220;La L\u00ednea Piensa&#8221;, conducido por Luis Felipe No\u00e9 y Eduardo Stup\u00eda. Sala 10. 25.10.-18.11. \/ &#8220;Conexi\u00f3n: Geometr\u00edas y Cuerpos&#8221;, de las artistas Ana Giovinazzo y Alejandra Stier. Curadora: Marion de Haenen. 08.11.-02.12. \/ &#8220;Once\u00f3polis&#8221;, muestra de fotograf\u00eda documental sobre el barrio del Once. Obras de Leo Mirvois, Bernardita Morello, Natalia Zega, Dafne Gentinetta, Carolina Camps, Eva Fisher, Luciana Passerini, Pep Toni Basa, Javier Moreno, Julieta Caruso, Gimena Yagciyan, Diego Strappa, Ignacio Colo, Ana Yanariba y Cecilia Vazquez dos Santos, del taller de fotograf\u00eda documental &#8220;Fotodoc&#8221;, coordinado por Daniel Merle y Victoria Quintiero. Acompa\u00f1an la muestra textos in\u00e9ditos de Washington Cucurto. 01.11.-18.11. \/ Marina S\u00e1bato, &#8220;Mitad \u00e1ngel, mitad demonio&#8221;, dibujos. Ciclo &#8220;La L\u00ednea Piensa&#8221;, conducido por Luis Felipe No\u00e9 y Eduardo Stup\u00eda. Inauguraci\u00f3n: 22.11., 19 hs.<\/li>\n<\/ul>\n<p><em><strong>Otras exposiciones<\/strong><\/em><\/p>\n<ul>\n<li>III. Proyecto Cubo 2007\/2008. Exposici\u00f3n de Maria Paula Caradonti, Diego Acu\u00f1a, Renata Morini y Gabriela Caregnato. Curador: N\u00e9stor Zanona. Cr\u00edtica invitada: Ana Mar\u00eda Battistozzi. Pabell\u00f3n 4 Arte Contempor\u00e1neo, Uriarte 1332, Palermo Viejo. Lun-Sab 16-20 hs. 28.08.-06.10.08.<\/li>\n<li>&#8220;OP_ERA: El Cuerpo como Interfase&#8221;, proyecto de Daniela Kutschat Hanns y Rejane Cantoni, Curadora: Arlindo Machado, Espacio Fundaci\u00f3n Telef\u00f3nica, Arenales 1540. 20.09.-16.12.<\/li>\n<li>Eduardo Hoffmann, &#8220;R\u00edo Son\u00e1mbula&#8221;. Galer\u00eda Isabel Anchorena, Arenales 1239, Puerta 4. Lun-Vie 11-20, Sab 11-13 hs. 09.10.-17.11.<\/li>\n<li>Carlos Gorriarena, &#8220;Itinerarios 1957-2007&#8221;. Curadora: Diana B. Wechsler. Museo de la Universidad Nacional de Tres de Febrero (MUNTREF), Valent\u00edn G\u00f3mez 4838, Caseros, Prov. Buenos Aires (frente a la estaci\u00f3n). Lun-Sab 11-20 hs. Visitas guiadas Sab 15.30 hs. 18.10.-30.12.<\/li>\n<li>Ana L\u00eda Werthein, &#8220;Punto y l\u00ednea sobre el campo&#8221;, pinturas (muestra en Sala). \/ FinZonaUrbana (Colectivo Cultural), &#8220;Ciclario &#8211; Punto de partida&#8221; (muestra en Pampa). <a href=\"http:\/\/www.galeriabarbarie.com\/\">Barbarie<\/a>, Primera Galer\u00eda Rural de Arte Contempor\u00e1neo, Estancia La Cinacina, Lavalle 1, San Antonio de Areco, Prov. Buenos Aires (Ruta 8 &#8211; km 112). Mar y Vie-Dom 11-17 hs. 20.10.-09.12.<\/li>\n<li>Mar\u00eda Bedoian, obra reciente. \/ Magdalena Pagano, dibujo 06\/07. \/ Loreto Gar\u00edn Guzm\u00e1n, &#8220;In \u2013 mundos&#8221;. En el Gabinete de Arte y Pol\u00edtica. Arcimboldo Galer\u00eda de Arte, Reconquista 761, PA 14. Lun-Vie 15-19, Sab 11-13 hs. 22.10.-17.11.<\/li>\n<li>Patricio Larrambebere. Su obra sobre los ferrocarriles, desde la pintura de caballete a lo perform\u00e1tico. Pasaje 17 Espacio de Arte, Pasaje de la Piedad N\u00b0 17 (Bme. Mitre 1575, timbre 17), Mar-Vie 11-19 hs. 24.10.-30.11. Mesa Redonda en el Auditorio Borges, Bme. Mitre 1563, 21.11., 19 hs., &#8220;Arte Contempor\u00e1neo&#8221;, debate sobre el rol del arte contempor\u00e1neo en el fortalecimiento del ciudadano. Integrantes: Andrea Juan (artista pl\u00e1stica), Patricio Larrambebere, Rosana Leonardi (Lic. en Artes). Moderador: H\u00e9ctor Medici (curador Pasaje 17).<\/li>\n<li>Pablo de la Riestra, dibujos de arquitectura hist\u00f3rica alemana. Museo Nacional de Arte Decorativo, Av. del Libertador 1902. Desde 24.10.<\/li>\n<li>Kirin, &#8220;Uroboro&#8221;, pinturas, objetos y una obra sonora. Daniel Maman Fine Art, Av. del Libertador 2475. Lun-Vie 11.30-20, Sab 11.30-15.30 hs. 24.10.-24.11.<\/li>\n<li>Juan Miguel Dothas, &#8220;Sintagma&#8221;, pinturas. <a href=\"http:\/\/www.elsidelrio.com.ar\/\">Elsi del Rio Arte Contempor\u00e1neo<\/a>, Ar\u00e9valo 1748 (entre Honduras y El Salvador), Palermo Hollywood. Mar-Vie 15-20, Sab 11-14 hs. 25.10.-24.11.<\/li>\n<li>Guido Chouela, &#8220;Arquitectura Curiosa&#8221;, fotos. <a href=\"http:\/\/www.hermeth.com.ar\/sitio\/index.php\">Hermeth Photo Gallery<\/a>, 11 de Septiembre 1181, Unidad B, Belgrano. Jue-Vie-Sab 15-20 hs. 25.10.-24.11.<\/li>\n<li>&#8220;Primera Expo de Arte Villero&#8221;, organizada por Fantasma Producciones. Cine, videos, pl\u00e1stica, fotograf\u00eda, escultura, m\u00fasica, carteles, instalaciones etc. Artistas: Julio Arieta, Escuela de Teatro, producciones de cine \/ Oscar Wagener, Zavaleta Tatoo Studio \/ Roy Falco y Pepi, murales \/ Pablo Jos\u00e9, pintura \/ Ram\u00f3n Avila, fotos \/ Javier Barilaro, pintura \/ Cinthia Avila, fotos \/ Sergito, aereografia \/ Proyecto Odisea 20, videos y fotos \/ Centro Cultural El Perro, pintura, escultura, serigrafia \/ Mart\u00edn Roisi, fotos. Villas participantes: Villa 20, Villa 21, Barrio Piedra Buena, Villa Zavaleta, Villa Soldati, Villa 31, Villa 31b, Barracas  Boquitas Pintadas Pop Hotel, Estados Unidos 1399. Todos los d\u00edas 11-18, Jue 11-22 hs. 26.10.-24.11.<\/li>\n<li>&#8220;Modernidad extraviada&#8221;, fotos de Jorge Mi\u00f1o y pinturas de Lux Lindner. Galer\u00eda de la Alianza Francesa de Buenos Aires, C\u00f3rdoba 946, 1\u00b0 piso. Lun-Vie 9-21.30, Sab 9-14 hs. 31.10.-14.12.<\/li>\n<li>Marcelo Brodsky, &#8220;Buena Memoria&#8221;, fotos. Colegio Nacional de Buenos Aires, Bolivar 236. 31.10.-21.11.<\/li>\n<li>Diana Chorne, &#8220;Artes del Juego&#8221;. Espacio de Arte de AMIA, Pasteur 633. Lun-Jue 10-19, Vie 10-16 hs. 01.11.-30.11.<\/li>\n<li>&#8220;<a href=\"http:\/\/experienciasensible.blogspot.com\/\">Experiencia Sensible<\/a>&#8220;, fotos de Gustavo Frittegotto, Gerardo Repetto, Norberto Salerno, Pablo Tapia, Constanza Vicco. Coordinador: Julio Fuks. \/ Br\u00edgida Baltar (Brasil), &#8220;Entre Paredes&#8221;, dibujos, fotograf\u00edas y videos. 713 Arte Contempor\u00e1neo, Defensa 713. San Telmo. Mar-Dom 13-19 hs. 01.11.-16.12.<\/li>\n<li>&#8220;La Fotograf\u00eda de Boda -1860\u20131960&#8221;. Colecci\u00f3n Abel Alexander. Colegio Goethe, E. Reclus 2250, La Horqueta, Boulogne, San Isidro. 02.11.-20.11.<\/li>\n<li>XVI. &#8220;Esculturas en el jard\u00edn&#8221;, obras de m\u00e1s de 20 escultores argentinos. Curadora: Nelly Perazzo. En el Jard\u00edn Andaluz. \/ Juan Antonio Spotorno, xilograf\u00edas, pinturas, cer\u00e1micas. Ciclo &#8220;Artistas de Belgrano&#8221;. Curador: Jorge Bedoya. En el Museo. Museo de Arte Espa\u00f1ol Enrique Larreta, Juramento 2291. 03.11.-03.12.<\/li>\n<li>&#8220;Arte-m 07 &#8211; Jornadas de las Artes&#8221;, m\u00fasica en vivo, instalaciones, proyecciones de cortos, talleres, t\u00edteres, stencil, m\u00e1scaras, arte callejero. Sala 1: Obras de artistas de los talleres del museo. \/ Sala 2: Arte conceptual. Artistas participantes: Alejandro Orellana; Ricardo Barreto, Ezequiel Cuenca, Michelle Fern\u00e1ndez y Hern\u00e1n Ag\u00fcero. \/ Sal\u00f3n de las Artes: Exposici\u00f3n de pinturas e instalaciones. Artistas: Huaira Basaber, Fernanda Laguna, Gustavo R\u00edos, Guadalupe P\u00e9rez, Adriana Minoliti, Fanny Romero, Marianela Leguizam\u00f3n, Anita Regue, Karin Szymanksy, Mariela Scafati, Ariel Cal\u00f3, Eduardo Argara\u00f1\u00e1s, \u00c1ngeles Crovetto, Gisela Here, Aurora Rosales, Gast\u00f3n Cammarata, Patricia Mart\u00ednez, Anabella Papa, Gabriel Tandis, Anal\u00eda Ramos, Mat\u00edas Caballero, Jorge L\u00f3pez, Florencia Cabeza, Marta Cali. Arte callejero: Sergio Diaz, de la Agrupaci\u00f3n MPT (Grupo de arte callejero cuya premisa es &#8220;los espacios p\u00fablicos son espacios de todos&#8221;). Museo Hist\u00f3rico de La Matanza Brig. Gral. Don Juan Manuel de Rosas, Virrey del Pino, La Matanza. M. Herrera, entre Correa y Colastin\u00e9 (Ruta Nacional N\u00ba 3 Km. 40,200). 03.11.-17.11. Programaci\u00f3n <a href=\"http:\/\/www.proyecto-m.org.ar\/\">aqu\u00ed<\/a>.<\/li>\n<li>&#8220;Primera comuni\u00f3n. Fotograf\u00edas 1860-1960&#8221;, exposici\u00f3n de fotograf\u00eda hist\u00f3rica argentina, integrada por im\u00e1genes de diferentes colecciones privadas. FotoGaler\u00eda del Teatro San Mart\u00edn, Av. Corrientes 1530. Lun-Vie desde las 12 hs., Sab y Dom desde las 14 hs., hasta la finalizaci\u00f3n de las actividades del d\u00eda en el teatro. Entrada libre. 06.11.-02.12.<\/li>\n<li>Paula Senderowicz, &#8220;Pinturas 2007&#8221;. Galer\u00eda Insight Arte, Av. Callao 1777, PB. Lun-Vie 11-20, Sab 11-13 hs. 07.11.-01.12.<\/li>\n<li>Silvia Gurfein, &#8220;Temporal&#8221;, pinturas. Zavaleta Lab, Arroyo 872. Desde 07.11.<\/li>\n<li>Artistas rosarinos: obras de maestros como Antonio Berni, Le\u00f3nidas Gambartes, Juan Grela, Eduardo Ser\u00f3n y Adolfo Nigro, y trabajos de j\u00f3venes premiados como Sebasti\u00e1n Pinciroli, Mauro Guzm\u00e1n, Marcelo Villegas y Silvia Lenard\u00f3n. \/ Homenaje a Angel Guido, arquitecto creador del Monumento a la Bandera en Rosario, su hermano el muralista y pintor Alfredo Guido, y a la escritora Beatriz Guido hija del primero de ellos. Curadora: Nancy Rojas. Angel.Guido.Art.Proyect, Suipacha 1217. Lun-Vie 11-19 hs. Desde 07.11.<\/li>\n<li>&#8220;Homenaje a Ides Kihlen&#8221;, con motivo de sus noventa a\u00f1os. Coppa Oliver Arte, Talcahuano 1287 A. Desde 07.11.<\/li>\n<li><a href=\"http:\/\/www.rubbers.com.ar\/\">Galer\u00eda Rubbers Internacional<\/a> festeja sus 50 a\u00f1os con una muestra de Luis Felipe No\u00e9, con pinturas de los \u00faltimos 10 a\u00f1os, fecha en que el artista se incorpora a la galer\u00eda, y una muestra de fotos hist\u00f3ricos de Rubbers. Galer\u00eda Rubbers Internacional, Av. Alvear 1595. Lun-Vie 11-20 hs. Desde 08.11. <a href=\"http:\/\/adncultura.lanacion.com.ar\/nota.asp?nota_id=957853&#038;origen=acumulado&#038;acumulado_id=6741\">Ver art\u00edculo relacionado.<\/a><\/li>\n<li>&#8220;<a href=\"http:\/\/www.duchampenbsas.com.ar\/\">Duchamp en Bs.As.<\/a>&#8220;, exhibici\u00f3n que da el puntapi\u00e9 inicial al denominado &#8220;a\u00f1o Duchamp&#8221; al conmemorarse 90 a\u00f1os de la estad\u00eda de 9 meses del artista franc\u00e9s en Argentina. Obras de Xil Buffone, Eduardo Costa, Marcel Duchamp, Max G\u00f3mez Canle, Guillermo Gregorio, Marcelo Gutman, IMaDuBA, David Lamelas, Emiliano L\u00f3pez, Emiliano Miliyo, Esteban Pastorino, Gast\u00f3n P\u00e9rsico, Provisorio Permanente, Nicol\u00e1s Radano y Axel Straschnoy. Curador: Marcelo Gutman. Todos los artistas han creado sus trabajos especialmente para esta exhibici\u00f3n. Fondo Nacional de las Artes, Alsina 673. Desde 08.11.<\/li>\n<li>Carlos Ferreyra, &#8220;Colores de la Patria&#8221;, pinturas. EspacioAG, Marcelo T. de Alvear 1175. Lun-Vie 11-20 hs. 08.11.-27.12.<\/li>\n<li>Silvia Goyt\u00eda, pinturas, esculturas, relieves. Galer\u00eda Thames, Thames 1776, Palermo. Lun-Sab 13-20 hs. 08.11.-27.12.<\/li>\n<li>&#8220;No-Arte-Si \u2013 Itinerarios de la vanguardia platense. La Plata-Buenos Aires 1960\u20131970&#8221;. Museo de Arte Contempor\u00e1neo Latinoamericano de La Plata (MACLA), Salas 1, 2, 3 y 4, Calle 50 entre 6 y 7. 09.11.-01.01.08.<\/li>\n<li>&#8220;apt (apto para todo p\u00fablico)&#8221;, obras de Fernando Bedoya, Carla Benedetti, Mar\u00eda Paula Caradonti, Guadalupe Fern\u00e1ndez, Guido Fern\u00e1ndez, Roberto Fern\u00e1ndez, Luis &#8220;El B\u00falgaro&#8221; Freisztav, Mar\u00eda Ib\u00e1\u00f1ez Lago, Santiago Iturralde, Maggie de Koenigsberg, Tadeo Muleiro, Duilio Pierri, Felipe Pino, Sof\u00eda Pombar, Emilio Reato, Juli\u00e1n Riboratti, M\u00f3nica Rojas, Marcia Schvartz, Javier Torres. <a href=\"http:\/\/www.masottatorres.com.ar\/\">MasottaTorres &#8211; Nodo de Arte Contempor\u00e1neo<\/a>, M\u00e9xico 459, San Telmo. 09.11.-07.12.<\/li>\n<li>Justo Solsona, pinturas. Agalma.arte, Libertad 1389. Lun-Vie 12-20, Sab 11-13.30 hs. 09.11.-01.12.<\/li>\n<li>Mariela Gonz\u00e1lez, pinturas y objetos, Lihu\u00e9 Plumilla, esculturas. Curador: Diego Perrotta. La Casa de La Pampa, Suipacha 346. 09.11.-30.11.<\/li>\n<li>Mirta Narosky, &#8220;Personajes del B\u00e1rbaro y sus fantas\u00edas&#8221;. B\u00e1rbaro, Galer\u00eda de Arte en el Subsuelo, Pje. Tres Sargentos 415 (entre San Mart\u00edn y Reconquista). Todos los d\u00edas 9-2 hs. 10.11.-10.12.<\/li>\n<li>Mar\u00eda Vera, &#8220;Ventana Abierta&#8221;. Atica Galer\u00eda de Arte, Libertad 1240, PB &#8220;9&#8221;. Lun-Vie 11-13 y 15-20, Sab 11-13.30 hs. 13.11.-08.12.<\/li>\n<li>Dolores Mendieta, &#8220;Kahuana Am\u00e9rica&#8221;, pinturas. <a href=\"http:\/\/www.centrocultural.coop\/modules\/wfchannel\/\">Centro Cultural de la Cooperaci\u00f3n<\/a>, Av. Corrientes 1543. Lun-Sab 10-22, Dom 17-20.30 hs. Desde 13.11.<\/li>\n<li><a href=\"http:\/\/www.publicotransitorio.com\">&#8220;P\u00fablico Transitorio&#8221;<\/a>, charlas p\u00fablicas, mesas de trabajo y performances de las que participan grupos de arte intervencionista, colectivos de investigaci\u00f3n militante, artistas y educadores de toda Am\u00e9rica latina y Los Angeles. 13.11.-20.11.<\/li>\n<li>Eduardo Faradje, pinturas. Palatina, Arroyo 821. Lun-Vie 10.30-20, Sab 10-13 hs. 14.11.-03.12.<\/li>\n<li>&#8220;La Cultura del Trabajo&#8221;, exposici\u00f3n de fotograf\u00eda y entrega de premios del concurso. <a href=\"http:\/\/www.centroculturaluca.com.ar\/\">Centro Cultural de la UCA<\/a> (Universidad Cat\u00f3lica Argentina), Alicia Moreau de Justo 1300. Mar-Dom 11-19 hs. Entrada libre y gratuita. Visitas guiadas: Sab, Dom y feriados 12.30, 15.30 y 18 hs. 15.11.-16.12.<\/li>\n<li>&#8220;Coleccionables II&#8221;, obras de Cachorro Agote, Fernando Alem\u00e1n, Jorge \u00c1lvaro, Laura Benchetrit, Eduardo Iglesias Brickles, Alicia Carletti, Febe Defelipe, Gabriel Gr\u00fcn, Nicol\u00e1s Guardiola, Jorge Janco, A\u00edda Kolodny, Mart\u00edn Llamedo, Carlos Masoch, Claudia Melo, Diego Perrotta, Mar\u00eda Carolina Porral, Esteban Rivero, Gabriel Sainz, Amador Tanoira, Ignacio Valdez, Mariano Vidal, Mar\u00eda Constanza Villarreal, Germ\u00e1n Wendel, Dar\u00edo Zana, entre otros. Galer\u00eda Holz, Arroyo 862. 15.11.-29.11.<\/li>\n<li>Agust\u00edn Soibelman, pinturas. Del Infinito Arte, Quintana 325, PB. Desde 15.11.<\/li>\n<li>Inti Pujol, dibujos, Ramiro Quesada Pons, fotos. Casa de Mendoza, Av. Callao 445. Desde 15.11.<\/li>\n<li>Nicol\u00e1s Novali y Florencia Almir\u00f3n, &#8220;El jard\u00edn de las delicias&#8221;, instalaci\u00f3n. En el espacio &#8220;El Semillero&#8221;. \/ Dominique Breard, &#8220;Acumular y transformar&#8221;, pinturas e instalaci\u00f3n. Planta baja. \/ &#8220;Proyecto Vidriera&#8221;, intervenci\u00f3n. Artista: Pablo Rosales. Curador: Marcelo de la Fuente. <a href=\"http:\/\/www.isidromiranda.com.ar\/home.html\">Galer\u00eda Isidro Miranda Casa Central<\/a>, Estados Unidos 726, San Telmo. Mar-Dom 12-19 hs. 15.11.-12.12.<\/li>\n<li>v_o_z, &#8220;<a href=\"http:\/\/www.fotolog.com\/v_o_z\">Fotolog e intimidad<\/a>&#8220;. <a href=\"http:\/\/www.fotolog.com\/bellezafelicidad\">Belleza y Felicidad<\/a>, Acu\u00f1a de Figueroa 900. 16.11.-24.12.<\/li>\n<li>Daniel Kaplan, &#8220;Tango Reflections&#8221;, pinturas. Colecci\u00f3n Alvear de Zurbar\u00e1n, Av. Alvear 1658. Lun-Vie 10.30-21, Sab 10.30-13 hs. Inauguraci\u00f3n: 19.11., 19-21.30 hs. Hasta 30.12.<\/li>\n<li>Nora Renan, &#8220;Interiores&#8221;, dibujos y objetos. Arcimboldo Galer\u00eda de Arte, Reconquista 761, PA 14. Lun-Vie 15-19, Sab 11-13 hs. Inauguraci\u00f3n: 19.11., 19-21 hs. Hasta 19.12.<\/li>\n<li>&#8220;Las tramas del arte, ciencia y conservaci\u00f3n en TAREA&#8221;  Muestra organizada por Museo de Arte Hispanoamericano, Fundaci\u00f3n TAREA, Universidad Nacional de San Mart\u00edn. Curadores: Jos\u00e9 Emilio Buruc\u00faa y N\u00e9stor Barrios. Presentaci\u00f3n de los trabajos de conservaci\u00f3n, restauro e investigaci\u00f3n realizados por la Fundaci\u00f3n TAREA en el per\u00edodo 2006-2007, pinturas y esculturas de los siglos XVI al XX. Museo de Arte Hispanoamericano &#8220;Isaac Fern\u00e1ndez Blanco&#8221;, Palacio Noel, Suipacha 1422. Mar-Dom 14-19 hs. Entrada 1 peso (residentes),3 pesos (no residentes). Inauguraci\u00f3n: 20.11., 19.30 hs. Hasta 16.12.<\/li>\n<li>Renate Levy, &#8220;Bajo mi piel&#8221;, pinturas. \/ Dolores Althabe &#8211; Luciano Rafael Marconi, &#8220;Alguien en las prendas&#8221;, moda y arte. <a href=\"http:\/\/www.karinaparadiso.com.ar\/\">Karina Paradiso Galeria de Arte<\/a>, Av. del Libertador 4700, PB &#8220;A&#8221;. Lun-Jue 14-20, Vie 15-21, Sab 10-13 hs. Inauguraci\u00f3n: 20.11., 19 hs. Bartender: Pablo Roberti.<\/li>\n<li>&#8220;Naturaleza en Foco&#8221;, obras de 24 fot\u00f3grafos de naturaleza participantes regulares del portal <a href=\"http:\/\/www.naturalezaenfoco.com.ar\/\">NaturalezaEnFoco<\/a>, en su primer aniversario. <a href=\"http:\/\/www.marcelogurruchaga.com\/\">Fotogaler\u00eda de Marcelo Gurruchaga<\/a>, Bartolom\u00e9 Mitre 2328. Inauguraci\u00f3n: 22.11., 19 hs. Hasta 11.12.<\/li>\n<li>Sergio Vicarra, pinturas. <a href=\"http:\/\/www.fundacionmundonuevo.org\/\">Mundo Nuevo Art Gallery<\/a>, Av. Callao 1870, PB. Lun-Vie 11-20 hs. Inauguraci\u00f3n: 22.11., 19 hs. Hasta 30.12.<\/li>\n<li>Adri\u00e1n Villar Rojas, &#8220;15.000 a\u00f1os m\u00e1s&#8221;. \/ Gast\u00f3n P\u00e9rsico, &#8220;Huele a Sangre&#8221;. <a href=\"http:\/\/www.fotolog.com\/bellezafelicidad\">Belleza y Felicidad<\/a>, Acu\u00f1a de Figueroa 900. Inauguraci\u00f3n: 24.11., 19 hs. Hasta 24.12.<\/li>\n<\/ul>\n","protected":false},"excerpt":{"rendered":"<p>Klicken Sie hier, um die deutsche Version zu lesen. Agenda de Muestras 17\/11\/07-24\/11\/07 Carlos Gorriarena, &#8220;Itinerarios 1957-2007&#8221;, en al Museo de la Universidad Nacional de Tres de Febrero (MUNTREF). Hasta 30.12. Centros de exposiciones MALBA (Museo de Arte Latinoamericano de Buenos Aires), Av. Figueroa Alcorta 3415 (Jue-Lun y feriados 12-20 hs, martes cerrado, Mi\u00e9rcoles hasta [&hellip;]<\/p>\n","protected":false},"author":1,"featured_media":0,"comment_status":"open","ping_status":"open","sticky":false,"template":"","format":"standard","meta":{"footnotes":""},"categories":[3],"tags":[],"class_list":["post-1277","post","type-post","status-publish","format-standard","hentry","category-kalender-agenda"],"_links":{"self":[{"href":"https:\/\/kunstinargentinien.com\/index.php\/wp-json\/wp\/v2\/posts\/1277","targetHints":{"allow":["GET"]}}],"collection":[{"href":"https:\/\/kunstinargentinien.com\/index.php\/wp-json\/wp\/v2\/posts"}],"about":[{"href":"https:\/\/kunstinargentinien.com\/index.php\/wp-json\/wp\/v2\/types\/post"}],"author":[{"embeddable":true,"href":"https:\/\/kunstinargentinien.com\/index.php\/wp-json\/wp\/v2\/users\/1"}],"replies":[{"embeddable":true,"href":"https:\/\/kunstinargentinien.com\/index.php\/wp-json\/wp\/v2\/comments?post=1277"}],"version-history":[{"count":0,"href":"https:\/\/kunstinargentinien.com\/index.php\/wp-json\/wp\/v2\/posts\/1277\/revisions"}],"wp:attachment":[{"href":"https:\/\/kunstinargentinien.com\/index.php\/wp-json\/wp\/v2\/media?parent=1277"}],"wp:term":[{"taxonomy":"category","embeddable":true,"href":"https:\/\/kunstinargentinien.com\/index.php\/wp-json\/wp\/v2\/categories?post=1277"},{"taxonomy":"post_tag","embeddable":true,"href":"https:\/\/kunstinargentinien.com\/index.php\/wp-json\/wp\/v2\/tags?post=1277"}],"curies":[{"name":"wp","href":"https:\/\/api.w.org\/{rel}","templated":true}]}}