{"id":1280,"date":"2007-11-19T12:51:00","date_gmt":"2007-11-19T15:51:00","guid":{"rendered":"http:\/\/kunstinargentinien.com\/index.php\/2007\/11\/19\/kultur-notizen-3\/"},"modified":"2007-11-20T13:49:59","modified_gmt":"2007-11-20T16:49:59","slug":"kultur-notizen-3","status":"publish","type":"post","link":"https:\/\/kunstinargentinien.com\/index.php\/2007\/11\/19\/kultur-notizen-3\/","title":{"rendered":"Kultur-Notizen"},"content":{"rendered":"<p><strong>Dritte Woche \u201cCuando ella salt\u00f3\u201d<\/strong><\/p>\n<div align=center><img decoding=\"async\" id=\"image1283\" alt=Ella.jpg src=\"http:\/\/kunstinargentinien.com\/wp-content\/uploads\/2007\/11\/Ella.jpg\" \/><\/div>\n<p>Der argentinische Independent-Streifen \u201cCuando ella salt\u00f3\u201d von Sabrina Farji l\u00e4uft schon seit drei Wochen in den Kinos und hat nun neben dem Kinosaal Gaumont den Sprung ins Monumental (Lavalle 780) geschafft. Am Donnerstag, dem 22.11., um 19 Uhr, findet dort ein Gespr\u00e4ch mit der Regisseurin und dem Hauptdarsteller Ivan de Pineda statt, in dem die beiden \u00fcber Entstehung und Dreh des Films erz\u00e4hlen. Der Eintritt ist frei.<\/p>\n<p><strong>Dokumentarfilm im Goethe-Institut<\/strong><\/p>\n<p>Am Dienstag, dem 20.11., um 20 Uhr, wird im Auditorium des Goethe-Instituts. Av. Corrientes 319, bei freiem Eintritt der Dokumentarfilm \u201cAgujeros en el techo\u201d von Malena Bystrowicz gezeigt. Die Regisseurin hat vier Jahre lang in der Villa 20 in Lugones das Leben einer Familie begleitet, die aus Frauen besteht. Der Film beinhaltet auch einige fiktionale Kurzfilme, die von den Protagonistinnen des Dokus gedreht wurden. \u201cAgujeros en el techo\u201d wurde auf dem vor kurzem zu Ende gegangenen 9. Dokumentarfilmfestival 2007 mit dem Preis als \u201cMejor documental social\u201d (Bester sozialkritischer Dokumentarfilm) ausgezeichnet.<\/p>\n","protected":false},"excerpt":{"rendered":"<p>Dritte Woche \u201cCuando ella salt\u00f3\u201d Der argentinische Independent-Streifen \u201cCuando ella salt\u00f3\u201d von Sabrina Farji l\u00e4uft schon seit drei Wochen in den Kinos und hat nun neben dem Kinosaal Gaumont den Sprung ins Monumental (Lavalle 780) geschafft. Am Donnerstag, dem 22.11., um 19 Uhr, findet dort ein Gespr\u00e4ch mit der Regisseurin und dem Hauptdarsteller Ivan de [&hellip;]<\/p>\n","protected":false},"author":1,"featured_media":0,"comment_status":"open","ping_status":"open","sticky":false,"template":"","format":"standard","meta":{"footnotes":""},"categories":[10,4],"tags":[],"class_list":["post-1280","post","type-post","status-publish","format-standard","hentry","category-off-topic","category-tipp-der-woche-recomendacion-de-la-semana"],"_links":{"self":[{"href":"https:\/\/kunstinargentinien.com\/index.php\/wp-json\/wp\/v2\/posts\/1280","targetHints":{"allow":["GET"]}}],"collection":[{"href":"https:\/\/kunstinargentinien.com\/index.php\/wp-json\/wp\/v2\/posts"}],"about":[{"href":"https:\/\/kunstinargentinien.com\/index.php\/wp-json\/wp\/v2\/types\/post"}],"author":[{"embeddable":true,"href":"https:\/\/kunstinargentinien.com\/index.php\/wp-json\/wp\/v2\/users\/1"}],"replies":[{"embeddable":true,"href":"https:\/\/kunstinargentinien.com\/index.php\/wp-json\/wp\/v2\/comments?post=1280"}],"version-history":[{"count":0,"href":"https:\/\/kunstinargentinien.com\/index.php\/wp-json\/wp\/v2\/posts\/1280\/revisions"}],"wp:attachment":[{"href":"https:\/\/kunstinargentinien.com\/index.php\/wp-json\/wp\/v2\/media?parent=1280"}],"wp:term":[{"taxonomy":"category","embeddable":true,"href":"https:\/\/kunstinargentinien.com\/index.php\/wp-json\/wp\/v2\/categories?post=1280"},{"taxonomy":"post_tag","embeddable":true,"href":"https:\/\/kunstinargentinien.com\/index.php\/wp-json\/wp\/v2\/tags?post=1280"}],"curies":[{"name":"wp","href":"https:\/\/api.w.org\/{rel}","templated":true}]}}