{"id":12852,"date":"2012-09-23T12:46:56","date_gmt":"2012-09-23T15:46:56","guid":{"rendered":"http:\/\/kunstinargentinien.com\/?p=12852"},"modified":"2012-10-02T15:41:42","modified_gmt":"2012-10-02T18:41:42","slug":"la-epoca-de-los-vinilos","status":"publish","type":"post","link":"https:\/\/kunstinargentinien.com\/index.php\/2012\/09\/23\/la-epoca-de-los-vinilos\/","title":{"rendered":"La \u00e9poca de los vinilos"},"content":{"rendered":"<p><strong>&#8220;Ponete un disco&#8221; de Pablo Garber en el Centro Cultural Recoleta<\/strong><\/p>\n<p><a href=\"http:\/\/kunstinargentinien.com\/wp-content\/uploads\/2012\/09\/garber3.jpg\"><img loading=\"lazy\" decoding=\"async\" src=\"http:\/\/kunstinargentinien.com\/wp-content\/uploads\/2012\/09\/garber3.jpg\" alt=\"\" title=\"garber3\" width=\"500\" height=\"333\" class=\"aligncenter size-full wp-image-12853\" srcset=\"https:\/\/kunstinargentinien.com\/wp-content\/uploads\/2012\/09\/garber3.jpg 500w, https:\/\/kunstinargentinien.com\/wp-content\/uploads\/2012\/09\/garber3-300x199.jpg 300w\" sizes=\"auto, (max-width: 500px) 100vw, 500px\" \/><\/a><br \/>\nHasta el 07 de octubre, se puede visitar la muestra <a href=\"http:\/\/www.pablogarber.com.ar\/news\/en-exhibicion\">&#8220;Ponete un disco&#8221; de Pablo Garbe<\/a>r, en la Sala Prometeus del <a href=\"http:\/\/centroculturalrecoleta.org\/ccr-sp\/\">Centro Cultural Recoleta<\/a> de Buenos Aires.<\/p>\n<p>A trav\u00e9s de fotograf\u00edas y entrevistas, Garber traza un recorrido por la generaci\u00f3n que vivi\u00f3 y disfrut\u00f3 de la \u00e9poca de los vinilos, seleccionando las tapas m\u00e1s recordadas por diversos artistas, m\u00fasicos, periodistas, productores, disc-jockeys as\u00ed como personas an\u00f3nimas que tambi\u00e9n fueron protagonistas y llevan impreso en su memoria el ritual que significaba escuchar discos.<\/p>\n<p>En las im\u00e1genes, los personajes se muestran ocult\u00e1ndose detr\u00e1s de la tapa elegida, la que tantas veces miraron y leyeron mientras escuchaban su m\u00fasica. La escena se desarrolla en un entorno significativo de su vida actual, provocando un contrapunto po\u00e9tico, humor\u00edstico o delirante entre pasado y presente.<\/p>\n<p>La exposici\u00f3n se transformar\u00e1 en libro de fotos y an\u00e9cdotas de los vinilos y los protagonistas de las im\u00e1genes. El libro se puede comprar al costo y por adelantado a trav\u00e9s de <a href=\"http:\/\/idea.me\/\">www.idea.me<\/a>, un portal latinoamericano dedicado al financiamiento colectivo de proyectos creativos sin fines de lucro.<\/p>\n","protected":false},"excerpt":{"rendered":"<p>&#8220;Ponete un disco&#8221; de Pablo Garber en el Centro Cultural Recoleta Hasta el 07 de octubre, se puede visitar la muestra &#8220;Ponete un disco&#8221; de Pablo Garber, en la Sala Prometeus del Centro Cultural Recoleta de Buenos Aires. A trav\u00e9s de fotograf\u00edas y entrevistas, Garber traza un recorrido por la generaci\u00f3n que vivi\u00f3 y disfrut\u00f3 [&hellip;]<\/p>\n","protected":false},"author":1,"featured_media":0,"comment_status":"open","ping_status":"open","sticky":false,"template":"","format":"standard","meta":{"footnotes":""},"categories":[4],"tags":[],"class_list":["post-12852","post","type-post","status-publish","format-standard","hentry","category-tipp-der-woche-recomendacion-de-la-semana"],"_links":{"self":[{"href":"https:\/\/kunstinargentinien.com\/index.php\/wp-json\/wp\/v2\/posts\/12852","targetHints":{"allow":["GET"]}}],"collection":[{"href":"https:\/\/kunstinargentinien.com\/index.php\/wp-json\/wp\/v2\/posts"}],"about":[{"href":"https:\/\/kunstinargentinien.com\/index.php\/wp-json\/wp\/v2\/types\/post"}],"author":[{"embeddable":true,"href":"https:\/\/kunstinargentinien.com\/index.php\/wp-json\/wp\/v2\/users\/1"}],"replies":[{"embeddable":true,"href":"https:\/\/kunstinargentinien.com\/index.php\/wp-json\/wp\/v2\/comments?post=12852"}],"version-history":[{"count":6,"href":"https:\/\/kunstinargentinien.com\/index.php\/wp-json\/wp\/v2\/posts\/12852\/revisions"}],"predecessor-version":[{"id":12969,"href":"https:\/\/kunstinargentinien.com\/index.php\/wp-json\/wp\/v2\/posts\/12852\/revisions\/12969"}],"wp:attachment":[{"href":"https:\/\/kunstinargentinien.com\/index.php\/wp-json\/wp\/v2\/media?parent=12852"}],"wp:term":[{"taxonomy":"category","embeddable":true,"href":"https:\/\/kunstinargentinien.com\/index.php\/wp-json\/wp\/v2\/categories?post=12852"},{"taxonomy":"post_tag","embeddable":true,"href":"https:\/\/kunstinargentinien.com\/index.php\/wp-json\/wp\/v2\/tags?post=12852"}],"curies":[{"name":"wp","href":"https:\/\/api.w.org\/{rel}","templated":true}]}}