{"id":1289,"date":"2007-11-16T14:53:04","date_gmt":"2007-11-16T17:53:04","guid":{"rendered":"http:\/\/kunstinargentinien.com\/index.php\/2007\/11\/16\/la-fotogaleria-en-escenarios-de-buenos-aires\/"},"modified":"2007-11-25T11:39:24","modified_gmt":"2007-11-25T14:39:25","slug":"la-fotogaleria-en-escenarios-de-buenos-aires","status":"publish","type":"post","link":"https:\/\/kunstinargentinien.com\/index.php\/2007\/11\/16\/la-fotogaleria-en-escenarios-de-buenos-aires\/","title":{"rendered":"La FotoGaler\u00eda en &#8220;Escenarios de Buenos Aires&#8221;"},"content":{"rendered":"<p><strong>Emisi\u00f3n especial del programa de televisi\u00f3n del Complejo Teatral dedicada a la FotoGaler\u00eda del Teatro San Mart\u00edn<\/strong><\/p>\n<div align=center><img decoding=\"async\" id=\"image1290\" alt=Ojo.jpg src=\"http:\/\/kunstinargentinien.com\/wp-content\/uploads\/2007\/11\/Ojo.jpg\" \/><br \/>\n<em>Imagen de la muestra &#8220;Lo que narran sus ojos&#8221;.<\/em><\/div>\n<p>La pr\u00f3xima emisi\u00f3n de &#8220;Escenarios de Buenos&#8221; Aires estar\u00e1 dedicada a los diez a\u00f1os de labor de Juan Travnik al frente de la FotoGaler\u00eda del Teatro San Mart\u00edn. Habr\u00e1 adem\u00e1s entrevistas a los fot\u00f3grafos Mario G\u00f3mez Casas, autor de la muestra &#8220;Entre la espuma de Oaxaca&#8221; y a Ver\u00f3nica Mastrosimone, autora del Proyecto Ra\u00edces, que convoc\u00f3 a la Comunidad Toba de San Carlos (Formosa) para que sus integrantes registraran ellos mismos sus propias actividades y costumbres. Esta entrega contiene asimismo entrevistas a dos de los protagonistas de esta experiencia, que deriv\u00f3 en la muestra &#8220;Lo que narran sus ojos&#8221;.<\/p>\n<p>&#8220;Escenarios de Buenos Aires&#8221;, el programa de televisi\u00f3n del <a href=\"http:\/\/www.teatrosanmartin.com.ar\/\">Complejo Teatral de Buenos Aires<\/a>, se emitir\u00e1 por Canal (\u00e1) el mi\u00e9rcoles 21 de noviembre a la 1 y a las 6, 12, 17 y 22 hs., el s\u00e1bado siguiente a las 12.30 hs. y el domingo siguiente a las 12 hs.<\/p>\n","protected":false},"excerpt":{"rendered":"<p>Emisi\u00f3n especial del programa de televisi\u00f3n del Complejo Teatral dedicada a la FotoGaler\u00eda del Teatro San Mart\u00edn Imagen de la muestra &#8220;Lo que narran sus ojos&#8221;. La pr\u00f3xima emisi\u00f3n de &#8220;Escenarios de Buenos&#8221; Aires estar\u00e1 dedicada a los diez a\u00f1os de labor de Juan Travnik al frente de la FotoGaler\u00eda del Teatro San Mart\u00edn. Habr\u00e1 [&hellip;]<\/p>\n","protected":false},"author":1,"featured_media":0,"comment_status":"open","ping_status":"open","sticky":false,"template":"","format":"standard","meta":{"footnotes":""},"categories":[4],"tags":[],"class_list":["post-1289","post","type-post","status-publish","format-standard","hentry","category-tipp-der-woche-recomendacion-de-la-semana"],"_links":{"self":[{"href":"https:\/\/kunstinargentinien.com\/index.php\/wp-json\/wp\/v2\/posts\/1289","targetHints":{"allow":["GET"]}}],"collection":[{"href":"https:\/\/kunstinargentinien.com\/index.php\/wp-json\/wp\/v2\/posts"}],"about":[{"href":"https:\/\/kunstinargentinien.com\/index.php\/wp-json\/wp\/v2\/types\/post"}],"author":[{"embeddable":true,"href":"https:\/\/kunstinargentinien.com\/index.php\/wp-json\/wp\/v2\/users\/1"}],"replies":[{"embeddable":true,"href":"https:\/\/kunstinargentinien.com\/index.php\/wp-json\/wp\/v2\/comments?post=1289"}],"version-history":[{"count":0,"href":"https:\/\/kunstinargentinien.com\/index.php\/wp-json\/wp\/v2\/posts\/1289\/revisions"}],"wp:attachment":[{"href":"https:\/\/kunstinargentinien.com\/index.php\/wp-json\/wp\/v2\/media?parent=1289"}],"wp:term":[{"taxonomy":"category","embeddable":true,"href":"https:\/\/kunstinargentinien.com\/index.php\/wp-json\/wp\/v2\/categories?post=1289"},{"taxonomy":"post_tag","embeddable":true,"href":"https:\/\/kunstinargentinien.com\/index.php\/wp-json\/wp\/v2\/tags?post=1289"}],"curies":[{"name":"wp","href":"https:\/\/api.w.org\/{rel}","templated":true}]}}