{"id":12997,"date":"2012-09-29T12:19:17","date_gmt":"2012-09-29T15:19:17","guid":{"rendered":"http:\/\/kunstinargentinien.com\/?p=12997"},"modified":"2012-10-07T12:21:11","modified_gmt":"2012-10-07T15:21:11","slug":"die-vorganger-von-alfredo-bauer","status":"publish","type":"post","link":"https:\/\/kunstinargentinien.com\/index.php\/2012\/09\/29\/die-vorganger-von-alfredo-bauer\/","title":{"rendered":"&#8220;Die Vorg\u00e4nger&#8221; von Alfredo Bauer"},"content":{"rendered":"<p><strong>Vorstellung des Romanzyklus durch die \u00d6sterreichische Botschaft<\/strong><\/p>\n<p>In der Residenz des \u00f6sterreichischen Botschafters wurde am 19. September die Neuauflage des Roman-Zyklus &#8220;Die Vorg\u00e4nger&#8221; (Los compa\u00f1eros antepasados) von Alfredo Bauer vorgestellt. Die f\u00fcnfb\u00e4ndige Familien-Saga, die schon vor drei\u00dfig Jahren in spanischer Sprache und dann zum Teil in der DDR erschien, liegt nun, herausgegeben von der Theodor Kramer-Gesellschaft, Wien, erstmalig zur G\u00e4nze in deutscher Sprache vor.<\/p>\n<p>Au\u00dfer der \u00d6sterreichischen Botschaft hatte auch die DAIA, deren Pr\u00e4sident Aldo Donzis anwesend war, das Patronat \u00fcber die Veranstaltung \u00fcbernommen. Das zahlreiche Publikum wurde zun\u00e4chst von Botschafter Dr. Robert Zischg begr\u00fc\u00dft. In ihrer kurzen Einf\u00fbhrung sagte Frau Prof. Regula Rohland de Langbehn u.a.: &#8220;Was hier vorliegt, ist so etwas wie ein nationaler Roman \u00d6sterreichs.&#8221; Anschlie\u00dfend las sie das von dem Dichter Felix Mitterer verfasste Vorwort und zwei Kapitel in deutscher, und dann Frau Alicia Todesca zwei andere in spanischer Sprache.<\/p>\n<p>Der Autor sprach der Botschaft und der DAIA seinen Dank aus. Er dankte \u00d6sterreich, dessen Beh\u00f6rden und den vielen Freunden, welche dort die Herausgabe des Werkes erm\u00f6glicht hatten. Er habe die Liebe zu seinem Geburtsland \u00d6sterreich stets bewahrt. Nicht \u00d6sterreich sei es gewesen, das ihn und so viele andere vertrieben habe, sondern die Feinde \u00d6sterreichs und der Menschheit. Und er dankte seiner zweiten Heimat Argentinien. Das Beste, was die Fl\u00fcchtlinge empfangen h\u00e4tten, sei die M\u00f6glichkeit, als Teil dieses argentinischen Volkes am Aufbau und an der Emanzipation des Landes und Lateinamerikas mitzuwirken. Sein Beitrag sei, zumal durch Vermittlung kultureller Werte, zur Verbr\u00fcderung der V\u00f6lker beizutragen. Rassenhass und den Krieg mit seinen 50 Millionen Toten, den in der Gaskammer Ermordeten, den dezimierten V\u00f6lkern, den bombardierten Wohnvierteln und dem Atommord von Hiroshima und Nagasaki d\u00fcrfe es nie wieder geben!<\/p>\n<p>Am Ende pr\u00e4sentierte Professor Miguel Vedda das diesj\u00e4hrige Jahrbuch der Argentinischen Gesellschaft f\u00fcr Germanistik, das zu Ehren Alfredo Bauers erschienen ist und auch Beitr\u00e4ge \u00f6sterreichischer Autoren enth\u00e4lt.<\/p>\n","protected":false},"excerpt":{"rendered":"<p>Vorstellung des Romanzyklus durch die \u00d6sterreichische Botschaft In der Residenz des \u00f6sterreichischen Botschafters wurde am 19. September die Neuauflage des Roman-Zyklus &#8220;Die Vorg\u00e4nger&#8221; (Los compa\u00f1eros antepasados) von Alfredo Bauer vorgestellt. Die f\u00fcnfb\u00e4ndige Familien-Saga, die schon vor drei\u00dfig Jahren in spanischer Sprache und dann zum Teil in der DDR erschien, liegt nun, herausgegeben von der Theodor [&hellip;]<\/p>\n","protected":false},"author":1,"featured_media":0,"comment_status":"open","ping_status":"open","sticky":false,"template":"","format":"standard","meta":{"footnotes":""},"categories":[20],"tags":[],"class_list":["post-12997","post","type-post","status-publish","format-standard","hentry","category-literatur-literatura"],"_links":{"self":[{"href":"https:\/\/kunstinargentinien.com\/index.php\/wp-json\/wp\/v2\/posts\/12997","targetHints":{"allow":["GET"]}}],"collection":[{"href":"https:\/\/kunstinargentinien.com\/index.php\/wp-json\/wp\/v2\/posts"}],"about":[{"href":"https:\/\/kunstinargentinien.com\/index.php\/wp-json\/wp\/v2\/types\/post"}],"author":[{"embeddable":true,"href":"https:\/\/kunstinargentinien.com\/index.php\/wp-json\/wp\/v2\/users\/1"}],"replies":[{"embeddable":true,"href":"https:\/\/kunstinargentinien.com\/index.php\/wp-json\/wp\/v2\/comments?post=12997"}],"version-history":[{"count":2,"href":"https:\/\/kunstinargentinien.com\/index.php\/wp-json\/wp\/v2\/posts\/12997\/revisions"}],"predecessor-version":[{"id":13054,"href":"https:\/\/kunstinargentinien.com\/index.php\/wp-json\/wp\/v2\/posts\/12997\/revisions\/13054"}],"wp:attachment":[{"href":"https:\/\/kunstinargentinien.com\/index.php\/wp-json\/wp\/v2\/media?parent=12997"}],"wp:term":[{"taxonomy":"category","embeddable":true,"href":"https:\/\/kunstinargentinien.com\/index.php\/wp-json\/wp\/v2\/categories?post=12997"},{"taxonomy":"post_tag","embeddable":true,"href":"https:\/\/kunstinargentinien.com\/index.php\/wp-json\/wp\/v2\/tags?post=12997"}],"curies":[{"name":"wp","href":"https:\/\/api.w.org\/{rel}","templated":true}]}}