{"id":13066,"date":"2012-10-13T17:11:45","date_gmt":"2012-10-13T20:11:45","guid":{"rendered":"http:\/\/kunstinargentinien.com\/?p=13066"},"modified":"2012-10-13T18:44:21","modified_gmt":"2012-10-13T21:44:21","slug":"kunst-heute-und-in-zukunft","status":"publish","type":"post","link":"https:\/\/kunstinargentinien.com\/index.php\/2012\/10\/13\/kunst-heute-und-in-zukunft\/","title":{"rendered":"Kunst heute und in Zukunft"},"content":{"rendered":"<p><strong>Kunst und Technologie verschmelzen bei &#8220;Fase 4&#8221; im Centro Cultural Recoleta<\/p>\n<p><em>Von Nina Obeloer<\/em><\/strong><\/p>\n<p><a href=\"http:\/\/kunstinargentinien.com\/wp-content\/uploads\/2012\/10\/FASE1.jpg\"><img loading=\"lazy\" decoding=\"async\" src=\"http:\/\/kunstinargentinien.com\/wp-content\/uploads\/2012\/10\/FASE1.jpg\" alt=\"\" title=\"FASE1\" width=\"500\" height=\"375\" class=\"aligncenter size-full wp-image-13068\" srcset=\"https:\/\/kunstinargentinien.com\/wp-content\/uploads\/2012\/10\/FASE1.jpg 500w, https:\/\/kunstinargentinien.com\/wp-content\/uploads\/2012\/10\/FASE1-300x225.jpg 300w\" sizes=\"auto, (max-width: 500px) 100vw, 500px\" \/><\/a><br \/>\nDie Frage, wie wir die Welt besser &#8211; ergo sch\u00f6ner, gr\u00fcner und nachhaltiger &#8211; machen k\u00f6nnen, hat nun auch den Kunstsektor erreicht. Die diesj\u00e4hrige vierte Edition des Kunst-Events &#8220;Fase&#8221; steht unter dem Titel &#8220;Post-\u00d6kologie &#8211; In Richtung einer nachhaltigen Natur und Kultur&#8221;. Noch bis Sonntag nimmt das viert\u00e4gige Spektakel eine Vielzahl der S\u00e4le im <a href=\"http:\/\/centroculturalrecoleta.org\/ccr-sp\/\">Centro Cultural Recoleta<\/a> in Buenos Aires ein.<\/p>\n<p>Dort dr\u00e4ngen sich Menschen in den G\u00e4ngen, R\u00e4umen und Innenh\u00f6fen, wo keine Museumsatmosph\u00e4re herrscht. Es ist laut, es wird diskutiert &#8211; hier lebt die Kunst. Denn zum einen darf man sie anfassen, h\u00f6ren und teils sogar riechen. Zum anderen besch\u00e4ftigt sich diese Kunst mit ihrem einstigen Gegenpol, der Funktionalit\u00e4t. Denn im Mittelpunkt steht laut Kuratorin Graciela Taquini die &#8220;Achse des Aufeinandertreffens von Kunst, Wissenschaft und Technologie&#8221;.<\/p>\n<p>So verdeutlicht Santiago Delfino mit seinem Werk &#8220;against shadows&#8221; die M\u00f6glichkeit, Schatten in Licht umzuwandeln. Dabei handelt es sich um eine interaktive Installation: Ein quadratisches fotosensibles Feld ist mit einem \u00e4hnlichen Feld aus roten L\u00e4mpchen verbunden. Sobald der Betrachter seine Hand \u00fcber das Feld mit den Sensoren bewegt, leuchten die L\u00e4mpchen in genau diesen Schattenbereichen auf.<\/p>\n<p>Die deutschst\u00e4mmige K\u00fcnstlerin Edith Matzen Hirsch zeigt ihre Installation &#8220;Al sonido del viento&#8221;. Zudem wird am Samstag und Sonntag, jeweils von 16 bis 18 Uhr, eine kostenlose Werkstatt f\u00fcr Sechs- bis Achtj\u00e4hrige angeboten, bei der Spielzeugwindm\u00fchlen mit der K\u00fcnstlerin gebastelt werden. Dabei soll \u00fcber das \u00dcberleben unseres Planeten nachgedacht werden. Den Gang hinunter, in Saal 12, k\u00f6nnen sich die Besucher eine Meinung \u00fcber das Kollektivwerk &#8220;El Arca Obrera&#8221;, eine Konstruktion des Museo Taller Ferrowhite, bilden. Dabei handelt es sich um eine Art Luftmatratze, \u00fcber der kugelf\u00f6rmig eine Plane drapiert ist. Dahinter ist ein Bildschirm installiert. Wer sich trotz der \u00c4hnlichkeit des Objekts mit einer Requisite aus einem Science-Fiction-Film hineintraut, kann durch einen Schlitz auch selbst in die transparente Kugel steigen.<\/p>\n<p><a href=\"http:\/\/kunstinargentinien.com\/wp-content\/uploads\/2012\/10\/FASE2.jpg\"><img loading=\"lazy\" decoding=\"async\" src=\"http:\/\/kunstinargentinien.com\/wp-content\/uploads\/2012\/10\/FASE2.jpg\" alt=\"\" title=\"FASE2\" width=\"500\" height=\"375\" class=\"aligncenter size-full wp-image-13069\" srcset=\"https:\/\/kunstinargentinien.com\/wp-content\/uploads\/2012\/10\/FASE2.jpg 500w, https:\/\/kunstinargentinien.com\/wp-content\/uploads\/2012\/10\/FASE2-300x225.jpg 300w\" sizes=\"auto, (max-width: 500px) 100vw, 500px\" \/><\/a><br \/>\nIn jedem Fall wird beim Gang durch die R\u00e4umlichkeiten eines klar: Es gibt kaum eine k\u00fcnstlerische Ausdrucksm\u00f6glichkeit, die hier nicht vertreten w\u00e4re. Ausgestellt sind neben Fotografien, Grafiken und Drucken auch (Werbe-)Plakate und Skulpturen unter Verwendung der unterschiedlichsten Materialien wie Wasser, Licht, Holz, Moos oder Plastik. Zudem ist &#8220;Fase 4&#8221; ein klares Statement gegen eine Kunst, die nur \u00e4sthetisch ist. Denn diese Werke geben Ansto\u00df zur Auseinandersetzung mit den Themen Technologie und Nachhaltigkeit, sie beziehen elektronische Medien wie Computer, Video und Projektionen mit ein und machen sie selbst zum Thema.<\/p>\n<p>Die Ausstellung vereint, was Kunst heute und in Zukunft ist und sein wird: Dynamisch, interaktiv und haptisch, ohne Darstellungs- und Vermittlungsgrenzen zu kennen.<\/p>\n<p><a href=\"http:\/\/kunstinargentinien.com\/wp-content\/uploads\/2012\/10\/FASE3.jpg\"><img loading=\"lazy\" decoding=\"async\" src=\"http:\/\/kunstinargentinien.com\/wp-content\/uploads\/2012\/10\/FASE3.jpg\" alt=\"\" title=\"FASE3\" width=\"250\" height=\"333\" class=\"alignright size-full wp-image-13070\" srcset=\"https:\/\/kunstinargentinien.com\/wp-content\/uploads\/2012\/10\/FASE3.jpg 250w, https:\/\/kunstinargentinien.com\/wp-content\/uploads\/2012\/10\/FASE3-225x300.jpg 225w\" sizes=\"auto, (max-width: 250px) 100vw, 250px\" \/><\/a><\/p>\n<ul>\n<li>Fase 4<\/li>\n<li><a href=\"http:\/\/centroculturalrecoleta.org\/ccr-sp\/\">Centro Cultural Recoleta<\/a><\/li>\n<li>Jun\u00edn 1930<\/li>\n<li>Buenos Aires<\/li>\n<li>Mo-Fr 14-21, Sa 10-21, So 12-21 Uhr<\/li>\n<li>Eintritt frei<\/li>\n<li>S\u00e4le 1 und 2, 4, 5, 6, 7, 8, 9, 10, 11 und 12<\/li>\n<li>11.10.-14.10.<\/li>\n<\/ul>\n<p><strong>Fotos:<\/strong><br \/>\nIm Patio de la Fuente sind viele wei\u00dfe Windm\u00fchlen platziert worden.<\/p>\n<p>Das Werk vom Museo Taller Ferrowhite in Saal 12 kann man betreten.<br \/>\n(Fotos: Nina Obeloer)<\/p>\n","protected":false},"excerpt":{"rendered":"<p>Kunst und Technologie verschmelzen bei &#8220;Fase 4&#8221; im Centro Cultural Recoleta Von Nina Obeloer Die Frage, wie wir die Welt besser &#8211; ergo sch\u00f6ner, gr\u00fcner und nachhaltiger &#8211; machen k\u00f6nnen, hat nun auch den Kunstsektor erreicht. Die diesj\u00e4hrige vierte Edition des Kunst-Events &#8220;Fase&#8221; steht unter dem Titel &#8220;Post-\u00d6kologie &#8211; In Richtung einer nachhaltigen Natur und [&hellip;]<\/p>\n","protected":false},"author":1,"featured_media":0,"comment_status":"open","ping_status":"open","sticky":false,"template":"","format":"standard","meta":{"footnotes":""},"categories":[4],"tags":[],"class_list":["post-13066","post","type-post","status-publish","format-standard","hentry","category-tipp-der-woche-recomendacion-de-la-semana"],"_links":{"self":[{"href":"https:\/\/kunstinargentinien.com\/index.php\/wp-json\/wp\/v2\/posts\/13066","targetHints":{"allow":["GET"]}}],"collection":[{"href":"https:\/\/kunstinargentinien.com\/index.php\/wp-json\/wp\/v2\/posts"}],"about":[{"href":"https:\/\/kunstinargentinien.com\/index.php\/wp-json\/wp\/v2\/types\/post"}],"author":[{"embeddable":true,"href":"https:\/\/kunstinargentinien.com\/index.php\/wp-json\/wp\/v2\/users\/1"}],"replies":[{"embeddable":true,"href":"https:\/\/kunstinargentinien.com\/index.php\/wp-json\/wp\/v2\/comments?post=13066"}],"version-history":[{"count":6,"href":"https:\/\/kunstinargentinien.com\/index.php\/wp-json\/wp\/v2\/posts\/13066\/revisions"}],"predecessor-version":[{"id":13118,"href":"https:\/\/kunstinargentinien.com\/index.php\/wp-json\/wp\/v2\/posts\/13066\/revisions\/13118"}],"wp:attachment":[{"href":"https:\/\/kunstinargentinien.com\/index.php\/wp-json\/wp\/v2\/media?parent=13066"}],"wp:term":[{"taxonomy":"category","embeddable":true,"href":"https:\/\/kunstinargentinien.com\/index.php\/wp-json\/wp\/v2\/categories?post=13066"},{"taxonomy":"post_tag","embeddable":true,"href":"https:\/\/kunstinargentinien.com\/index.php\/wp-json\/wp\/v2\/tags?post=13066"}],"curies":[{"name":"wp","href":"https:\/\/api.w.org\/{rel}","templated":true}]}}