{"id":13381,"date":"2012-10-30T15:51:30","date_gmt":"2012-10-30T18:51:30","guid":{"rendered":"http:\/\/kunstinargentinien.com\/?p=13381"},"modified":"2012-10-30T15:54:21","modified_gmt":"2012-10-30T18:54:21","slug":"dia-de-los-muertos-2012-im-museo-fernandez-blanco","status":"publish","type":"post","link":"https:\/\/kunstinargentinien.com\/index.php\/2012\/10\/30\/dia-de-los-muertos-2012-im-museo-fernandez-blanco\/","title":{"rendered":"&#8220;D\u00eda de los Muertos 2012&#8221; im Museo Fern\u00e1ndez Blanco"},"content":{"rendered":"<p><strong>Auch in Buenos Aires Kult: Der mexikanische &#8220;Tag der Toten&#8221; am 2. November<br \/>\n<\/strong><\/p>\n<p><a href=\"http:\/\/kunstinargentinien.com\/wp-content\/uploads\/2012\/10\/muertos.jpg\"><img loading=\"lazy\" decoding=\"async\" src=\"http:\/\/kunstinargentinien.com\/wp-content\/uploads\/2012\/10\/muertos.jpg\" alt=\"\" title=\"muertos\" width=\"250\" height=\"255\" class=\"alignright size-full wp-image-13385\" \/><\/a>In den G\u00e4rten des &#8220;Museo Isaac Fern\u00e1ndez Blanco&#8221; wird am 2. November von 18.30 bis 22 Uhr der mexikanische &#8220;D\u00eda de los Muertos&#8221; gefeiert. Organisiert von der Mexikanischen Botschaft und den Museen der Stadt Buenos Aires, wird wie jedes Jahr der bunte &#8220;Altar de los Muertos&#8221; er\u00f6ffnet, dessen Gaben in diesem Jahr u.a. dem vor kurzem verstorbenen gro\u00dfen mexikanischen Schriftsteller Carlos Fuentes gewidmet sind. Zur Feier geh\u00f6rt ein Programm mit Musik und Tanz (Folklore, Tango und Mariachi) und die Verleihung der Preise im 7. Wettbewerb &#8220;Calaveritas&#8221; (Totenk\u00f6pfchen).<\/p>\n<p>Den Altar kann man im Anschluss vom 3.11. bis 11.11. von 14 bis 19 Uhr besichtigen.<\/p>\n<ul>\n<li>Museo de Arte Hispanoamericano &#8220;Isaac Fern\u00e1ndez Blanco&#8221;<\/li>\n<li>Palacio Noel<\/li>\n<li>Suipacha 1422, Buenos Aires<\/li>\n<li>Di-Fr 14-19 Uhr<\/li>\n<li>Sa und So 11-19 Uhr<\/li>\n<li>Infos: mifb_prensa@buenosaires.gob.ar<\/li>\n<li>Tel.: 4327-0228 Durchwahl 216<\/li>\n<\/ul>\n","protected":false},"excerpt":{"rendered":"<p>Auch in Buenos Aires Kult: Der mexikanische &#8220;Tag der Toten&#8221; am 2. November In den G\u00e4rten des &#8220;Museo Isaac Fern\u00e1ndez Blanco&#8221; wird am 2. November von 18.30 bis 22 Uhr der mexikanische &#8220;D\u00eda de los Muertos&#8221; gefeiert. Organisiert von der Mexikanischen Botschaft und den Museen der Stadt Buenos Aires, wird wie jedes Jahr der bunte [&hellip;]<\/p>\n","protected":false},"author":1,"featured_media":0,"comment_status":"open","ping_status":"open","sticky":false,"template":"","format":"standard","meta":{"footnotes":""},"categories":[4],"tags":[],"class_list":["post-13381","post","type-post","status-publish","format-standard","hentry","category-tipp-der-woche-recomendacion-de-la-semana"],"_links":{"self":[{"href":"https:\/\/kunstinargentinien.com\/index.php\/wp-json\/wp\/v2\/posts\/13381","targetHints":{"allow":["GET"]}}],"collection":[{"href":"https:\/\/kunstinargentinien.com\/index.php\/wp-json\/wp\/v2\/posts"}],"about":[{"href":"https:\/\/kunstinargentinien.com\/index.php\/wp-json\/wp\/v2\/types\/post"}],"author":[{"embeddable":true,"href":"https:\/\/kunstinargentinien.com\/index.php\/wp-json\/wp\/v2\/users\/1"}],"replies":[{"embeddable":true,"href":"https:\/\/kunstinargentinien.com\/index.php\/wp-json\/wp\/v2\/comments?post=13381"}],"version-history":[{"count":9,"href":"https:\/\/kunstinargentinien.com\/index.php\/wp-json\/wp\/v2\/posts\/13381\/revisions"}],"predecessor-version":[{"id":13391,"href":"https:\/\/kunstinargentinien.com\/index.php\/wp-json\/wp\/v2\/posts\/13381\/revisions\/13391"}],"wp:attachment":[{"href":"https:\/\/kunstinargentinien.com\/index.php\/wp-json\/wp\/v2\/media?parent=13381"}],"wp:term":[{"taxonomy":"category","embeddable":true,"href":"https:\/\/kunstinargentinien.com\/index.php\/wp-json\/wp\/v2\/categories?post=13381"},{"taxonomy":"post_tag","embeddable":true,"href":"https:\/\/kunstinargentinien.com\/index.php\/wp-json\/wp\/v2\/tags?post=13381"}],"curies":[{"name":"wp","href":"https:\/\/api.w.org\/{rel}","templated":true}]}}