{"id":13511,"date":"2012-11-12T08:22:43","date_gmt":"2012-11-12T11:22:43","guid":{"rendered":"http:\/\/kunstinargentinien.com\/?p=13511"},"modified":"2012-11-22T14:56:56","modified_gmt":"2012-11-22T17:56:56","slug":"klingende-kunst","status":"publish","type":"post","link":"https:\/\/kunstinargentinien.com\/index.php\/2012\/11\/12\/klingende-kunst\/","title":{"rendered":"Klingende Kunst"},"content":{"rendered":"<p><strong>Goethe-Institut Buenos Aires bringt Kagels &#8220;Zwei-Mann-Orchester&#8221; nach Argentinien<\/strong><\/p>\n<p><a href=\"http:\/\/kunstinargentinien.com\/wp-content\/uploads\/2012\/11\/kagel_01_entz.jpg\"><img loading=\"lazy\" decoding=\"async\" src=\"http:\/\/kunstinargentinien.com\/wp-content\/uploads\/2012\/11\/kagel_01_entz.jpg\" alt=\"\" title=\"kagel_01_entz\" width=\"500\" height=\"188\" class=\"aligncenter size-full wp-image-13513\" srcset=\"https:\/\/kunstinargentinien.com\/wp-content\/uploads\/2012\/11\/kagel_01_entz.jpg 500w, https:\/\/kunstinargentinien.com\/wp-content\/uploads\/2012\/11\/kagel_01_entz-300x112.jpg 300w\" sizes=\"auto, (max-width: 500px) 100vw, 500px\" \/><\/a><br \/>\nIm Rahmen des vom San Mart\u00edn-Theater und dem Teatro Col\u00f3n organisierten und von Mart\u00edn Bauer koordinierten 16. &#8220;Zyklus Zeitgen\u00f6ssischer Musik&#8221;, der seit dem 28. Oktober und bis zum 30. November 15 hochkar\u00e4tige Konzerte mit neuer Musik im Programm hat, wird dank einer Initiative des Goethe-Instituts Buenos Aires das &#8220;Zwei-Mann-Orchester&#8221; von Mauricio Kagel zum ersten Mal in Lateinamerika zu erleben sein: am 16., 17. und 18. November im Bicentenario-Saal des Teatro Col\u00f3n und im Anschluss in Rosario und C\u00f3rdoba.<\/p>\n<p>Als &#8220;unselbstst\u00e4ndiges Automatophon&#8221; bezeichnete Mauricio Kagel (1931-2008) das &#8220;Zwei-Mann-Orchester f\u00fcr zwei Ein-Mann-Orchester&#8221; (1971-73), das zweifellos zu den merkw\u00fcrdigsten und zugleich originellsten St\u00fccken der neuen Musik z\u00e4hlt. Kagel und die Spieler Wilhelm Bruck und Theodor Ross \u00fcberraschten das perplexe Publikum der Donaueschinger Musiktage bei der Urauff\u00fchrung 1973 mit einer undurchschaubaren Klangmaschine monumentaler Gr\u00f6\u00dfe, gef\u00fcgt aus \u00fcber 200 abgelegten, ramponierten, gar defekten Instrumenten und dysfunktionalen Klangerzeugern. Zum Klingen gebracht wurde sie von der kleinsten Besetzung, die noch Zusammenspiel erlaubt, mit Schn\u00fcren, Stangen, Hebeln und allerlei anderen Bewegungselementen. Das Orchester als traditionell zentraler Klangk\u00f6rper des renommierten Festivals, in dessen Auftrag Kagel das Werk ausarbeitete, spiegelte sich selbst in einer zur klingenden Kunst gewordenen Karikatur.<\/p>\n<p>Die Spieler dieser ersten Fassung, Wilhelm Bruck und Theodor Ross, stellten 1992, anl\u00e4sslich der Documenta IX, eine neu gebaute, zweite Fassung der Orchestermaschine ins Foyer des Kasseler Staatstheaters, wo sie fast zwei Jahre lang stand und regelm\u00e4\u00dfig gespielt wurde.<\/p>\n<p>2011 wurde in Basel eine neue, dritte Fassung in einer Kooperation der Paul Sacher Stiftung, der Hochschule f\u00fcr Musik Basel und dem Museum Tinguely realisiert. Wilhelm Bruck stand als Partner diesmal der Schlagzeuger und Multiinstrumentalist Matthias W\u00fcrsch (Basel, Schweiz) zur Seite.<\/p>\n<p>Das Goethe-Institut Buenos Aires bringt nun das &#8220;Zwei-Mann-Orchester&#8221; in der Basler Fassung mit der Besetzung Wilhelm Bruck und Matthias W\u00fcrsch nach Argentinien: am 16., 17. und 18. November ins Teatro Col\u00f3n, anschlie\u00dfend ins Centro Cultural Parque de Espa\u00f1a (Rosario) und ins Centro Cultural General Paz (C\u00f3rdoba).<\/p>\n<p>Als Rahmenprogramm finden Workshops und Gespr\u00e4che mit Studenten und dem Publikum statt, darunter ein <a href=\"http:\/\/cms.goethe.de\/ins\/ar\/bue\/ver\/es10012378v.htm\">Praxisseminar von Wilhelm Bruck<\/a> \u00fcber Mauricio Kagels Acustica an der Universidad de Quilmes und mit Sch\u00fclern der Initiative des Ausw\u00e4rtigen Amts &#8220;Schulen &#8211; Partner der Zukunft&#8221;, <a href=\"http:\/\/cms.goethe.de\/ins\/ar\/bue\/ver\/es10012400v.htm\">Solo-Konzerte von Matthias W\u00fcrsch<\/a> mit experimentellen Werken von Schweizer Komponisten, sowie ein <a href=\"http:\/\/cms.goethe.de\/ins\/ar\/bue\/ver\/es10108779v.htm\">Gastvortrag \u00fcber &#8220;Mauricio Kagels Theater der Instrumente&#8221; vom Musikwissenschaftler Matthias Kassel<\/a>, Kurator der Sammlung Mauricio Kagel an der Paul Sacher Stiftung.<\/p>\n<p>Infos \u00fcber Tournee und Rahmenprogramm auf der <a href=\"http:\/\/www.goethe.de\/ins\/ar\/bue\/esindex.htm?wt_sc=buenosaires\">Webseite des Goethe-Instituts<\/a>. Infos \u00fcber den &#8220;Ciclo de M\u00fasica Contempor\u00e1nea&#8221; auf der Webseite des <a href=\"http:\/\/www.teatrocolon.org.ar\/es\/\">Teatro Col\u00f3n<\/a> oder des <a href=\"http:\/\/www.complejoteatral.gob.ar\/\">San Mart\u00edn-Theaters<\/a>.<\/p>\n<p><strong>Foto:<\/strong><br \/>\nB\u00fchnenaufbau im Museum Tinguely, Basel, 30. April 2011.<br \/>\n(Foto: Ute Schendel)<\/p>\n","protected":false},"excerpt":{"rendered":"<p>Goethe-Institut Buenos Aires bringt Kagels &#8220;Zwei-Mann-Orchester&#8221; nach Argentinien Im Rahmen des vom San Mart\u00edn-Theater und dem Teatro Col\u00f3n organisierten und von Mart\u00edn Bauer koordinierten 16. &#8220;Zyklus Zeitgen\u00f6ssischer Musik&#8221;, der seit dem 28. Oktober und bis zum 30. November 15 hochkar\u00e4tige Konzerte mit neuer Musik im Programm hat, wird dank einer Initiative des Goethe-Instituts Buenos Aires [&hellip;]<\/p>\n","protected":false},"author":1,"featured_media":0,"comment_status":"open","ping_status":"open","sticky":false,"template":"","format":"standard","meta":{"footnotes":""},"categories":[19,4],"tags":[],"class_list":["post-13511","post","type-post","status-publish","format-standard","hentry","category-musik-musica","category-tipp-der-woche-recomendacion-de-la-semana"],"_links":{"self":[{"href":"https:\/\/kunstinargentinien.com\/index.php\/wp-json\/wp\/v2\/posts\/13511","targetHints":{"allow":["GET"]}}],"collection":[{"href":"https:\/\/kunstinargentinien.com\/index.php\/wp-json\/wp\/v2\/posts"}],"about":[{"href":"https:\/\/kunstinargentinien.com\/index.php\/wp-json\/wp\/v2\/types\/post"}],"author":[{"embeddable":true,"href":"https:\/\/kunstinargentinien.com\/index.php\/wp-json\/wp\/v2\/users\/1"}],"replies":[{"embeddable":true,"href":"https:\/\/kunstinargentinien.com\/index.php\/wp-json\/wp\/v2\/comments?post=13511"}],"version-history":[{"count":9,"href":"https:\/\/kunstinargentinien.com\/index.php\/wp-json\/wp\/v2\/posts\/13511\/revisions"}],"predecessor-version":[{"id":13681,"href":"https:\/\/kunstinargentinien.com\/index.php\/wp-json\/wp\/v2\/posts\/13511\/revisions\/13681"}],"wp:attachment":[{"href":"https:\/\/kunstinargentinien.com\/index.php\/wp-json\/wp\/v2\/media?parent=13511"}],"wp:term":[{"taxonomy":"category","embeddable":true,"href":"https:\/\/kunstinargentinien.com\/index.php\/wp-json\/wp\/v2\/categories?post=13511"},{"taxonomy":"post_tag","embeddable":true,"href":"https:\/\/kunstinargentinien.com\/index.php\/wp-json\/wp\/v2\/tags?post=13511"}],"curies":[{"name":"wp","href":"https:\/\/api.w.org\/{rel}","templated":true}]}}