{"id":1360,"date":"2008-02-08T08:33:31","date_gmt":"2008-02-08T11:33:31","guid":{"rendered":"http:\/\/kunstinargentinien.com\/index.php\/2008\/02\/08\/agenda-kalender-97\/"},"modified":"2008-02-11T15:36:07","modified_gmt":"2008-02-11T18:36:07","slug":"agenda-kalender-97","status":"publish","type":"post","link":"https:\/\/kunstinargentinien.com\/index.php\/2008\/02\/08\/agenda-kalender-97\/","title":{"rendered":"Agenda \/ Kalender"},"content":{"rendered":"<p><a href=\"http:\/\/kunstinargentinien.com\/index.php\/2008\/02\/08\/kalender-agenda-104\/\">Klicken Sie hier, um die deutsche Version zu lesen.<\/a><\/p>\n<p><strong>Agenda de Muestras 09\/02\/08-16\/02\/08<\/strong><\/p>\n<div align=center><img decoding=\"async\" id=\"image1363\" alt=Che2.jpg src=\"http:\/\/kunstinargentinien.com\/wp-content\/uploads\/2008\/02\/Che2.jpg\" \/><br \/>\n<em>La c\u00e9lebre fotograf\u00eda del Che Guevara fumando un gran cigarro se public\u00f3 en los diarios y revista m\u00e1s importantes del mundo. Ahora forma parte de una retrospectiva del foto reportero suizo Ren\u00e9 Burri en el <a href=\"http:\/\/www.ccborges.org.ar\/\">Centro Cultural Borges<\/a>.<\/em><\/div>\n<p><em><strong>Centros de exposiciones<\/strong><\/em><\/p>\n<ul>\n<li><a href=\"http:\/\/www.malba.org.ar\/web\/\">MALBA<\/a> (Museo de Arte Latinoamericano de Buenos Aires), Av. Figueroa Alcorta 3415 (Jue-Lun y feriados 12-20 hs, martes cerrado, Mi\u00e9rcoles hasta 21 hs, entrada libre. Los otros d\u00edas: entrada 12 pesos, docentes y mayores de 65 a\u00f1os 6 pesos, estudiantes, menores de 12 a\u00f1os y discapacitados gratis): &#8220;Oscar Bony. El mago. Obras 1965\/2001&#8221;. Primera gran retrospectiva de uno de los artistas clave en la historia del arte argentino. Curador: Marcelo Pacheco. Visitas guiadas Mie, Jue y Vie a las 17, Sab y Dom a las 18 hs. 22.11.-18.02. \/ &#8220;Adquisiciones, donaciones y comodatos 2007&#8221;, 23 obras que incluyen dibujos, pinturas, fotograf\u00edas, videos e instalaciones de los artistas Sergio Avello, Marcos L\u00f3pez, Kenneth Kemble, Hern\u00e1n Marina, Liliana Porter y Emilio Renart, entre otros. 22.11.-31.03. \/ &#8220;Intervenci\u00f3n 5&#8221;: Cecilia Szalkowicz, &#8220;Todo es posible II&#8221;. Hasta mayo.<\/li>\n<p><!--more--><\/p>\n<li><a href=\"http:\/\/www.centroculturalrecoleta.org\/\">Centro Cultural Recoleta<\/a>, Jun\u00edn 1930 (Mar-Vie 14-21, Sab, Dom y feriados 10-21 hs, entrada 1 peso): &#8220;Fundaci\u00f3n Daniela Jozami &#8211; Certamen de pintura de artistas del Noroeste Argentino&#8221;. Sala 12. 19.12.-24.02. \/ Marta Cali. Sala Prometeus. Hasta 24.02. \/ Nicol\u00e1s Mastracchio. Sala 10. Hasta 24.02. \/ Nora Cher\u00f1ajosky. Sala 8. 19.12.-24.02. \/ &#8220;Desplazamientos y fusiones&#8221;, pinturas y fotograf\u00edas de Arturo Aguiar, Melina Berkenwald, Mart\u00edn Bonadeo, Diego Haboba, Santiago Iturralde, Magdalena Jitrik y Lorena Ventimiglia. Curadora: Ana Mart\u00ednez Quijano. Sala 6. 23.01.-24.02. \/ &#8220;Arte en la Empresa&#8221;, fotograf\u00eda, pintura, instalaciones. Sala 11. 31.01.-24.02. \/ &#8220;Cal\u00e9 &#8211; Buenos Aires en Camiseta. Homenaje&#8221;. Artistas invitados: Beas, Cilencio, Coper, Cheche, De los Rios, Dany Duel, Pablo Fern\u00e1ndez, Gustavo Gonz\u00e1lez, Grafio, Laino, Manuel, Maska, Maxi Mu\u00f1oz, O&#8217;kiff, Rep y Victor Wolf. Espacio Historieta. 07.02.-09.03. \/ Isabel Mu\u00f1oz, Maribel Domenech, &#8220;La piel de los hijos de Gea&#8221;. Salas &#8220;J&#8221; y &#8220;C&#8221;. Inauguraci\u00f3n: 12.02., 19 hs. Hasta 02.03.<\/li>\n<li><a href=\"http:\/\/www.mnba.org.ar\/\">Museo Nacional de Bellas Artes (MNBA)<\/a>, Av. del Libertador 1473 (Mar-Vie 12.30-20.30, Sab y Dom 9.30-20.30 hs, entrada libre): &#8220;Modelos de Ulm. El dise\u00f1o de la nueva Alemania 1953\/1968&#8221;, una exposici\u00f3n del Instituto para las Relaciones con el Extranjero de Alemania, organizada en cooperaci\u00f3n con el Goethe-Institut Buenos Aires. 30.11.-10.02. \/ Tom\u00e1s Maldonado, &#8220;Un itinerario&#8221;. 30.11.-10.02.<\/li>\n<li><a href=\"http:\/\/www.ccborges.org.ar\/\">Centro Cultural Borges<\/a>, Viamonte\/San Mart\u00edn (Lun-Sab 10-21, Dom 12-21 hs. Entrada 8 pesos, jubilados y estudiantes 5 pesos): &#8220;La magia de Mir\u00f3&#8221;, 35 dibujos y 28 grabados. 19.12.-17.03. \/ Lotty Inchauspe, &#8220;Alegr\u00eda&#8221;, pinturas, esculturas, collages, dibujos y objetos. Curadora: Florencia Braga Men\u00e9ndez. 31.01.-02.03. \/ &#8220;Ren\u00e9 Burri, un mundo&#8221;, retrospectiva de la obra del reconocido foto reportero suizo. Curador: Hans-Michael Koetzle. Con el auspicio de la Embajada de Suiza y el patrocino de Pro Helvetia. Inauguraci\u00f3n (con la presencia del artista): 12.02., 19 hs. Hasta 21.04.<\/li>\n<li><a href=\"http:\/\/www.centrocultural.coop\/modules\/wfchannel\/\">Centro Cultural de la Cooperaci\u00f3n<\/a>, Av. Corrientes 1543 (Lun-Sab 10-22, Dom 17-20.30 hs): Dolores Mendieta, &#8220;Kahuana Am\u00e9rica&#8221;. Sala 2\u00ba SS. Hasta 10.02. \/ Rub\u00e9n Grau, &#8220;Pan cotidiano&#8221;. Sala Abraham Vigo. Hasta 24.02.<\/li>\n<\/ul>\n<p><em><strong>Otras exposiciones<\/strong><\/em><\/p>\n<ul>\n<li>III. Proyecto Cubo 2007\/2008. Exposici\u00f3n de Maria Paula Caradonti, Diego Acu\u00f1a, Renata Morini y Gabriela Caregnato. Curador: N\u00e9stor Zanona. Cr\u00edtica invitada: Ana Mar\u00eda Battistozzi. Pabell\u00f3n 4 Arte Contempor\u00e1neo, Uriarte 1332, Palermo Viejo. Lun-Sab 16-20 hs. 28.08.-06.10.<\/li>\n<li>Gustavo Lozano, fotograf\u00eda. \/ Marcos Aquistapace, pinturas. \/ Artista invitada: Mar\u00eda P\u00eda Zorzi (Chubut), video. <a href=\"http:\/\/www.galeriabarbarie.com\/\">Barbarie<\/a>, Primera Galer\u00eda Rural de Arte Contempor\u00e1neo, Estancia La Cinacina, Lavalle 1, San Antonio de Areco, Prov. Buenos Aires (Ruta 8 &#8211; km 112). Mar y Vie-Dom 11-17 hs. 16.12.-09.03.<\/li>\n<li>&#8220;Documenta Chartographica de las Indias Occidentales y la regi\u00f3n del Plata&#8221;, mapas y planos de los siglos XVI a XIX. <a href=\"http:\/\/www.uca.edu.ar\/esp\/sec-pba\/\">Pabell\u00f3n de las Bellas Artes de la UCA<\/a>, Alicia Moreau de Justo al 1300, Puerto Madero. Mar-Dom 11-20 hs. Lunes cerrado. Entrada libre y gratuita. 19.12.-09.03.<\/li>\n<li>&#8220;V\u00e9, V\u00e9te, Vuelve&#8221;, obras de Diana Aisenberg, Mariela Scafati y Alejandra Seeber. Alianza Francesa de Buenos Aires, Av. C\u00f3rdoba 946. Lun-Vie 9-21.30 hs. Entrada gratis. 16.01.-28.02.<\/li>\n<li>Gaby Herbstein, &#8220;Aves del Para\u00edso&#8221;, fotos. Las 13 im\u00e1genes de 3 x 4 metros forman parte del Calendario 2008 &#8220;Aves del Para\u00edso&#8221;, donde participaron figuras como Julio Bocca, Gustavo Cerati y Natalia Oreiro. Est\u00e1n colgadas a lo largo de todo el Shopping Paseo Alcorta, y luego se exhibir\u00e1n en los principales Shoppings del interior del pa\u00eds. La muestra apoya la tarea de divulgaci\u00f3n cient\u00edfica que realiza la <a href=\"http:\/\/www.fundacionazara.org.ar\/\">Fundaci\u00f3n Azara<\/a>, ONG dedicada a la preservaci\u00f3n de la naturaleza. Shopping Paseo Alcorta, Figueroa Alcorta y Salguero. 16.01.-fines de febrero.<\/li>\n<li>&#8220;Procesos de restauraci\u00f3n y conservaci\u00f3n&#8221;. Curadora: Anabella Monteleone. Museo de Arte de Tigre, Paseo Victorica 972. Mie-Vie 10-18, Sab y Dom 12-19 hs. 19.01.-19.02.<\/li>\n<li>&#8220;Trastienda&#8221;, obras de Claudia Aranovich, Alfredo Benav\u00eddez Bedoya, Gerardo Feldstein, Diego Haboba, Mar\u00eda Juana Heras Velasco, Gabriela Maltz, Elena Nieves, Diego Perrotta, Jos\u00e9 Piuma, Sergio Quattrocchi, Felix Rodr\u00edguez, Mariana Schapiro, Cristina Tomsig, Ignacio Vald\u00e9z, Juan Andr\u00e9s Videla, Martha Zuik. <a href=\"http:\/\/www.empatia-arte.com\/\">Empat\u00eda<\/a>, Carlos Pellegrini 1255. Lun-Vie 14-20 hs. 28.01.-07.03.<\/li>\n<li>&#8220;Primera comuni\u00f3n. Fotograf\u00edas 1860-1960&#8221;, reposici\u00f3n de la muestra de fotograf\u00eda hist\u00f3rica. FotoGaler\u00eda del Teatro San Mart\u00edn, Av. Corrientes 1530. Lun-Vie desde las 12 horas, Sab y Dom desde las 14 horas hasta la finalizaci\u00f3n de las actividades del d\u00eda en el teatro. Entrada libre. En el marco de la muestra, el Sr. Abel Alexander, Presidente de la Asociaci\u00f3n Iberoamericana de Historia de la Fotograf\u00eda, realizar\u00e1 visitas guiadas a la exposici\u00f3n los viernes 8 y 22 de febrero y el viernes 14 de marzo a las 19 horas. 01.02.-22.03.<\/li>\n<li>Mario Dar\u00edo Grandi (1918-1971), retrospectiva. Zurbar\u00e1n &#8211; El Arte de los Argentinos, Cerrito 1522. Lun-Vie 10-21, Sab 10-13 hs. 04.02.-15.03.<\/li>\n<li>&#8220;Landmarks of New York&#8221;, muestra fotogr\u00e1fica en conmemoraci\u00f3n del 40\u00ba aniversario de la aprobaci\u00f3n de la Ley de Protecci\u00f3n de Patrimonio Hist\u00f3rico de la Ciudad de Nueva York. Curadora: Barbaralee Diamonstein-Spielvogel. Faena Hotel + Universe, Martha Salotti 445, Puerto Madero. Todos los d\u00edas 10-22 hs. Entrada libre y gratuita. Desde 04.02.<\/li>\n<li>&#8220;El periodista ausente&#8221;, muestra de fotograf\u00edas de Andrew Graham Yooll. Serie de 22 fotograf\u00edas in\u00e9ditas del archivo personal del periodista y ex-director del Buenos Aires Herald tomadas por distintos fot\u00f3grafos en las que AGY aparece junto a diversas personalidades de la cultura a quienes entrevist\u00f3. Se pueden ver im\u00e1genes de Eduardo Pavlovsky, Graham Greene,  Nacha Guevara, Salman Rushdie, Tom Stoppard, Jorge Luis Borges, Guillermo Cabrera Infante y otros m\u00e1s. Viejo Hotel Ostende, Biarritz esquina Cairo, Ostende. Tel. 02254-48-6081. Todos los d\u00edas 10-20 hs. Entrada libre y gratuita. Hasta fines de febrero.<\/li>\n<li>&#8220;Quinquela Mart\u00edn y sus contempor\u00e1neos&#8221;. Museo Nacional de Bellas Artes Neuqu\u00e9n, Mitre y Santa Cruz, Parque Central Neuqu\u00e9n. Entrada libre y gratuita. Inauguraci\u00f3n: 08.02., 21.30 hs.<\/li>\n<li>&#8220;Sara Facio antol\u00f3gica 1960-2005&#8221;. Imago Espacio de Arte, Suipacha 658, 1\u00ba piso. Inauguraci\u00f3n: 14.02., 19 hs.<\/li>\n<\/ul>\n","protected":false},"excerpt":{"rendered":"<p>Klicken Sie hier, um die deutsche Version zu lesen. Agenda de Muestras 09\/02\/08-16\/02\/08 La c\u00e9lebre fotograf\u00eda del Che Guevara fumando un gran cigarro se public\u00f3 en los diarios y revista m\u00e1s importantes del mundo. Ahora forma parte de una retrospectiva del foto reportero suizo Ren\u00e9 Burri en el Centro Cultural Borges. Centros de exposiciones MALBA [&hellip;]<\/p>\n","protected":false},"author":1,"featured_media":0,"comment_status":"open","ping_status":"open","sticky":false,"template":"","format":"standard","meta":{"footnotes":""},"categories":[3],"tags":[],"class_list":["post-1360","post","type-post","status-publish","format-standard","hentry","category-kalender-agenda"],"_links":{"self":[{"href":"https:\/\/kunstinargentinien.com\/index.php\/wp-json\/wp\/v2\/posts\/1360","targetHints":{"allow":["GET"]}}],"collection":[{"href":"https:\/\/kunstinargentinien.com\/index.php\/wp-json\/wp\/v2\/posts"}],"about":[{"href":"https:\/\/kunstinargentinien.com\/index.php\/wp-json\/wp\/v2\/types\/post"}],"author":[{"embeddable":true,"href":"https:\/\/kunstinargentinien.com\/index.php\/wp-json\/wp\/v2\/users\/1"}],"replies":[{"embeddable":true,"href":"https:\/\/kunstinargentinien.com\/index.php\/wp-json\/wp\/v2\/comments?post=1360"}],"version-history":[{"count":0,"href":"https:\/\/kunstinargentinien.com\/index.php\/wp-json\/wp\/v2\/posts\/1360\/revisions"}],"wp:attachment":[{"href":"https:\/\/kunstinargentinien.com\/index.php\/wp-json\/wp\/v2\/media?parent=1360"}],"wp:term":[{"taxonomy":"category","embeddable":true,"href":"https:\/\/kunstinargentinien.com\/index.php\/wp-json\/wp\/v2\/categories?post=1360"},{"taxonomy":"post_tag","embeddable":true,"href":"https:\/\/kunstinargentinien.com\/index.php\/wp-json\/wp\/v2\/tags?post=1360"}],"curies":[{"name":"wp","href":"https:\/\/api.w.org\/{rel}","templated":true}]}}