{"id":13625,"date":"2012-11-13T16:58:05","date_gmt":"2012-11-13T19:58:05","guid":{"rendered":"http:\/\/kunstinargentinien.com\/?p=13625"},"modified":"2012-11-13T17:03:45","modified_gmt":"2012-11-13T20:03:45","slug":"una-segunda-oportunidad","status":"publish","type":"post","link":"https:\/\/kunstinargentinien.com\/index.php\/2012\/11\/13\/una-segunda-oportunidad\/","title":{"rendered":"&#8220;Una segunda oportunidad&#8221;"},"content":{"rendered":"<p><strong>Ocho grandes films en la Sala Leopoldo Lugones<\/strong><\/p>\n<p><a href=\"http:\/\/kunstinargentinien.com\/wp-content\/uploads\/2012\/11\/copie-conforme.jpg\"><img loading=\"lazy\" decoding=\"async\" src=\"http:\/\/kunstinargentinien.com\/wp-content\/uploads\/2012\/11\/copie-conforme.jpg\" alt=\"\" title=\"copie conforme\" width=\"500\" height=\"282\" class=\"aligncenter size-full wp-image-13627\" srcset=\"https:\/\/kunstinargentinien.com\/wp-content\/uploads\/2012\/11\/copie-conforme.jpg 500w, https:\/\/kunstinargentinien.com\/wp-content\/uploads\/2012\/11\/copie-conforme-300x169.jpg 300w\" sizes=\"auto, (max-width: 500px) 100vw, 500px\" \/><\/a><br \/>\nEl Complejo Teatral de Buenos Aires y la Fundaci\u00f3n Cinemateca Argentina han organizado una muestra denominada &#8220;Una segunda oportunidad&#8221;, integrada por ocho grandes films de los \u00faltimos a\u00f1os, que por su calidad, su vuelo po\u00e9tico y por los premios internacionales que cosecharon merecen volver a verse en las mejores condiciones de proyecci\u00f3n. El ciclo se llevar\u00e1 a cabo del martes 13 al martes 20 de noviembre, en la Sala Leopoldo Lugones del <a href=\"http:\/\/www.complejoteatral.gob.ar\/\">Teatro San Mart\u00edn<\/a> (Av. Corrientes 1530, Buenos Aires).<\/p>\n<p><strong>Foto:<\/strong><br \/>\n<a href=\"http:\/\/kunstinargentinien.com\/index.php\/2011\/08\/03\/szenen-einer-ehe\/\">&#8220;Copie conforme&#8221;<\/a>.<\/p>\n<p>Agenda completa:<!--more--><\/p>\n<p><strong>Martes 13<\/strong><\/p>\n<ul>\n<li>La prima cosa bella (Italia, 2010, 122\u2019, 35mm.)<\/li>\n<li>Direcci\u00f3n: Paolo Virz\u00ec<\/li>\n<li>Con Valerio Mastandrea, Stefania Sandrelli, Micaela Ramazzotti<\/li>\n<\/ul>\n<p>Bruno Michelucci, profesor de literatura en una escuela de Mil\u00e1n, sobrevive a los recuerdos de una infancia traum\u00e1tica y a la belleza embarazosa de una madre vital y extravertida. Todo empez\u00f3 en el verano de 1971, cuando en la tradicional elecci\u00f3n de la Miss del establecimiento playero m\u00e1s popular de Livorno, Anna, su madre, fue coronada inesperadamente como la &#8220;mam\u00e1 m\u00e1s bella del verano&#8221;. A partir de entonces, llegan los problemas a la familia Michelucci, y vivir se convertir\u00e1 en toda una aventura que va superando a Bruno hasta llegar a nuestros d\u00edas, cuando Valeria, su hermana, decide reconciliar a Bruno con su pasado y con su madre.<\/p>\n<p>A las 14.30, 18 y 21 horas.<\/p>\n<p><strong>Mi\u00e9rcoles 14<\/strong><\/p>\n<ul>\n<li>&#8220;Entre la fe y la pasi\u00f3n&#8221; (Hadewijch; Francia, 2009, 105\u2019, 35mm.)<\/li>\n<li>Direcci\u00f3n: Bruno Dumont<\/li>\n<li>Con Julie Sokolowski, Yassine Salime<\/li>\n<\/ul>\n<p>&#8220;Film de extremos, que pasa del centro de Par\u00eds a la periferia, de lo terrenal a lo espiritual, del Bien al Mal, Hadewijch \u2013el t\u00edtulo alude al convento convertido por C\u00e9line en su refugio\u2013 es tambi\u00e9n una reflexi\u00f3n sobre el cine a trav\u00e9s de la teolog\u00eda&#8221; (Luciano Monteagudo en P\u00e1gina\/12)<\/p>\n<p>Premio de la cr\u00edtica (Fipresci) en el Festival de Toronto 2009<\/p>\n<p>A las 14.30, 17, 19.30 y 22 horas.<\/p>\n<p><strong>Jueves 15<\/strong><\/p>\n<ul>\n<li>&#8220;Un feriado particular&#8221; (Pranzo di ferragosto; Italia, 2008, 75\u2019, 35mm.)<\/li>\n<li>Direcci\u00f3n: Gianni Di Gregorio<\/li>\n<li>Con Valeria De Franciscis, Marina Cacciotti, Maria Cal\u00ec<\/li>\n<\/ul>\n<p>En Roma, Gianni vive en la casa familiar con su madre viuda. El d\u00eda antes de la celebraci\u00f3n de Ferragosto, el administrador del consorcio lo sorprende con una propuesta muy poco habitual: que acoja a su madre en su casa durante los dos d\u00edas festivos. A cambio, le ofrece deducirle las deudas que ha acumulado durante a\u00f1os. Gianni acepta, pero poco despu\u00e9s el administrador se aparece no s\u00f3lo con su madre, sino tambi\u00e9n con su t\u00eda. Poco despu\u00e9s su amigo y m\u00e9dico de cabecera, que tiene que estar de guardia en el hospital, le lleva tambi\u00e9n a su madre. Gianni, agobiado y sobrepasado por el choque de personalidades de las cuatro mujeres, intentar\u00e1 heroicamente mantenerlas contentas.<\/p>\n<p>A las 14.30, 17, 19.30 y 22 horas.<\/p>\n<p><strong>Viernes 16<\/strong><\/p>\n<ul>\n<li>&#8220;Aquel martes despu\u00e9s de Navidad&#8221; (Marti, dupa craciun; Rumania, 2010, 99\u2019, 35mm.)<\/li>\n<li>Direcci\u00f3n: Radu Muntean<\/li>\n<li>Con Dragos Bucur, Maria Popistasu, Mimi Branescu<\/li>\n<\/ul>\n<p>Paul est\u00e1 casado con Adriana desde hace diez a\u00f1os. Tienen una hija, un auto, un departamento y hasta pareciera que a\u00fan est\u00e1n enamorados. Paul tambi\u00e9n tiene una relaci\u00f3n con Raluca, una dentista de 27 a\u00f1os a quien conoci\u00f3 seis meses atr\u00e1s. Paul ama a estas dos mujeres, pero cuando algo imprevisto suceda se ver\u00e1 forzado a tomar una decisi\u00f3n.<\/p>\n<p>A las 14.30, 17, 19.30 y 22 horas.<\/p>\n<p><strong>S\u00e1bado 17<\/strong><\/p>\n<ul>\n<li>&#8220;Copia certificada&#8221; (Copie conforme; Francia\/Italia\/B\u00e9lgica, 2010, 106\u2019, 35mm.)<\/li>\n<li>Direcci\u00f3n: Abbas Kiarostami<\/li>\n<li>Con Juliette Binoche, William Shimell, Jean-Claude Carri\u00e8re<\/li>\n<\/ul>\n<p>La historia de un encuentro entre un hombre y una mujer en un peque\u00f1o pueblo italiano en el sur de la Toscana. El hombre es un autor brit\u00e1nico que acaba de terminar una conferencia. La mujer, francesa, posee una galer\u00eda de arte. \u00c9sta es una historia universal que podr\u00eda ocurrirle a cualquiera, en cualquier lugar.<\/p>\n<p>A las 14.30, 17, 19.30 y 22 horas.<\/p>\n<p><strong>Domingo 18<\/strong><\/p>\n<ul>\n<li>&#8220;Vincere&#8221; (Italia\/Francia, 2009, 128\u2019, 35mm.)<\/li>\n<li>Direcci\u00f3n: Marco Bellocchio<\/li>\n<li>Con Giovanna Mezzogiorno, Filippo Timi, Fausto Russo Alesi<\/li>\n<\/ul>\n<p>Benito Mussolini, un joven revolucionario socialista, conoce a Ida Dalser, una mujer tan pasional como \u00e9l, que lo apoyar\u00e1 en la lucha pol\u00edtica, incluso cuando cambia de rumbo y sustituye el socialismo por el fascismo. Ella pone a su disposici\u00f3n todos sus recursos para que pueda fundar su propio peri\u00f3dico. Se casar\u00e1n y tendr\u00e1n un hijo, pero Ida descubre que su matrimonio tiene mucho menos valor que el que Mussolini ha contra\u00eddo con Rachele Guidi. Cuando el Duce llega al poder, su decisi\u00f3n de excluir de su vida tanto a Ida como al ni\u00f1o es irrevocable.<\/p>\n<p>A las 14.30, 18 y 21 horas.<\/p>\n<p><strong>Lunes 19<\/strong><\/p>\n<ul>\n<li>&#8220;Mis tardes con Margueritte&#8221; (La t\u00eate en friche; Francia, 2010, 82\u2019, 35mm.)<\/li>\n<li>Direcci\u00f3n: Jean Becker<\/li>\n<li>Con G\u00e9rard Depardieu, Gis\u00e8le Casadesus, Maurane<\/li>\n<\/ul>\n<p>Basada en la novela hom\u00f3nima de Marie-Sabine Roger. Germain es un hombre maduro y obeso que vive en una caravana, en el jard\u00edn de su madre, y su vida transcurre entre el caf\u00e9 y el parque p\u00fablico. Los dem\u00e1s lo consideran un imb\u00e9cil feliz, hasta que Margueritte, una anciana muy culta, le descubre el universo de los libros y las palabras. Desde entonces, su relaci\u00f3n con los dem\u00e1s y consigo mismo cambiar\u00e1 sensiblemente. <\/p>\n<p>A las 14.30 y 17 horas.<\/p>\n<p><strong>Martes 20<\/strong><\/p>\n<ul>\n<li>&#8220;Cosa voglio di pi\u00f9&#8221; (Italia\/Suiza, 2010, 126\u2019, 35mm.)<\/li>\n<li>Direcci\u00f3n: Silvio Soldini<\/li>\n<li>Con Alba Rohrwacher, Pierfrancesco Favino, Teresa Saponangelo<\/li>\n<\/ul>\n<p>Anna se convirti\u00f3 en la persona que todo el mundo esperaba: tiene un trabajo modesto pero seguro, es una persona vital y se muestra siempre afectuosa con la familia, con los amigos y con su pareja Alessio. Sin embargo, todo cambia cuando Domenico, un hombre casado, irrumpe en su vida y le hace redescubrir el amor, ese amor basado en el deseo y la pasi\u00f3n.<\/p>\n<p>A las 14.30, 18 y 21 horas.<\/p>\n<p>Mas info <a href=\"http:\/\/www.complejoteatral.gob.ar\/\"><em>aqu\u00ed<\/em><\/a>.<\/p>\n","protected":false},"excerpt":{"rendered":"<p>Ocho grandes films en la Sala Leopoldo Lugones El Complejo Teatral de Buenos Aires y la Fundaci\u00f3n Cinemateca Argentina han organizado una muestra denominada &#8220;Una segunda oportunidad&#8221;, integrada por ocho grandes films de los \u00faltimos a\u00f1os, que por su calidad, su vuelo po\u00e9tico y por los premios internacionales que cosecharon merecen volver a verse en [&hellip;]<\/p>\n","protected":false},"author":1,"featured_media":0,"comment_status":"open","ping_status":"open","sticky":false,"template":"","format":"standard","meta":{"footnotes":""},"categories":[16,4],"tags":[],"class_list":["post-13625","post","type-post","status-publish","format-standard","hentry","category-film-cine","category-tipp-der-woche-recomendacion-de-la-semana"],"_links":{"self":[{"href":"https:\/\/kunstinargentinien.com\/index.php\/wp-json\/wp\/v2\/posts\/13625","targetHints":{"allow":["GET"]}}],"collection":[{"href":"https:\/\/kunstinargentinien.com\/index.php\/wp-json\/wp\/v2\/posts"}],"about":[{"href":"https:\/\/kunstinargentinien.com\/index.php\/wp-json\/wp\/v2\/types\/post"}],"author":[{"embeddable":true,"href":"https:\/\/kunstinargentinien.com\/index.php\/wp-json\/wp\/v2\/users\/1"}],"replies":[{"embeddable":true,"href":"https:\/\/kunstinargentinien.com\/index.php\/wp-json\/wp\/v2\/comments?post=13625"}],"version-history":[{"count":5,"href":"https:\/\/kunstinargentinien.com\/index.php\/wp-json\/wp\/v2\/posts\/13625\/revisions"}],"predecessor-version":[{"id":13630,"href":"https:\/\/kunstinargentinien.com\/index.php\/wp-json\/wp\/v2\/posts\/13625\/revisions\/13630"}],"wp:attachment":[{"href":"https:\/\/kunstinargentinien.com\/index.php\/wp-json\/wp\/v2\/media?parent=13625"}],"wp:term":[{"taxonomy":"category","embeddable":true,"href":"https:\/\/kunstinargentinien.com\/index.php\/wp-json\/wp\/v2\/categories?post=13625"},{"taxonomy":"post_tag","embeddable":true,"href":"https:\/\/kunstinargentinien.com\/index.php\/wp-json\/wp\/v2\/tags?post=13625"}],"curies":[{"name":"wp","href":"https:\/\/api.w.org\/{rel}","templated":true}]}}