{"id":13708,"date":"2012-11-24T12:16:14","date_gmt":"2012-11-24T15:16:14","guid":{"rendered":"http:\/\/kunstinargentinien.com\/?p=13708"},"modified":"2012-12-02T14:38:00","modified_gmt":"2012-12-02T17:38:00","slug":"agenda-kalender-339","status":"publish","type":"post","link":"https:\/\/kunstinargentinien.com\/index.php\/2012\/11\/24\/agenda-kalender-339\/","title":{"rendered":"Agenda \/ Kalender"},"content":{"rendered":"<p><a href=\"http:\/\/kunstinargentinien.com\/index.php\/2012\/11\/24\/kalender-agenda-350\/\">Klicken Sie hier, um die deutsche Version zu lesen.<\/a><\/p>\n<p><strong>Agenda de Muestras 24\/11\/2012-01\/12\/2012<\/p>\n<p><em>Por Susanne Franz<\/em><\/strong><\/p>\n<p><a href=\"http:\/\/kunstinargentinien.com\/wp-content\/uploads\/2012\/11\/ackermann11.jpg\"><img loading=\"lazy\" decoding=\"async\" src=\"http:\/\/kunstinargentinien.com\/wp-content\/uploads\/2012\/11\/ackermann11.jpg\" alt=\"\" title=\"ackermann11\" width=\"250\" height=\"161\" class=\"alignright size-full wp-image-13711\" \/><\/a>Hasta fin de a\u00f1o, el artista alem\u00e1n Franz Ackermann presenta en la Sala Molinos del Faena Arts Center, su \u00faltimo trabajo: un site specific de 260m2. Para la realizaci\u00f3n del mismo, viaj\u00f3 a Buenos Aires, donde fotografi\u00f3 puntos emblem\u00e1ticos de la ciudad para realizar este &#8220;mapa mental&#8221;. Su mural consta de 25 paneles de madera pintados, montados en la sala.<\/p>\n<p>Franz Ackermann naci\u00f3 en Neumarkt St. Veit, Alemania, en 1963. Estudi\u00f3 arte en la Akademie der Bildenden K\u00fcnste en Munich y en la Hochschule f\u00fcr Bildende Kunst en Hamburgo. En 1991, recibi\u00f3 la beca DAAD, que le permiti\u00f3 hacer su primer viaje a Asia, estableci\u00e9ndose durante un a\u00f1o en Hong Kong. Los viajes se han transformado en la piedra fundamental de sus obras.<\/p>\n<p>Video del vernissage en <a href=\"http:\/\/jaquealarte.com\/2012\/11\/24\/franz-ackermann-en-el-faena-arts-center\/\">Jaque al Arte<\/a>.<\/p>\n<p>Las muestras de la semana:<!--more--><\/p>\n<p><strong><em>Centros de exposiciones<\/em><\/strong><\/p>\n<ul>\n<li><a href=\"http:\/\/www.proa.org\/esp\/\">Fundaci\u00f3n Proa<\/a>, Pedro de Mendoza 1929, La Boca, Buenos Aires (Mar-Dom 11-19 hs, Lun cerrado. Entrada $12, jubilados $8 y estudiantes $4; Mar gratis para estudiantes): Alberto Giacometti (Suiza, 1901-1966), pinturas y esculturas. Retrospectiva con 148 obras. 13.10.-09.01.2013. \/ Edgardo Rudnitzky, <a href=\"http:\/\/www.rudni.com\/ver-archivo\/nocturno-para-7-monocordios\/\">&#8220;Nocturno para 7 monocordios&#8221;<\/a>, instalaci\u00f3n sonora. Auditorio. 17.11.-17.12., Mar-Vie 11-15 y 17.15-19 hs.<\/li>\n<li><a href=\"http:\/\/centroculturalrecoleta.org\/ccr-sp\/\">Centro Cultural Recoleta<\/a>, Jun\u00edn 1930, Buenos Aires. Mar-Vie 14-21, S\u00e1b, Dom y feriados 12-21 hs): <a href=\"http:\/\/recorridos.maimonides.edu\/sobre-recorridos-la-muestra-que-une-arte-ciencia-y-tecnologia\/\">&#8220;Recorridos &#8211; arte en di\u00e1logo con la ciencia y la tecnolog\u00eda&#8221;<\/a>, instalaciones interactivas, multimedia, video arte, bio art, arte lum\u00ednico, rob\u00f3tica, holograf\u00eda, esculturas y acuarelas. Muestra producida por la Universidad Maim\u00f3nides. Curadores: Rodrigo Alonso y Graciela Taquini. Sala Cronopios. 15.11.-09.12. \/ Karina El Azem, &#8220;Una certeza persiste&#8221;. Sala &#8220;J&#8221;. 16.11.-09.12. \/ Ana L\u00eda Werthein, &#8220;Hacia una po\u00e9tica de la producci\u00f3n&#8221;, obras recientes. Sala &#8220;C&#8221;. Inauguraci\u00f3n: 30.11., 18 hs. Hasta 10.02.2013.<\/li>\n<li>Palais de Glace, Posadas 1725, Buenos Aires (Mar-Vie 12-20, S\u00e1b y Dom 10-20 hs. Entrada libre y gratuita): &#8220;\u00a1Lucha libre! &#8211; Miradas al fabuloso mundo de la lucha libre mexicana: dibujos, pinturas, objetos, intervenciones a muro, piezas gr\u00e1ficas, literatura, fotos, performances, instalaciones, esculturas, indumentaria, videos, cine, m\u00fasica, charlas y actividades participativas. \/ Danilo Danziger, &#8220;Paleobot\u00e1nica australis&#8221;, esculturas y dibujos 2002-2012. \/ &#8220;Otra geometr\u00eda&#8221;, pinturas y dibujos de Florencio Mendez Casariego, Gabriel Messil y Enrique Torroja. 15.11.-09.12.<\/li>\n<li><a href=\"http:\/\/www.mnba.org.ar\/index.php\">Museo Nacional de Bellas Artes<\/a>, Av. del Libertador 1473, Buenos Aires (Mar-Vie 12.30-20.30, S\u00e1b y Dom 9.30-20.30 hs. Entrada libre): &#8220;Caravaggio y sus seguidores&#8221;. 25.10.-15.12.<\/li>\n<li><a href=\"http:\/\/www.malba.org.ar\/web\/\">Malba<\/a> (Museo de Arte Latinoamericano de Buenos Aires), Av. Figueroa Alcorta 3415, Buenos Aires (Jue-Lun y feriados 12-20 hs, Mi\u00e9 hasta 21 hs, Mar cerrado. Entrada 30 pesos, docentes, jubilados y estudiantes 15 pesos, menores de 5 a\u00f1os sin cargo. Mi\u00e9: Entrada 15 pesos, docentes, jubilados y estudiantes sin cargo): &#8220;Arte Latinoamericano siglo XX: obras maestras de la colecci\u00f3n del Malba&#8221;. Curador: Marcelo E. Pacheco. Sala 2 (1\u00ba piso). Desde 10.10. \/ Tracey Emin, &#8220;How It Feels&#8221;. Curador: Philip Larratt-Smith. Organizada con la colaboraci\u00f3n del British Council. Sala 3 (1\u00ba piso). 15.11.-25.02.2013.<\/li>\n<li><a href=\"http:\/\/www.fundacion.telefonica.com.ar\/espacio\/\">Espacio Fundaci\u00f3n Telef\u00f3nica<\/a>, Arenales 1540, Buenos Aires (Mar-S\u00e1b 14-20 hs. Entrada libre y gratuita): Rafael Lozano-Hemmer (M\u00e9xico), &#8220;Detectores&#8221;. 18.10.-19.12. \/ &#8220;M\u00e9xico audiovisual&#8221;, recorrido por obras de videoarte de las \u00faltimas dos d\u00e9cadas. Un panorama de las artes audiovisuales en M\u00e9xico. 30 de noviembre; 7 y 14 de diciembre, a las 18.30 hs.<\/li>\n<\/ul>\n<p><em><strong>Otras exposiciones<\/strong><\/em><\/p>\n<ul>\n<li>&#8220;Hab\u00eda una vez&#8230;, mu\u00f1ecas y juguetes 1870\u20131940. Colecci\u00f3n de Mabel y Mar\u00eda Castellano Fotheringham&#8221;. Casa Fern\u00e1ndez Blanco, Hip\u00f3lito Yrigoyen 1420, Buenos Aires. Mar-Dom 11-17 hs. Entrada $1. Desde 14.07.<\/li>\n<li><a href=\"http:\/\/www.fundacion.telefonica.com\/es\/que_hacemos\/conocimiento\/exposiciones\/actuales\/minuphone.htm\">Marta Minuj\u00edn, &#8220;Minuphone 1967-2012&#8221;<\/a>. Espacio Fundaci\u00f3n Telef\u00f3nica, Arenales 1540, Buenos Aires. Mi\u00e9, Jue y Vie 18-20 hs. Desde 20.07.<\/li>\n<li>&#8220;Intercambio global. Abstracci\u00f3n geom\u00e9trica desde 1950&#8221;. Curador: Joe Houston. Primera exposici\u00f3n en el <a href=\"http:\/\/www.macba.com.ar\/\">MACBA &#8211; Museo de Arte Contempor\u00e1neo de Buenos Aires<\/a>, Av. San Juan 328, Buenos Aires. Mi\u00e9-Lun 11-19 hs, Mar cerrado. Visitas guiadas: Mi\u00e9-Lun 17, S\u00e1b, Dom y feriados 15.30 y 17 hs. Entrada: $20; estudiantes, docentes y jubilados (o mayores de 65 a\u00f1os) con acreditaci\u00f3n $10; menores de 12 a\u00f1os sin cargo. Mi\u00e9 $10; menores de 12 a\u00f1os sin cargo. Desde 01.09.<\/li>\n<li>RES, &#8220;Dunamis. Entre el desastre y la esperanza&#8221;. <a href=\"http:\/\/www.parquedelamemoria.org.ar\/\">Parque de la Memoria<\/a>, Sala PAyS, Av. Costanera Norte Rafael Obligado 6745, Buenos Aires (adyacente a Ciudad Universitaria). Lun-Vie 10-17, S\u00e1b, Dom y feriados 12-18 hs. Entrada libre y gratuita. 29.09.-10.02.2013.<\/li>\n<li><a href=\"http:\/\/boltanskibsas.com.ar\/\">Christian Boltanski<\/a> (Francia), &#8220;Migrantes&#8221;, instalaci\u00f3n. &#8220;Hotel de Inmigrantes&#8221;, Av. Ant\u00e1rtida Argentina 1355, Buenos Aires. Mar-Dom 12-20 hs. Gratis. 13.10.-16.12.<\/li>\n<li>&#8220;Discursos gr\u00e1ficos: artistas y grupos de producci\u00f3n gr\u00e1fica entre 1960 y 1990&#8221;. Curadora: Matilde Mar\u00edn. Espacio de Arte Fundaci\u00f3n Osde, Suipacha 658, 1\u00ba piso, Buenos Aires. Lun-S\u00e1b 12-20 hs. 18.10.-19.01.2013.<\/li>\n<li>Fabio Risso Pino, &#8220;Relicario&#8221;, pinturas. <a href=\"http:\/\/www.galeriabm.com\/\">Galer\u00eda Braga Men\u00e9ndez<\/a>, Sala 2, Humboldt 1574, Palermo, Buenos Aires. Mar-S\u00e1b 13-20 hs. 24.10.-24.11.<\/li>\n<li>Nicol\u00e1s Rubi\u00f3, &#8220;El hombre y la naturaleza&#8221;, muestra antol\u00f3gica. <a href=\"http:\/\/www.museoquinquela.gov.ar\/areas\/educacion\/quinquela\/index.php?menu_id=21446\">Museo de Bellas Artes &#8220;Benito Quinquela Mart\u00edn&#8221;<\/a>, Sala S\u00edvori, 2\u00ba piso, Av. Pedro de Mendoza 1835\/43, La Boca, Buenos Aires. Mar-Vie 10-18, S\u00e1b, Dom y feriados 11-18 hs. Entrada libre. 27.10.-25.11.<\/li>\n<li>Gab Gabelich (Rosario), &#8220;Store (Donde esconder una monta\u00f1a)&#8221;, instalaci\u00f3n de objetos y dibujos. <a href=\"http:\/\/gachiprietogallery.com\/\">Gachi Prieto Gallery<\/a>, Uriarte 1976, Buenos Aires. Mar-Vie 13-20, S\u00e1b 12-18 hs. 31.10.-08.12.<\/li>\n<li>&#8220;Hab\u00eda una vez&#8230; \u00a1Pintores de cuentos!&#8221;, exposici\u00f3n con ilustraciones de alumnos sobre cuentos de los hermanos Grimm, organizada por la iniciativa &#8220;Los colegios, socios para el futuro&#8221;. Museo de los Ni\u00f1os Abasto, Sala de Exposiciones Temporarias, Av. Corrientes 3247, Shopping Abasto, Nivel 2, Buenos Aires. Entrada gratuita. Desde 01.11.<\/li>\n<li>Carlos Trilnick, &#8220;Video Tour Buenos Aires 2012&#8221;. <a href=\"http:\/\/www.roart.com.ar\/\">RO Galer\u00eda de Arte<\/a>, Paran\u00e1 1158, Buenos Aires. Lun-Vie 14-20 hs. 01.11.-04.12.<\/li>\n<li>Eduardo Pl\u00e1, m\u00f3viles y esculturas. Lobby del <a href=\"http:\/\/www.hiltonbuenosaireshotel.com\/\">Hilton Hotel Buenos Aires<\/a>, Av. Macacha G\u00fcemes 361, Puerto Madero, Buenos Aires. 01.11.-15.03.2013.<\/li>\n<li>Jos\u00e9 Luis Anzizar, &#8220;Urban Papers&#8221;, collage. <a href=\"http:\/\/www.elsidelrio.com.ar\/\">Elsi del R\u00edo Arte Contempor\u00e1neo<\/a>, Humboldt 1510, Palermo Hollywood, Buenos Aires. Mar-Vie 14-20, S\u00e1b 11-15 hs. 05.11.-30.12.<\/li>\n<li>Luis Felipe No\u00e9, &#8220;En consecuencia&#8221;, pinturas. Galeria Rubbers Internacional, Av. Alvear 1595, Buenos Aires. Lun-Vie 11-20, S\u00e1b 11-13.30 hs. 06.11.-08.12.<\/li>\n<li><a href=\"http:\/\/www.lauramizzau.com.ar\/\">Laura Mizzau<\/a>, &#8220;Univer[sos] &#8211; Vos, yo y los 4 elementos&#8221;, pinturas. Curador: Ariel Mlynarzewicz. <a href=\"http:\/\/www.britishartscentre.org.ar\/v2\/home.php\">British Arts Centre<\/a>, Suipacha 1333, Buenos Aires. Lun-Vie 15-21 hs. A beneficio del Centro Cultural del Hospital Borda. 07.11.-21.12.<\/li>\n<li>&#8220;Deseos importados&#8221;, obras de Mar\u00eda Gonz\u00e1lez Castillo, Juanita S\u00e1nchez, Florencia Temperley. Curadora: Valeria Gonz\u00e1lez. <a href=\"http:\/\/www.pasaje17.com\/\">Pasaje 17 Arte Contempor\u00e1neo<\/a>, Bartolom\u00e9 Mitre 1559, Buenos Aires. Lun-Vie 11-19 hs. 07.11.-20.12.<\/li>\n<li>&#8220;SOY guarango sin glamour &#8211; Arte contempor\u00e1neo del Gran Chaco&#8221;. Segunda edici\u00f3n de Simultaneidades y Otras Yerbas (SOY). Panorama de lo m\u00e1s sensible de las expresiones visuales, sonoras y perfom\u00e1ticas del Gran Chaco, regi\u00f3n sudamericana compuesta por territorios de Argentina, Paraguay y Bolivia. Curadora: Patricia Hakim. Artistas: Andr\u00e9s Bancalari, Fabiana Larrea, Marcelo Nieto (Chaco); Charo Bogar\u00edn y Marcos Ram\u00edrez (Formosa); Carlota Beltrame, Gabriel Chaile, Lorena Kaethner, Jorge Guti\u00e9rrez (Tucum\u00e1n); Victor Moresi, Gustavo Tarchini, Cecilia Teruel, Orqu\u00eddeas y avispo hacen rizoma (Santiago del Estero); Andrea El\u00edas (Salta); Marcos L\u00f3pez (Santa Fe); Bettina Brizuela, M\u00f3nica Gonz\u00e1lez (Paraguay); Joaqu\u00edn S\u00e1nchez (Paraguay\/Bolivia); Mar\u00eda Galindo (Bolivia). Casa de las Culturas, Marcelo T. de Alvear y Mitre, Resistencia, Prov. Chaco, Argentina. 08.11.-30.12.<\/li>\n<li>Alicia Herrero, &#8220;Museo de la Econom\u00eda Pol\u00edtica del Arte&#8221;, instalaci\u00f3n. <a href=\"http:\/\/11x7galeria.com\/\">11&#215;7 Galer\u00eda<\/a>, Libertad 1628, Buenos Aires. Lun-Vie 12-20 hs. 09.11.-04.01.2013.<\/li>\n<li>Ana Godel, &#8220;Trazos en el tiempo&#8221;, pinturas. Museo de Arte Contempor\u00e1neo Latinoamericano (MACLA), Calle 50 entre 6 y 7, La Plata, Prov. Buenos Aires, Argentina. Mar-Vie 10-20, S\u00e1b y Dom 14-21 hs. 09.11.-30.11.<\/li>\n<li>Daniel Garc\u00eda, &#8220;Corpus&#8221;, pinturas, dibujos, fotos y videos. Espacio Cultural Universitario, Peatonal San Mart\u00edn 750, Rosario, Prov. Santa Fe, Argentina. 09.11.-28.12.<\/li>\n<li><a href=\"http:\/\/www.faenaartscenter.org\/exhibiciones-actuales\">Franz Ackermann (Alemania), &#8220;Walking South&#8221;, site specific de 260m2<\/a>. Faena Arts Center, Sala Molinos, Aim\u00e9 Paine 1169, Puerto Madero, Buenos Aires. Vie-Dom 12-19 hs. Entrada $30, jubilados o mayores de 65 a\u00f1os (con acreditaci\u00f3n) $15, ni\u00f1os menores de 12 a\u00f1os gratis, estudiantes universitarios (con acreditaci\u00f3n) $15. 10.11.-30.12.<\/li>\n<li>Karina Peisajovich, &#8220;Totalmente, t\u00e1citamente&#8221;. <a href=\"http:\/\/www.galeriavasari.com.ar\/\">Galer\u00eda Vasari<\/a>, Esmeralda 1357, Buenos Aires. Lun-Vie 11-20 hs. 14.11.-14.12.<\/li>\n<li>Mariana Bersten, &#8220;Gualicho&#8221;. <a href=\"http:\/\/www.elmiradorespacio.com\/\">El Mirador Espacio<\/a>, Brasil 301, Buenos Aires. Lun-Vie 14-20, S\u00e1b 14-18 hs. Entrada libre y gratuita. 16.11.-12.12.<\/li>\n<li>Juli\u00e1n Ter\u00e1n, &#8220;Entremedio impenetrable&#8221;. <a href=\"http:\/\/www.norafisch.com\/\">Nora Fisch Arte Contempor\u00e1neo<\/a>, G\u00fcemes 2967, PB, Buenos Aires. Mar-Vie 15-20 hs. 16.11.-28.12.<\/li>\n<li>Karina Maddonni, &#8220;Duele&#8221;, instalaci\u00f3n textil. Curadores: Alicia Romero, Marcelo Gim\u00e9nez. Arcimboldo Galer\u00eda de Arte, Reconquista 761, &#8220;14&#8221;, Buenos Aires. Lun-Vie 15-19 hs. 19.11.-07.12.<\/li>\n<li>Amadeo Azar e Iv\u00e1n Moiseeff, &#8220;La mirada perdida&#8221;. Curador: M\u00e1ximo Jacoby. Centro Cultural Ricardo Rojas, Av. Corrientes 2038, Buenos Aires. Desde 19.11.<\/li>\n<li>Claudio Larrea, &#8220;M\u00e1s all\u00e1&#8221;, fotos. SIROP, Vicente L\u00f3pez 1661, Local 11, Buenos Aires. Lun-Vie 15-20 hs. Desde 20.11.<\/li>\n<li><a href=\"http:\/\/www.nanofotofest.com.ar\/\">II Nano Festival de Fotograf\u00eda<\/a>. <a href=\"http:\/\/www.galeriaartexarte.com\/\">Arte x Arte<\/a>, Lavalleja 1062 (alt. Av. C\u00f3rdoba 4200), Buenos Aires. Horarios: 14-21 hs. 22.11.-25.11.<\/li>\n<li><a href=\"http:\/\/www.bienaldemontevideo.com\/\">1\u00aa Bienal Internacional de Arte Contempor\u00e1neo &#8220;El Gran Sur&#8221;<\/a>. Curador: Alfons Hug. Montevideo, Uruguay. 23.11.-30.03.2013.<\/li>\n<li>Vanina Braun, &#8220;Constelaciones impredecibles&#8221;. <a href=\"http:\/\/www.vanriel.com.ar\/\">Van Riel<\/a>, Juncal 790, PB, Buenos Aires. Lun-Vie 15-20 hs. Inauguraci\u00f3n: 27.11., 19 hs. Hasta 21.12.<\/li>\n<li>&#8220;Sarat\u00f3n&#8221;. Sara Garc\u00eda Uriburu, Uruguay 1223, Buenos Aires. 28.11., desde las 12 del mediod\u00eda hasta las 12 de la noche.<\/li>\n<li><a href=\"http:\/\/gallery-nights.com.ar\/recorridorecoleta.html\">Gallery Nights, Circuito Retiro, Barrio Norte y Recoleta<\/a>, Buenos Aires. 30.11., a partir de 19 hs.<\/li>\n<\/ul>\n","protected":false},"excerpt":{"rendered":"<p>Klicken Sie hier, um die deutsche Version zu lesen. Agenda de Muestras 24\/11\/2012-01\/12\/2012 Por Susanne Franz Hasta fin de a\u00f1o, el artista alem\u00e1n Franz Ackermann presenta en la Sala Molinos del Faena Arts Center, su \u00faltimo trabajo: un site specific de 260m2. Para la realizaci\u00f3n del mismo, viaj\u00f3 a Buenos Aires, donde fotografi\u00f3 puntos emblem\u00e1ticos [&hellip;]<\/p>\n","protected":false},"author":1,"featured_media":0,"comment_status":"open","ping_status":"open","sticky":false,"template":"","format":"standard","meta":{"footnotes":""},"categories":[18],"tags":[],"class_list":["post-13708","post","type-post","status-publish","format-standard","hentry","category-agenda"],"_links":{"self":[{"href":"https:\/\/kunstinargentinien.com\/index.php\/wp-json\/wp\/v2\/posts\/13708","targetHints":{"allow":["GET"]}}],"collection":[{"href":"https:\/\/kunstinargentinien.com\/index.php\/wp-json\/wp\/v2\/posts"}],"about":[{"href":"https:\/\/kunstinargentinien.com\/index.php\/wp-json\/wp\/v2\/types\/post"}],"author":[{"embeddable":true,"href":"https:\/\/kunstinargentinien.com\/index.php\/wp-json\/wp\/v2\/users\/1"}],"replies":[{"embeddable":true,"href":"https:\/\/kunstinargentinien.com\/index.php\/wp-json\/wp\/v2\/comments?post=13708"}],"version-history":[{"count":13,"href":"https:\/\/kunstinargentinien.com\/index.php\/wp-json\/wp\/v2\/posts\/13708\/revisions"}],"predecessor-version":[{"id":13913,"href":"https:\/\/kunstinargentinien.com\/index.php\/wp-json\/wp\/v2\/posts\/13708\/revisions\/13913"}],"wp:attachment":[{"href":"https:\/\/kunstinargentinien.com\/index.php\/wp-json\/wp\/v2\/media?parent=13708"}],"wp:term":[{"taxonomy":"category","embeddable":true,"href":"https:\/\/kunstinargentinien.com\/index.php\/wp-json\/wp\/v2\/categories?post=13708"},{"taxonomy":"post_tag","embeddable":true,"href":"https:\/\/kunstinargentinien.com\/index.php\/wp-json\/wp\/v2\/tags?post=13708"}],"curies":[{"name":"wp","href":"https:\/\/api.w.org\/{rel}","templated":true}]}}