{"id":13716,"date":"2012-11-24T12:44:36","date_gmt":"2012-11-24T15:44:36","guid":{"rendered":"http:\/\/kunstinargentinien.com\/?p=13716"},"modified":"2012-12-02T14:34:48","modified_gmt":"2012-12-02T17:34:48","slug":"kalender-agenda-350","status":"publish","type":"post","link":"https:\/\/kunstinargentinien.com\/index.php\/2012\/11\/24\/kalender-agenda-350\/","title":{"rendered":"Kalender \/ Agenda"},"content":{"rendered":"<p><a href=\"http:\/\/kunstinargentinien.com\/index.php\/2012\/11\/24\/agenda-kalender-339\/\">Click aqu\u00ed\u00ad para leer la versi\u00f3n en castellano.<\/a><\/p>\n<p><strong>Ausstellungskalender 24\/11\/2012-01\/12\/2012<\/p>\n<p><em>Von Susanne Franz<\/em><\/strong><\/p>\n<p><a href=\"http:\/\/kunstinargentinien.com\/wp-content\/uploads\/2012\/11\/ackermann11.jpg\"><img loading=\"lazy\" decoding=\"async\" src=\"http:\/\/kunstinargentinien.com\/wp-content\/uploads\/2012\/11\/ackermann11.jpg\" alt=\"\" title=\"ackermann11\" width=\"250\" height=\"161\" class=\"alignright size-full wp-image-13711\" \/><\/a>Bis Ende des Jahres zeigt der deutsche K\u00fcnstler Franz Ackermann im Molinos-Saal des Faena Arts Center sein j\u00fcngstes Werk: ein &#8220;site specific&#8221; von 260m2. Daf\u00fcr reiste der Bayer Ackermann vor ein paar Monaten in die argentinische Hauptstadt und fotografierte vor Ort f\u00fcr ihn besonders interessante Ecken &#8211; aus diesen Bildern schuf er dann seinen &#8220;inneren Stadtplan&#8221;. Das Werk besteht aus 25 bemalten, in den riesigen Saal montierten Holzw\u00e4nden.<\/p>\n<p>Franz Ackermann wurde 1963 in Neumarkt St. Veit geboren. Er studierte an der Akademie der Bildenden K\u00fcnste in M\u00fcnchen und der Hochschule f\u00fcr Bildende Kunst in Hamburg. 1991 ging er mit einem DAAD-Stipendium ein Jahr nach Hong Kong. Seitdem sind Reisen die Hauptantriebsfeder seines k\u00fcnstlerischen Schaffens.<\/p>\n<p>Video der Vernissage auf der Webseite <a href=\"http:\/\/jaquealarte.com\/2012\/11\/24\/franz-ackermann-en-el-faena-arts-center\/\">Jaque al Arte<\/a>.<\/p>\n<p>Die Ausstellungen der Woche:<!--more--><\/p>\n<p><strong><em>Ausstellungszentren<\/em><\/strong><\/p>\n<ul>\n<li><a href=\"http:\/\/www.proa.org\/esp\/\">Fundaci\u00f3n Proa<\/a>, Pedro de Mendoza 1929, La Boca, Buenos Aires (Di-So 11-19 Uhr, Mo geschlossen. Eintritt 12 Pesos, Rentner 8 Pesos, Studenten 4 Pesos; Di gratis f\u00fcr Studenten): <a href=\"http:\/\/kunstinargentinien.com\/index.php\/2012\/10\/20\/schweizer-ausnahmekunstler\/\">Alberto Giacometti (Schweiz, 1901-1966), Gem\u00e4lde und Skulpturen.<\/a> Retrospektive mit 148 Werken. 13.10.-9.1.2013. \/ Edgardo Rudnitzky, <a href=\"http:\/\/www.rudni.com\/ver-archivo\/nocturno-para-7-monocordios\/\">&#8220;Nocturno para 7 monocordios&#8221;<\/a>, Klanginstallation. Auditorium. 17.11.-17.12., dienstag bis freitags 11-15 und 17.15-19 Uhr.<\/li>\n<li><a href=\"http:\/\/centroculturalrecoleta.org\/ccr-sp\/\">Centro Cultural Recoleta<\/a>, Jun\u00edn 1930, Buenos Aires (Di-Fr 14-21, Sa, So und feiertags 12-21 Uhr): <a href=\"http:\/\/kunstinargentinien.com\/index.php\/2012\/11\/24\/individuelle-wege-der-betrachtung\/\">&#8220;Recorridos&#8221;<\/a> &#8211; Kunst im Dialog mit Wissenschaft und Technologie. Interaktive Installationen, Multimedia, Videokunst, Bio-Art, Lichtkunst, Robotik, Holografie, Skulpturen und Aquarelle. <a href=\"http:\/\/recorridos.maimonides.edu\/sobre-recorridos-la-muestra-que-une-arte-ciencia-y-tecnologia\/\">Von der Universidad Maim\u00f3nides produzierte Ausstellung.<\/a> Kuratoren: Rodrigo Alonso und Graciela Taquini. Cronopios-Saal. 15.11.-9.12. \/ Karina El Azem, &#8220;Una certeza persiste&#8221;. Saal J. 16.11.-9.12. \/ Ana L\u00eda Werthein, &#8220;Hacia una po\u00e9tica de la producci\u00f3n&#8221;, j\u00fcngste Werke. Saal &#8220;C&#8221;. Er\u00f6ffnung: 30.11., 18 Uhr. Bis 10.2.2013.<\/li>\n<li>Palais de Glace, Posadas 1725, Buenos Aires (Di-Fr 12-20, Sa und So 10-20 Uhr. Eintritt frei): &#8220;\u00a1Lucha libre!&#8221; &#8211; Ein Blick in die bunte Welt des mexikanischen &#8220;Lucha libre&#8221;-Ringkampfs: Zeichnungen, Gem\u00e4lde, Objekte, Interventionen, Poster, Literatur, Fotos, Performances, Installationen, Skulpturen, Kost\u00fcme, Videos, Filme, Musik, Vortr\u00e4ge und ein interaktives Begleitprogramm. \/ Danilo Danziger, &#8220;Paleobot\u00e1nica australis&#8221;, Skulpturen und Zeichnungen 2002-2012. \/ &#8220;Otra geometr\u00eda&#8221;, Gem\u00e4lde und Zeichnungen von Florencio Mendez Casariego, Gabriel Messil und Enrique Torroja. 15.11.-9.12.<\/li>\n<li><a href=\"http:\/\/www.mnba.org.ar\/index.php\">Museo Nacional de Bellas Artes<\/a>, Av. del Libertador 1473, Buenos Aires (Di-Fr 12.30-20.30, Sa und So 9.30-20.30 Uhr. Eintritt frei): &#8220;Caravaggio y sus seguidores&#8221;. 25.10.-15.12.<\/li>\n<li><a href=\"http:\/\/www.malba.org.ar\/web\/\">Malba<\/a> (Museo de Arte Latinoamericano de Buenos Aires), Av. Figueroa Alcorta 3415, Buenos Aires (Do-Mo und feiertags 12-20, Mi bis 21 Uhr, dienstags geschlossen. Eintritt 30 Pesos, Lehrer, Rentner und Studenten 15 Pesos, unter 5-J\u00e4hrige gratis. Mi: Eintritt 15 Pesos, Lehrer, Rentner und Studenten gratis): &#8220;Arte Latinoamericano siglo XX: obras maestras de la colecci\u00f3n del Malba&#8221; (Lateinamerikanische Kunst des 20. Jahrhunderts: Meisterwerke aus der Sammlung des Malba). Kurator: Marcelo E. Pacheco. Saal 2 (1. Stock). Seit 10.10. \/ Tracey Emin, &#8220;How It Feels&#8221;. Kurator: Philip Larratt-Smith. Organisiert in Zusammenarbeit mit dem British Council. Saal 3 (1. Stock). 15.11.-25.2.2013.<\/li>\n<li><a href=\"http:\/\/www.fundacion.telefonica.com.ar\/espacio\/\">Espacio Fundaci\u00f3n Telef\u00f3nica<\/a>, Arenales 1540, Buenos Aires (Di-Sa 14-20 Uhr. Eintritt frei): Rafael Lozano-Hemmer (Mexiko), &#8220;Detectores&#8221;. 18.10.-19.12. \/ &#8220;M\u00e9xico audiovisual&#8221;, Panorama der audiovisuellen Kunst der letzten 20 Jahre in Mexiko. 30.11.; 7. und 14.12., jeweils um 18.30 Uhr.<\/li>\n<\/ul>\n<p><em><strong>Weitere Ausstellungen<\/strong><\/em><\/p>\n<ul>\n<li><a href=\"http:\/\/kunstinargentinien.com\/index.php\/2012\/10\/06\/ein-historisches-haus-voller-geschichten\/\">&#8220;Hab\u00eda una vez&#8230;, mu\u00f1ecas y juguetes 1870\u20131940. Colecci\u00f3n de Mabel y Mar\u00eda Castellano Fotheringham&#8221; (Es war einmal&#8230;, Puppen und Spielzeug aus den Jahren 1870 bis 1940. Sammlung Mabel und Mar\u00eda Castellano Fotheringham)<\/a>. Casa Fern\u00e1ndez Blanco, Hip\u00f3lito Yrigoyen 1420, Buenos Aires. Di-So 11-17 Uhr. Eintritt 1 Peso. Seit 14.7.<\/li>\n<li><a href=\"http:\/\/kunstinargentinien.com\/index.php\/2012\/08\/29\/wahrnehmungsveranderung-beim-telefonanruf\/\">Marta Minuj\u00edn, &#8220;Minuphone 1967-2012&#8221;.<\/a> <a href=\"http:\/\/www.fundacion.telefonica.com.ar\/espacio\/\">Espacio Fundaci\u00f3n Telef\u00f3nica<\/a>, Arenales 1540, Buenos Aires. Mi, Do und Fr 18-20 Uhr. Seit 20.7.<\/li>\n<li>&#8220;Intercambio global. Abstracci\u00f3n geom\u00e9trica desde 1950&#8221;. Kurator: Joe Houston. Erste Ausstellung im <a href=\"http:\/\/www.macba.com.ar\/\">MACBA &#8211; Museo de Arte Contempor\u00e1neo de Buenos Aires<\/a>, Av. San Juan 328, Buenos Aires. Mi-Mo 11-19 Uhr, dienstags geschlossen. F\u00fchrungen: Mi-Mo 17, Sa, So und feiertags 15.30 und 17 Uhr. Eintritt: 20 Pesos; Studenten, Lehrer und Rentner (oder \u00fcber 65-J\u00e4hrige) mit Ausweis 10 Pesos; unter 12-J\u00e4hrige gratis. Mittwochs f\u00fcr alle ab 12 Jahre 10 Pesos. Seit 1.9.<\/li>\n<li>RES, &#8220;Dunamis. Entre el desastre y la esperanza&#8221;. <a href=\"http:\/\/www.parquedelamemoria.org.ar\/\">Parque de la Memoria<\/a>, PAyS-Saal, Av. Costanera Norte Rafael Obligado 6745, Buenos Aires (angrenzend an Ciudad Universitaria). Mo-Fr 10-17, Sa, So und feiertags 12-18 Uhr. Eintritt frei. 29.9.-10.2.2013.<\/li>\n<li><a href=\"http:\/\/boltanskibsas.com.ar\/\">Christian Boltanski<\/a> (Frankreich), &#8220;Migrantes&#8221;, Installation. &#8220;Hotel de Inmigrantes&#8221;, Av. Ant\u00e1rtida Argentina 1355, Buenos Aires. Di-So 12-20 Uhr. Gratis. 13.10.-16.12.<\/li>\n<li>&#8220;Discursos gr\u00e1ficos: artistas y grupos de producci\u00f3n gr\u00e1fica entre 1960 y 1990&#8221; (Str\u00f6mungen in der Grafik: K\u00fcnstler und Gruppen 1960 bis 1990). Kuratorin: Matilde Mar\u00edn. Espacio de Arte Fundaci\u00f3n Osde, Suipacha 658, 1. Stock, Buenos Aires. Mo-Sa 12-20 Uhr. 18.10.-19.1.2013.<\/li>\n<li><a href=\"http:\/\/kunstinargentinien.com\/index.php\/2012\/11\/03\/katz-und-maus\/\">Fabio Risso Pino, &#8220;Relicario&#8221;, Gem\u00e4lde.<\/a> <a href=\"http:\/\/www.galeriabm.com\/\">Galer\u00eda Braga Men\u00e9ndez<\/a>, Saal 2, Humboldt 1574, Palermo, Buenos Aires. Di-Sa 13-20 Uhr. 24.10.-24.11.<\/li>\n<li>Nicol\u00e1s Rubi\u00f3, &#8220;El hombre y la naturaleza&#8221;, Retrospektive. <a href=\"http:\/\/www.museoquinquela.gov.ar\/areas\/educacion\/quinquela\/index.php?menu_id=21446\">Museo de Bellas Artes &#8220;Benito Quinquela Mart\u00edn&#8221;<\/a>, S\u00edvori-Saal, 2. Stock, Av. Pedro de Mendoza 1835\/43, La Boca, Buenos Aires. Di-Fr 10-18, Sa, So und feiertags 11-18 Uhr. Eintritt frei. 27.10.-25.11.<\/li>\n<li>Gab Gabelich (Rosario\/Argentinien), &#8220;Store (Donde esconder una monta\u00f1a)&#8221;, Installation mit Objekten und Zeichnungen. <a href=\"http:\/\/gachiprietogallery.com\/\">Gachi Prieto Gallery<\/a>, Uriarte 1976, Buenos Aires. Di-Fr 13-20, Sa 12-18 Uhr. 31.10.-8.12.<\/li>\n<li>Carlos Trilnick, &#8220;Video Tour Buenos Aires 2012&#8221;. <a href=\"http:\/\/www.roart.com.ar\/\">RO Galer\u00eda de Arte<\/a>, Paran\u00e1 1158, Buenos Aires. Mo-Fr 14-20 Uhr. 1.11.-4.12.<\/li>\n<li>Eduardo Pl\u00e1, Mobil\u00e9s und Skulpturen. Lobby des <a href=\"http:\/\/www.hiltonbuenosaireshotel.com\/\">Hilton Hotels Buenos Aires<\/a>, Av. Macacha G\u00fcemes 361, Puerto Madero, Buenos Aires. 1.11.-15.3.2013.<\/li>\n<li>&#8220;Hab\u00eda una vez&#8230; \u00a1Pintores de cuentos!&#8221; (Es war einmal&#8230; ein M\u00e4rchen-Illustrator), Ausstellung von Zeichnungen, mit denen Sch\u00fcler die M\u00e4rchen der Gebr\u00fcder Grimm illustriert haben. Organisiert von der Initiative &#8220;Schulen, Partner der Zukunft&#8221;. Museo de los Ni\u00f1os Abasto, Av. Corrientes 3247, Shopping Abasto, 2. Stock, Buenos Aires. Eintritt frei. Seit 1.11.<\/li>\n<li>Jos\u00e9 Luis Anzizar, &#8220;Urban Papers&#8221;, Collages. <a href=\"http:\/\/www.elsidelrio.com.ar\/\">Elsi del R\u00edo Arte Contempor\u00e1neo<\/a>, Humboldt 1510, Palermo Hollywood, Buenos Aires. Di-Fr 14-20, Sa 11-15 Uhr. 5.11.-30.12.<\/li>\n<li>Luis Felipe No\u00e9, &#8220;En consecuencia&#8221;, Gem\u00e4lde. Galeria Rubbers Internacional, Av. Alvear 1595, Buenos Aires. Mo-Fr 11-20, Sa 11-13.30 Uhr. 6.11.-8.12.<\/li>\n<li><a href=\"http:\/\/www.lauramizzau.com.ar\/\">Laura Mizzau<\/a>, &#8220;Univer[sos] &#8211; Vos, yo y los 4 elementos&#8221;, Gem\u00e4lde. Kurator: Ariel Mlynarzewicz. <a href=\"http:\/\/www.britishartscentre.org.ar\/v2\/home.php\">British Arts Centre<\/a>, Suipacha 1333, Buenos Aires. Mo-Fr 15-21 Uhr. Zugunsten des Kulturzentrums des Psychiatrischen Krankenhauses Borda. 7.11.-21.12.<\/li>\n<li>&#8220;Deseos importados&#8221;, Werke von Mar\u00eda Gonz\u00e1lez Castillo, Juanita S\u00e1nchez, Florencia Temperley. Kuratorin: Valeria Gonz\u00e1lez. <a href=\"http:\/\/www.pasaje17.com\/\">Pasaje 17 Arte Contempor\u00e1neo<\/a>, Bartolom\u00e9 Mitre 1559, Buenos Aires. Mo-Fr 11-19 Uhr. 7.11.-20.12.<\/li>\n<li>&#8220;SOY guarango sin glamour &#8211; Arte contempor\u00e1neo del Gran Chaco&#8221;. Zweite Ausgabe von &#8220;Simultaneidades y Otras Yerbas (SOY)&#8221;. \u00dcberblick \u00fcber das Beste in der Bildenden Kunst, der Klangkunst und dem Performance-Bereich im Gran Chaco &#8211; einem Gebiet in S\u00fcdamerika, das auf den Territorien Argentiniens, Paraguays und Boliviens liegt. Kuratorin: Patricia Hakim. K\u00fcnstler: Andr\u00e9s Bancalari, Fabiana Larrea, Marcelo Nieto (Prov. Chaco\/Argentinien); Charo Bogar\u00edn und Marcos Ram\u00edrez (Formosa\/Argentinien); Carlota Beltrame, Gabriel Chaile, Lorena Kaethner, Jorge Guti\u00e9rrez (Tucum\u00e1n\/Argentinien); Victor Moresi, Gustavo Tarchini, Cecilia Teruel, &#8220;Orqu\u00eddeas y avispo hacen rizoma&#8221; (Santiago del Estero\/Argentinien); Andrea El\u00edas (Salta\/Argentinien); Marcos L\u00f3pez (Santa Fe\/Argentinien); Bettina Brizuela, M\u00f3nica Gonz\u00e1lez (Paraguay); Joaqu\u00edn S\u00e1nchez (Paraguay\/Bolivien); Mar\u00eda Galindo (Bolivien). Casa de las Culturas, Marcelo T. de Alvear Ecke Mitre, Resistencia, Prov. Chaco, Argentinien. 8.11.-30.12.<\/li>\n<li>Alicia Herrero, &#8220;Museo de la Econom\u00eda Pol\u00edtica del Arte&#8221;, Installation. <a href=\"http:\/\/11x7galeria.com\/\">11&#215;7 Galer\u00eda<\/a>, Libertad 1628, Buenos Aires. Mo-Fr 12-20 Uhr. 9.11.-4.1.2013.<\/li>\n<li>Ana Godel, &#8220;Trazos en el tiempo&#8221;, Gem\u00e4lde. Museo de Arte Contempor\u00e1neo Latinoamericano (MACLA), Calle 50 entre 6 y 7 (50. Stra\u00dfe zwischen 6. und 7.), La Plata, Prov. Buenos Aires, Argentinien. Di-Fr 10-20, Sa und So 14-21 Uhr. 9.11.-30.11.<\/li>\n<li>Daniel Garc\u00eda, &#8220;Corpus&#8221;, Gem\u00e4lde, Zeichnungen, Fotos und Videos. Espacio Cultural Universitario, Peatonal San Mart\u00edn 750, Rosario, Prov. Santa Fe, Argentinien. 9.11.-28.12.<\/li>\n<li><a href=\"http:\/\/www.faenaartscenter.org\/exhibiciones-actuales\">Franz Ackermann (Deutschland), &#8220;Walking South&#8221;, 260m2-Site Specific<\/a>. Faena Arts Center, Molinos-Saal, Aim\u00e9 Paine 1169, Puerto Madero, Buenos Aires. Fr-So 12-19 Uhr. Eintritt 30 Pesos, Rentner oder \u00fcber 65-J\u00e4hrige (mit Ausweis) 15 Pesos, unter 12-J\u00e4hrige gratis, Uni-Studenten (mit Ausweis) 15 Pesos. 10.11.-30.12.<\/li>\n<li>Karina Peisajovich, &#8220;Totalmente, t\u00e1citamente&#8221;. <a href=\"http:\/\/www.galeriavasari.com.ar\/\">Galer\u00eda Vasari<\/a>, Esmeralda 1357, Buenos Aires. Mo-Fr 11-20 Uhr. 14.11.-14.12.<\/li>\n<li>Mariana Bersten, &#8220;Gualicho&#8221;, Fotos. <a href=\"http:\/\/www.elmiradorespacio.com\/\">El Mirador Espacio<\/a>, Brasil 301, Buenos Aires. Mo-Fr 14-20, Sa 14-18 Uhr. Eintritt frei. 16.11.-12.12.<\/li>\n<li>Juli\u00e1n Ter\u00e1n, &#8220;Entremedio impenetrable&#8221;. <a href=\"http:\/\/www.norafisch.com\/\">Nora Fisch Arte Contempor\u00e1neo<\/a>, G\u00fcemes 2967, PB (Erdgeschoss), Buenos Aires. Di-Fr 15-20 Uhr. 16.11.-28.12.<\/li>\n<li>Karina Maddonni, &#8220;Duele&#8221;, Textilinstallation. Kuratoren: Alicia Romero, Marcelo Gim\u00e9nez. Arcimboldo Galer\u00eda de Arte, Reconquista 761, &#8220;14&#8221;, Buenos Aires. Mo-Fr 15-19 Uhr. 19.11.-7.12.<\/li>\n<li>Amadeo Azar und Iv\u00e1n Moiseeff, &#8220;La mirada perdida&#8221;. Kurator: M\u00e1ximo Jacoby. Centro Cultural Ricardo Rojas, Av. Corrientes 2038, Buenos Aires. Seit 19.11.<\/li>\n<li>Claudio Larrea, &#8220;M\u00e1s all\u00e1&#8221;, Fotos. SIROP, Vicente L\u00f3pez 1661, Local 11, Buenos Aires. Mo-Fr 15-20 Uhr. Seit 20.11.<\/li>\n<li><a href=\"http:\/\/www.nanofotofest.com.ar\/\">II Nano Festival de Fotograf\u00eda<\/a>. <a href=\"http:\/\/www.galeriaartexarte.com\/\">Arte x Arte<\/a>, Lavalleja 1062 (H\u00f6he Av. C\u00f3rdoba 4200), Buenos Aires. \u00d6ffnungszeiten: 14-21 Uhr. 22.11.-25.11.<\/li>\n<li><a href=\"http:\/\/www.bienaldemontevideo.com\/\">1. Internationale Biennale Zeitgen\u00f6ssischer Kunst &#8220;El Gran Sur&#8221;<\/a>. Kurator: Alfons Hug. Montevideo, Uruguay. 23.11.-30.3.2013.<\/li>\n<li>Vanina Braun, &#8220;Constelaciones impredecibles&#8221;. <a href=\"http:\/\/www.vanriel.com.ar\/\">Van Riel<\/a>, Juncal 790, PB (Erdgeschoss), Buenos Aires. Mo-Fr 15-20 Uhr. Er\u00f6ffnung: 27.11., 19 Uhr. Bis 21.12.<\/li>\n<li>&#8220;Sarat\u00f3n&#8221;. Sara Garc\u00eda Uriburu, Uruguay 1223, Buenos Aires. 28.11., von 12 Uhr mittags bis 12 Uhr nachts.<\/li>\n<li><a href=\"http:\/\/gallery-nights.com.ar\/recorridorecoleta.html\">&#8220;Gallery Nights&#8221;, Galerien-Rundgang in den Buenos Aires-Stadtvierteln Retiro, Barrio Norte und Recoleta<\/a>. 30.11., ab 19 Uhr.<\/li>\n<\/ul>\n","protected":false},"excerpt":{"rendered":"<p>Click aqu\u00ed\u00ad para leer la versi\u00f3n en castellano. Ausstellungskalender 24\/11\/2012-01\/12\/2012 Von Susanne Franz Bis Ende des Jahres zeigt der deutsche K\u00fcnstler Franz Ackermann im Molinos-Saal des Faena Arts Center sein j\u00fcngstes Werk: ein &#8220;site specific&#8221; von 260m2. Daf\u00fcr reiste der Bayer Ackermann vor ein paar Monaten in die argentinische Hauptstadt und fotografierte vor Ort f\u00fcr [&hellip;]<\/p>\n","protected":false},"author":1,"featured_media":0,"comment_status":"open","ping_status":"open","sticky":false,"template":"","format":"standard","meta":{"footnotes":""},"categories":[3],"tags":[],"class_list":["post-13716","post","type-post","status-publish","format-standard","hentry","category-kalender-agenda"],"_links":{"self":[{"href":"https:\/\/kunstinargentinien.com\/index.php\/wp-json\/wp\/v2\/posts\/13716","targetHints":{"allow":["GET"]}}],"collection":[{"href":"https:\/\/kunstinargentinien.com\/index.php\/wp-json\/wp\/v2\/posts"}],"about":[{"href":"https:\/\/kunstinargentinien.com\/index.php\/wp-json\/wp\/v2\/types\/post"}],"author":[{"embeddable":true,"href":"https:\/\/kunstinargentinien.com\/index.php\/wp-json\/wp\/v2\/users\/1"}],"replies":[{"embeddable":true,"href":"https:\/\/kunstinargentinien.com\/index.php\/wp-json\/wp\/v2\/comments?post=13716"}],"version-history":[{"count":9,"href":"https:\/\/kunstinargentinien.com\/index.php\/wp-json\/wp\/v2\/posts\/13716\/revisions"}],"predecessor-version":[{"id":13805,"href":"https:\/\/kunstinargentinien.com\/index.php\/wp-json\/wp\/v2\/posts\/13716\/revisions\/13805"}],"wp:attachment":[{"href":"https:\/\/kunstinargentinien.com\/index.php\/wp-json\/wp\/v2\/media?parent=13716"}],"wp:term":[{"taxonomy":"category","embeddable":true,"href":"https:\/\/kunstinargentinien.com\/index.php\/wp-json\/wp\/v2\/categories?post=13716"},{"taxonomy":"post_tag","embeddable":true,"href":"https:\/\/kunstinargentinien.com\/index.php\/wp-json\/wp\/v2\/tags?post=13716"}],"curies":[{"name":"wp","href":"https:\/\/api.w.org\/{rel}","templated":true}]}}