{"id":1398,"date":"2008-03-21T08:46:35","date_gmt":"2008-03-21T11:46:35","guid":{"rendered":"http:\/\/kunstinargentinien.com\/index.php\/2008\/03\/21\/agenda-kalender-103\/"},"modified":"2008-03-20T11:56:25","modified_gmt":"2008-03-20T14:56:25","slug":"agenda-kalender-103","status":"publish","type":"post","link":"https:\/\/kunstinargentinien.com\/index.php\/2008\/03\/21\/agenda-kalender-103\/","title":{"rendered":"Agenda \/ Kalender"},"content":{"rendered":"<p><a href=\"http:\/\/kunstinargentinien.com\/index.php\/2008\/03\/21\/kalender-agenda-110\/\">Klicken Sie hier, um die deutsche Version zu lesen.<\/a><\/p>\n<p><strong>Agenda de Muestras 22\/03\/08-29\/03\/08<\/strong><\/p>\n<div align=center><img decoding=\"async\" id=\"image1397\" alt=Santi.jpg src=\"http:\/\/kunstinargentinien.com\/wp-content\/uploads\/2008\/03\/Santi.jpg\" \/><br \/>\n<em>Santiago Porter expone &#8220;Fotograf\u00edas recientes&#8221; en VVVgallery.<\/em><\/div>\n<p><em><strong>Centros de exposiciones<\/strong><\/em><\/p>\n<ul>\n<li><a href=\"http:\/\/www.malba.org.ar\/web\/\">MALBA<\/a> (Museo de Arte Latinoamericano de Buenos Aires), Av. Figueroa Alcorta 3415 (Jue-Lun y feriados 12-20 hs, martes cerrado, Mi\u00e9rcoles hasta 21 hs, entrada libre. Los otros d\u00edas: entrada 12 pesos, docentes y mayores de 65 a\u00f1os 6 pesos, estudiantes, menores de 12 a\u00f1os y discapacitados gratis): &#8220;Adquisiciones, donaciones y comodatos 2007&#8221;, 23 obras que incluyen dibujos, pinturas, fotograf\u00edas, videos e instalaciones de los artistas Sergio Avello, Marcos L\u00f3pez, Kenneth Kemble, Hern\u00e1n Marina, Liliana Porter y Emilio Renart, entre otros. 22.11.-31.03. \/ &#8220;Contempor\u00e1neo 21: Autopsia de lo invisible&#8221;. Curadora invitada: Sof\u00eda Hern\u00e1ndez Chong Cuy (M\u00e9xico). Artistas: Teresa Margolles (M\u00e9xico), Regina Jos\u00e9 Galindo (Guatemala), Ignacio Lang (Puerto Rico), Mario Garc\u00eda Torres (M\u00e9xico) y Juan Manuel Echavarr\u00eda (Colombia). 28.02.-14.04. \/ &#8220;Intervenci\u00f3n 5&#8221;: Cecilia Szalkowicz, &#8220;Todo es posible II&#8221;. Hasta mayo. \/ Tarsila do Amaral, &#8220;Viajera&#8221;. 28.03.-02.06.<\/li>\n<p><!--more--><\/p>\n<li><a href=\"http:\/\/www.centroculturalrecoleta.org\/\">Centro Cultural Recoleta<\/a>, Jun\u00edn 1930 (Mar-Vie 14-21, Sab, Dom y feriados 10-21 hs, entrada 1 peso): Gustavo Germano, &#8220;Ausencias&#8221;, fotos. Salas 1 y 2. 26.02.-30.03. \/ <a href=\"http:\/\/www.fundacionandreani.org.ar\/\">&#8220;Premio Fundaci\u00f3n Andreani 2007\/2008&#8221;<\/a>. Sala 6. 06.03.-23.03. \/ Grillo Ortiz (C\u00f3rdoba), &#8220;Intenci\u00f3n L\u00edquida&#8221;, pinturas. Sala 12. 06.03.-30.03. \/ Rob Verf, &#8220;Imagen posterior&#8221;. Sala 9. 06.03.-30.03. \/ Xavier Mascar\u00f3, esculturas y dibujos. Sala 8. 06.03.-30.03. \/ Pablo Domp\u00e9, &#8220;Organicidad palpable&#8221;, esculturas en m\u00e1rmol. Sala 7. 06.03.-30.03. \/ Carlos Alonso. Salas 4 y 5. 06.03.-06.04. \/ &#8220;Beckett &#8211; La Celebraci\u00f3n de un Centenario&#8221;. Espacio Historieta. 06.03.-20.04. \/ Diana Aisenberg, &#8220;Escuela&#8221;. Sala J. 11.03.-06.04. \/ Juan Kancepolski, &#8220;LXX&#8221;, \u00f3leos sobre tela. Sala C. 11.03.-06.04. \/ Adriana Lestido, &#8220;Lo que se ve&#8221;, fotos. Retrospectiva 1979-2007. Curadores: Gabriel D\u00edaz y Juan Travnik. Sala Cronopios. 11.03.-20.04.<\/li>\n<li><a href=\"http:\/\/www.mnba.org.ar\/\">Museo Nacional de Bellas Artes<\/a> (MNBA), Av. del Libertador 1473 (Mar-Vie 12.30-19.30, Sab y Dom 9.30-19.30 hs. Entrada libre): &#8220;Las armas de la pintura. La Naci\u00f3n en construcci\u00f3n (1852-1870)&#8221;. Primer piso, Sala 106. \/ &#8220;Signos de existencia, fotograf\u00eda y video contempor\u00e1neo. Francia, Chile, Argentina&#8221;. PB, Pabell\u00f3n. \/ Curatella Manes y Sibellino: maestros de la escultura&#8221;. PB, Sala 16\/17. \/ &#8220;Ayerza, Witcomb, Paillet &#8211; or\u00edgenes de la fotograf\u00eda en la Argentina&#8221;. Segundo piso. Desde 18.03.<\/li>\n<li><a href=\"http:\/\/www.ccborges.org.ar\/\">Centro Cultural Borges<\/a>, Viamonte\/San Mart\u00edn (Lun-Sab 10-21, Dom 12-21 hs. Entrada 8 pesos, jubilados y estudiantes 5 pesos): &#8220;Ren\u00e9 Burri, un mundo&#8221;, retrospectiva de la obra del reconocido foto reportero suizo. Curador: Hans-Michael Koetzle. Con el auspicio de la Embajada de Suiza y el patrocino de Pro Helvetia. 12.02.-21.04.<\/li>\n<\/ul>\n<p><em><strong>Otras exposiciones<\/strong><\/em><\/p>\n<ul>\n<li>&#8220;Primera comuni\u00f3n. Fotograf\u00edas 1860-1960&#8221;, reposici\u00f3n de la muestra de fotograf\u00eda hist\u00f3rica. FotoGaler\u00eda del Teatro San Mart\u00edn, Av. Corrientes 1530. Lun-Vie desde las 12 horas, Sab y Dom desde las 14 horas hasta la finalizaci\u00f3n de las actividades del d\u00eda en el teatro. Entrada libre. 01.02.-22.03.<\/li>\n<li>&#8220;Sara Facio antol\u00f3gica 1960-2005&#8221;. Imago Espacio de Arte, Suipacha 658, 1\u00ba piso. 14.02.-29.03.<\/li>\n<li>Gustavo Lowry, Alejandro Thornton, &#8220;Rostros&#8221;. <a href=\"http:\/\/www.angelguidoartproject.com\/\">Angel Guido Art Project<\/a>, Suipacha 1217. 27.02.-28.03.<\/li>\n<li>&#8220;BLANCO&#8221;, exposici\u00f3n de arte contempor\u00e1neo. Curadoras: Florencia Braga Men\u00e9ndez y Gachi Prieto. Obras de Ana Lizaso, Andr\u00e9s Waissman, Blas Castagna, Eduardo Stup\u00eda, Elba Bairon, Leonel Luna, Lux Lindner, Silvia Gurfein y muchos m\u00e1s. Museo de Arte de Tigre, Paseo Victorica 972. 01.03.-20.04.<\/li>\n<li>Daniel Garc\u00eda, &#8220;Remordimientos y Silencios&#8221;. Espacio de Arte AMIA, Pasteur 633. Lun-Vie 10-19 hs. Entrada libre. 04.03.-31.03.<\/li>\n<li>&#8220;Sur Polar, Arte en Ant\u00e1rtida&#8221;, dibujos, pinturas, grabados, videos, instalaciones, arte sonoro, fotograf\u00edas y objetos de Philippe Boissonnet y Lorraine Beaulieu, Phil Dadson, Karin Beaumont y Lisa Roberts, Mireya y Mercedes Mas\u00f3, Jorge y Lucy Orta, Marina Curci, Jorge Chikiar, Marcelo Gurruchaga, Andrea Juan, Alberto Morales, entre otros. Curadora: Andrea Juan. Museo de la Universidad Nacional de Tres de Febrero (MUNTREF), Valent\u00edn G\u00f3mez 4828, Caseros (frente a estaci\u00f3n). Lun-Sab 11-20 hs. Visita guiada Sab 15.30 hs. Entrada gratuita. 05.03.-18.04.<\/li>\n<li>&#8220;Dibujos Contempor\u00e1neos Croatas&#8221;, 140 obras de 70 artistas. Selecci\u00f3n: Tonko Maroevic. <a href=\"http:\/\/www.cecrosario.org.ar\/\">Centro de Expresiones Contempor\u00e1neas<\/a>, Sgto. Cabral y el r\u00edo, Rosario. Mar-Dom 16-20 hs. 05.03.-28.03.<\/li>\n<li>Carlos Arag\u00f3n, muestra homenaje. Museo Provincial de Bellas Artes, Avenida 51 N\u00ba 525, La Plata. Mar-Sab 10-19, Dom 14-19 hs. Entrada libre y gratuita. 06.03.-30.03.<\/li>\n<li>&#8220;Avalancha &#8211; Pintura Sub 30&#8221;, obras de Andr\u00e9s Aizicovich, Gala Berger, Andr\u00e9s Bisserier, Cotelito, Paula Dur\u00f3, Delfina Estrada, Mercedes Fergnani, Agust\u00edn Fern\u00e1ndez, Gimena Macri, Rodolfo Marqu\u00e9s, Pablo Mendes, Nicol\u00e1s Ozuna, Juan Ignacio Reos, Ana Soler, Silvina Wernicke, Rosario Zorraquin. \/ M\u00f3nica Rojas, &#8220;rojas al rojo&#8221;, pinturas. <a href=\"http:\/\/www.masottatorres.com.ar\/\">MasottaTorres Arte Contempor\u00e1neo<\/a>, Mexico 459, San Telmo. 07.03.-29.03.<\/li>\n<li>&#8220;Salamone: La consagraci\u00f3n. Monumental Art dec\u00f3 en las pampas&#8221;. Se exhibir\u00e1n fotograf\u00edas de los investigadores Edward y Tom Shaw que reflejan las notables obras realizadas en diversas localidades de la provincia de Buenos Aires durante la d\u00e9cada del 30 por el arquitecto Francisco Salamone. Teatro Argentino de La Plata, Sala &#8220;Emilio Pettoruti&#8221;, Avenida 51 entre 9 y 10, La Plata. Mar-Dom 10-20 hs. Entrada libre y gratuita. 07.03.-28.03.<\/li>\n<li>&#8220;Cultura Subyugada &#8211; Interrupciones y resistencias sobre lo femenino&#8221;. Curadora: Graciela Ovejero. Participan artistas y colaboradores procedentes de Alemania, Argentina, Canad\u00e1, Ir\u00e1n, EEUU, Barbados, Uganda, India, Tailandia, Jap\u00f3n, Pakist\u00e1n, Suiza, China, Cuba, Brasil, Hong Kong, Francia e Inglaterra.<br \/>\n<a href=\"http:\/\/www.macromuseo.org.ar\/\">macro (Museo de Arte Contempor\u00e1neo de Rosario)<\/a>, Bv. Oro\u00f1o y el r\u00edo, Rosario. 08.03.-08.04. Luego la muestra se ver\u00e1 en el Fondo Nacional de las Artes en Buenos Aires.<\/li>\n<li>Mujeres P\u00fablicas, muestra retrospectiva (2003-2007). Arcimboldo, Reconquista 761, N\u00ba 14. Lun-Vie 15-19, Sab 17-20 hs. 10.03.-10.04.<\/li>\n<li>&#8220;\u00c1rbol&#8221;, obras de Jorge \u00c1lvaro, Alicia Carletti, Febe Defelipe, Gabriel Gr\u00fcn, A\u00edda Kolodny, Mart\u00edn Llamedo, Claudia Melo, Diego Perrotta, M. Laura Pini, Gabriel Sainz, Ignacio Vald\u00e9z, Germ\u00e1n Wendel, Dar\u00edo Zana. Holz, Arroyo 862. 12.03.-04.04.<\/li>\n<li>&#8220;Premio MAMbA\/Fundaci\u00f3n Telef\u00f3nica. Arte y Nuevas Tecnolog\u00edas, 5ta edici\u00f3n&#8221;. Curadora invitada: Laura Buccellato. <a href=\"http:\/\/www.espacioft.org.ar\/Default.asp\">Espacio Fundaci\u00f3n Telef\u00f3nica<\/a>, Arenales 1540. Mar-Dom 14-20 hs. Entrada gratuita. Desde 12.03.<\/li>\n<li>Miguel Ocampo, obras in\u00e9ditas de la d\u00e9cada del 60. Coppa Oliver Arte, Talcahuano 1267 &#8220;A&#8221;. Desde 12.03.<\/li>\n<li>Fernanda Laguna, &#8220;La ama de casa&#8221;. <a href=\"http:\/\/www.dabbahtorrejon.com.ar\/\">Dabbah Torrej\u00f3n<\/a>, El Salvador 5176. Mar-Vie 15-20, Sab 11-18 hs. Desde 12.03.<\/li>\n<li>Laura Asman, pinturas. Asociaci\u00f3n Cultural Pestalozzi, Freire 1882, Belgrano R. Mar-Vie 14-19 hs. Desde 12.03.<\/li>\n<li>&#8220;Benito Quinquela Mart\u00edn. Aguafuertes&#8221;. Pabell\u00f3n de las Bellas Artes de la UCA, Alicia Morrea de Justo al 1300, Puerto Madero. Mar-Dom 11-19 hs. 13.03.-13.04.<\/li>\n<li>Andrea Ladvocat, Gladys Rubio, &#8220;Nada en com\u00fan&#8221;, fotograf\u00edas, pinturas. <a href=\"http:\/\/www.empatia-arte.com\/\">Empat\u00eda<\/a>, Carlos Pellegrini 1255. 13.03.-15.04.<\/li>\n<li>Paula Pellejero, Alejandro Thornton, &#8220;Forever&#8221;, dibujos. <a href=\"http:\/\/www.elsidelrio.com.ar\/\">Elsi del R\u00edo<\/a>, Ar\u00e9valo 1748, Palermo Hollywood. 13.03.-19.04.<\/li>\n<li>Leila Tschopp, &#8220;Material sobre una \u00e9poca&#8221;. <a href=\"http:\/\/www.arte713.com\/\">713 Arte Contempor\u00e1neo<\/a>, Defensa 713. Lun-Sab 13-19 hs. 13.03.-17.04.<\/li>\n<li>Horacio Zabala, &#8220;Ensayo en zigzag&#8221;. <a href=\"http:\/\/www.wussmann.com\/\">Wussmann<\/a>, Venezuela 570. Desde 13.03.<\/li>\n<li>Hugo Yasky, &#8220;Entrar en el coraz\u00f3n de las cosas&#8221;, pinturas. Centro Cultural de la Cooperaci\u00f3n, Espacio Ra\u00fal Lozza, 2\u00ba SS, Av. Corrientes 1543. Lun-Sab 10-22, Dom 17-20.30 hs. Desde 13.03.<\/li>\n<li>Santiago Porter, &#8220;Fotograf\u00edas recientes&#8221;. VVVgallery, Aguirre 1153, 2\u00ba A. Mie-Vie 16-20, Sab 15.30-18.30 hs. 14.03.-19.04.<\/li>\n<li>Pablo Su\u00e1rez (1937-2006). Curadora: Patricia Rizzo. La exhibici\u00f3n mostrar\u00e1 distintos per\u00edodos de la producci\u00f3n de Pablo Su\u00e1rez \u2013con obras que abarcan desde 1962 hasta el 2006- en un panorama que, si bien no est\u00e1 pensado como una mirada retrospectiva completa, intentar\u00e1 dar cuenta de sus etapas m\u00e1s representativas y evidenciar la singularidad de su imagen. La muestra incluir\u00e1 tambi\u00e9n documentaci\u00f3n (fotos personales, art\u00edculos de prensa, textos, cat\u00e1logos) y algunas im\u00e1genes de obras poco conocidas o perdidas. <a href=\"http:\/\/www.museocastagnino.org.ar\/\">Museo Castagnino+macro, Sede Castagnino<\/a>, Av. Pellegrini 2202, Rosario. 14.03.-27.04.<\/li>\n<li>Carlos C\u00e1ceres Sobrea. El conjunto de 30 obras pertenece al patrimonio del MACLA y fue donado en su totalidad por el artista desde Francia, donde reside y trabaja actualmente. <a href=\"http:\/\/www.macla.laplata.gov.ar\/\">MACLA, Museo de Arte Contempor\u00e1neo Latinoamericano de La Plata<\/a>, Salas 2 y 3, Calle 50 entre 6 y 7, La Plata. Mar-Vie 10-20, Sab y Dom 14-22 hs. 14.03.-14.04.<\/li>\n<li>N\u00e9stor Villar Errecart, pinturas. Colecci\u00f3n Alvear de Zurbar\u00e1n, Av. Alvear 1658. Lun-Vie 10.30-21, Sab 10.30-13 hs. 17.03.-19.04.<\/li>\n<li>&#8220;Viva Politi&#8221;. <a href=\"http:\/\/www.brartgallery.com.ar\/includes\/contenido\/home.php\">Bohnencamp &#038; Revale<\/a>, Maip\u00fa 979\/981. 18.03.-04.04.<\/li>\n<li>Ricardo Crespo, &#8220;La vida como un Juego de Ni\u00f1os es&#8221;. Curador: Arq. Federico Platener. Muestra organizada por <a href=\"http:\/\/www.plat.com.ar\/\">PLat Pensamiento Lateral<\/a> y la Presidencia de la Naci\u00f3n. Sala de Conferencias de la Casa Rosada, Balcarce 50. Lun-Vie 10-16 hs. 19.03.-14.04.<\/li>\n<li>Jorge Gonz\u00e1lez Perr\u00edn, dibujos y pinturas. Espacio de Arte Pasaje 17, Pasaje de la Piedad N\u00ba 17 (Bm\u00e9. Mitre 1575, Timbre 17). Mar-Vie 11-19 hs. 19.03.-11.04.<\/li>\n<li>Marcela Arga\u00f1araz, pinturas. <a href=\"http:\/\/mariaelenakravetzgallery.com\/\">Mar\u00eda Elena Kravetz Galer\u00eda de Arte<\/a>, San Jer\u00f3nimo 448, C\u00f3rdoba. 19.03.-19.04.<\/li>\n<li>Mar\u00eda Linzoain, pinturas. Zurbar\u00e1n &#8211; El Arte de los Argentinos, Cerrito 1522. Lun-Vie 11-21, Sab 10-13 hs. 19.03.-23.04.<\/li>\n<li>Osvaldo Svanacini, &#8220;Sobre la poes\u00eda&#8221;, pinturas. <a href=\"http:\/\/www.roart.com.ar\/\">RO Galer\u00eda de Arte<\/a>, Paran\u00e1 1158. Lun-Vie 11-20 hs. Desde 19.03.<\/li>\n<li>&#8220;Escen\u00f3grafos argentinos en la Cuadrienal de Praga 2007&#8221;. Hall Carlos Morel del Teatro San Mart\u00edn, Avenida Corrientes 1530. Desde las 10 de la ma\u00f1ana hasta la finalizaci\u00f3n de las actividades del d\u00eda en el teatro. Inauguraci\u00f3n: 27.03. 19 hs. Hasta 13.04.<\/li>\n<\/ul>\n","protected":false},"excerpt":{"rendered":"<p>Klicken Sie hier, um die deutsche Version zu lesen. Agenda de Muestras 22\/03\/08-29\/03\/08 Santiago Porter expone &#8220;Fotograf\u00edas recientes&#8221; en VVVgallery. Centros de exposiciones MALBA (Museo de Arte Latinoamericano de Buenos Aires), Av. Figueroa Alcorta 3415 (Jue-Lun y feriados 12-20 hs, martes cerrado, Mi\u00e9rcoles hasta 21 hs, entrada libre. Los otros d\u00edas: entrada 12 pesos, docentes [&hellip;]<\/p>\n","protected":false},"author":1,"featured_media":0,"comment_status":"open","ping_status":"open","sticky":false,"template":"","format":"standard","meta":{"footnotes":""},"categories":[3],"tags":[],"class_list":["post-1398","post","type-post","status-publish","format-standard","hentry","category-kalender-agenda"],"_links":{"self":[{"href":"https:\/\/kunstinargentinien.com\/index.php\/wp-json\/wp\/v2\/posts\/1398","targetHints":{"allow":["GET"]}}],"collection":[{"href":"https:\/\/kunstinargentinien.com\/index.php\/wp-json\/wp\/v2\/posts"}],"about":[{"href":"https:\/\/kunstinargentinien.com\/index.php\/wp-json\/wp\/v2\/types\/post"}],"author":[{"embeddable":true,"href":"https:\/\/kunstinargentinien.com\/index.php\/wp-json\/wp\/v2\/users\/1"}],"replies":[{"embeddable":true,"href":"https:\/\/kunstinargentinien.com\/index.php\/wp-json\/wp\/v2\/comments?post=1398"}],"version-history":[{"count":0,"href":"https:\/\/kunstinargentinien.com\/index.php\/wp-json\/wp\/v2\/posts\/1398\/revisions"}],"wp:attachment":[{"href":"https:\/\/kunstinargentinien.com\/index.php\/wp-json\/wp\/v2\/media?parent=1398"}],"wp:term":[{"taxonomy":"category","embeddable":true,"href":"https:\/\/kunstinargentinien.com\/index.php\/wp-json\/wp\/v2\/categories?post=1398"},{"taxonomy":"post_tag","embeddable":true,"href":"https:\/\/kunstinargentinien.com\/index.php\/wp-json\/wp\/v2\/tags?post=1398"}],"curies":[{"name":"wp","href":"https:\/\/api.w.org\/{rel}","templated":true}]}}