{"id":1413,"date":"2008-03-28T16:15:38","date_gmt":"2008-03-28T19:15:38","guid":{"rendered":"http:\/\/kunstinargentinien.com\/index.php\/2008\/03\/28\/kalender-agenda-111\/"},"modified":"2008-04-05T17:45:04","modified_gmt":"2008-04-05T20:45:04","slug":"kalender-agenda-111","status":"publish","type":"post","link":"https:\/\/kunstinargentinien.com\/index.php\/2008\/03\/28\/kalender-agenda-111\/","title":{"rendered":"Kalender \/ Agenda"},"content":{"rendered":"<p><a href=\"http:\/\/kunstinargentinien.com\/index.php\/2008\/03\/28\/agenda-kalender-104\/\">Click aqu\u00ed para leer la versi\u00f3n en castellano.<\/a><\/p>\n<p><strong>Ausstellungs-Kalender 29.03.08-05.04.08<\/strong><\/p>\n<div align=center><img decoding=\"async\" id=\"image1411\" alt=Diego-p.jpg src=\"http:\/\/kunstinargentinien.com\/wp-content\/uploads\/2008\/03\/Diego-p.jpg\" \/><br \/>\n<em>Ab 1. April zeigt Diego Perrotta im Espacio de Arte AMIA die Ausstellung \u201eEntre el bien y el mal\u201c.<\/em><\/div>\n<p><em><strong>Ausstellungszentren<\/strong><\/em><\/p>\n<ul>\n<li><a href=\"http:\/\/www.malba.org.ar\/web\/\">MALBA<\/a> (Museo de Arte Latinoamericano de Buenos Aires), Av. Figueroa Alcorta 3415 (Do-Mo und feiertags 12-20 Uhr, Di geschlossen, Mi bis 21 Uhr, Eintritt frei. An anderen Tagen: Eintritt 12 Pesos, Lehrer und \u00fcber 65-J\u00e4hrige 6 Pesos, Studenten, Kinder unter 12 Jahren und Behinderte gratis): \u201eAdquisiciones, donaciones y comodatos 2007\u201c, 23 neu angeschaffte oder dem Museum gestiftete oder zur Verf\u00fcgung gestellte Werke, darunter Zeichnungen, Gem\u00e4lde, Fotos, Videos und Installationen von Sergio Avello, Marcos L\u00f3pez, Kenneth Kemble, Hern\u00e1n Marina, Liliana Porter und Emilio Renart. 22.11.-31.3. \/ \u201eContempor\u00e1neo 21: Autopsia de lo invisible\u201c. Gastkuratorin: Sof\u00eda Hern\u00e1ndez Chong Cuy (Mexiko). K\u00fcnstler: Teresa Margolles (Mexiko), Regina Jos\u00e9 Galindo (Guatemala), Ignacio Lang (Puerto Rico), Mario Garc\u00eda Torres (Mexiko) und Juan Manuel Echavarr\u00eda (Kolumbien). 28.2.-14.4. \/ \u201eIntervenci\u00f3n 5\u201c: Cecilia Szalkowicz, \u201eTodo es posible II\u201c. Bis Mai. \/ Tarsila do Amaral, \u201eViajera\u201c. 28.3.-2.6.<\/li>\n<p><!--more--><\/p>\n<li><a href=\"http:\/\/www.centroculturalrecoleta.org\/\">Centro Cultural Recoleta<\/a>, Jun\u00edn 1930 (Di-Fr 14-21, Sa, So und feiertags 10-21 Uhr, Eintritt 1 Peso): Gustavo Germano, \u201eAusencias\u201c, Fotos. S\u00e4le 1 und 2. 26.2.-30.3. \/ Grillo Ortiz (C\u00f3rdoba), \u201eIntenci\u00f3n L\u00edquida\u201c, Gem\u00e4lde. Saal 12. 6.3.-30.3. \/ Rob Verf, \u201eImagen posterior\u201c. Saal 9. 6.3.-30.3. \/ Xavier Mascar\u00f3, Skulpturen und Zeichnungen. Saal 8. 6.3.-30.3. \/ Pablo Domp\u00e9, \u201eOrganicidad palpable\u201c, Skulpturen. Saal 7. 6.3.-30.3. \/ Carlos Alonso. S\u00e4le 4 und 5. 6.3.-6.4. \/ \u201eBeckett &#8211; La Celebraci\u00f3n de un Centenario\u201c. \u201eEspacio Historieta\u201c-Saal. 6.3.-20.4. \/ Diana Aisenberg, \u201eEscuela\u201c. Saal \u201eJ\u201c. 11.3.-6.4. \/ Juan Kancepolski, \u201eLXX&#8221;, Gem\u00e4lde. Saal \u201eC\u201c. 11.3.-6.4. \/ Adriana Lestido, \u201eLo que se ve\u201c, Fotos. Retrospektive 1979-2007. Kuratoren: Gabriel D\u00edaz und Juan Travnik. Cronopios-Saal. 11.3.-20.4.<\/li>\n<li><a href=\"http:\/\/www.mnba.org.ar\/\">Museo Nacional de Bellas Artes<\/a> (MNBA), Av. del Libertador 1473 (Di-Fr 12.30-19.30, Sa und So 9.30-19.30 Uhr. Eintritt frei): \u201eLas armas de la pintura. La Naci\u00f3n en construcci\u00f3n (1852-1870)\u201c. 1. Stock, Saal 106. \/ \u201eSignos de existencia, fotograf\u00eda y video contempor\u00e1neo. Francia, Chile, Argentina\u201c. Erdgeschoss, \u201ePabell\u00f3n\u201c. \/ \u201eCuratella Manes y Sibellino: maestros de la escultura\u201c. Erdgeschoss, Saal 16\/17. \/ \u201eAyerza, Witcomb, Paillet &#8211; or\u00edgenes de la fotograf\u00eda en la Argentina\u201c. 2. Stock. Seit 18.3.<\/li>\n<li><a href=\"http:\/\/www.ccborges.org.ar\/\">Centro Cultural Borges<\/a>, Viamonte\/San Mart\u00edn (Mo-Sa 10-21, So 12-21 Uhr. Eintritt 8 Pesos, Rentner und Studenten 5 Pesos): \u201eRen\u00e9 Burri, un mundo\u201c, Retrospektive des ber\u00fchmten Schweizer Pressefotografen. Kurator: Hans-Michael Koetzle. Unter der Schirmherrschaft der Schweizer Botschaft und unterst\u00fctzt von Pro Helvetia. 12.2.-21.4. \/ \u201eEscenas de arquitectura: Nuevas arquitecturas francesas para el espect\u00e1culo\u201c. Er\u00f6ffnung: 1.4., 19 Uhr.<\/li>\n<li>\u201eFotoGaler\u00eda\u201c des San Mart\u00edn-Theaters, Av. Corrientes 1530 (Mo-Fr ab 12 Uhr, Sa und So ab 14 Uhr, bis zum Ende der Vorstellungen im Theater. Eintritt frei): Eduardo Arauz, \u201eCronolog\u00eda invertida\u201c, Fotos. In der \u201eFotoGaler\u00eda\u201c. Er\u00f6ffnung: 1.4., 19 Uhr. Bis 4.5. \/ Daniel Rodr\u00edguez, Fotos 1979-2005. In den R\u00e4umen des 1. Stocks der \u201eHall Central Carlos Morel\u201c. Er\u00f6ffnung: 1.4., 19 Uhr. Bis 1.6.<\/li>\n<\/ul>\n<p><em><strong>Sonstige Ausstellungen<\/strong><\/em><\/p>\n<ul>\n<li>\u201eBLANCO\u201c, Ausstellung zeitgen\u00f6ssischer Kunst. Kuratorinnen: Florencia Braga Men\u00e9ndez und Gachi Prieto. Werke von Ana Lizaso, Andr\u00e9s Waissman, Blas Castagna, Eduardo Stup\u00eda, Elba Bairon, Leonel Luna, Lux Lindner, Silvia Gurfein und vielen mehr. Museo de Arte de Tigre, Paseo Victorica 972. 1.3.-20.4.<\/li>\n<li>Daniel Garc\u00eda, \u201eRemordimientos y Silencios\u201c. Espacio de Arte AMIA, Pasteur 633. 4.3.-31.3.<\/li>\n<li>\u201eSur Polar, Arte en Ant\u00e1rtida\u201c, Zeichnungen, Gem\u00e4lde, Graphiken, Videos, Installationen, Klangkunst, Fotos und Objekte von Philippe Boissonnet und Lorraine Beaulieu, Phil Dadson, Karin Beaumont und Lisa Roberts, Mireya und Mercedes Mas\u00f3, Jorge und Lucy Orta, Marina Curci, Jorge Chikiar, Marcelo Gurruchaga, Andrea Juan, Alberto Morales, u.a. Kuratorin: Andrea Juan. Museo de la Universidad Nacional de Tres de Febrero (MUNTREF), Valent\u00edn G\u00f3mez 4828, Caseros (gegen\u00fcber der Zugstation). Mo-Sa 11-20 Uhr. F\u00fchrung Sa 15.30 Uhr. Eintritt frei. 5.3.-18.4.<\/li>\n<li>Carlos Arag\u00f3n, Hommageausstellung. Museo Provincial de Bellas Artes, Avenida 51 Nr. 525, La Plata. Di-Sa 10-19, So 14-19 Uhr. Eintritt frei. 6.3.-30.3.<\/li>\n<li>\u201eCultura Subyugada &#8211; Interrupciones y resistencias sobre lo femenino\u201c. Kuratorin: Graciela Ovejero. Mit k\u00fcnstlerischen Beitr\u00e4gen aus Argentinien, Barbados, Brasilien, China, Deutschland, Frankreich, Gro\u00dfbritannien, Hong Kong, Indien, Iran, Japan, Kanada, Kuba, Pakistan, der Schweiz, Thailand, Uganda und den USA. <a href=\"http:\/\/www.macromuseo.org.ar\/\">macro (Museo de Arte Contempor\u00e1neo de Rosario)<\/a>, Bv. Oro\u00f1o y el r\u00edo (am Fluss), Rosario. 8.3.-8.4. Anschlie\u00dfend wird die Wanderausstellung im Fondo Nacional de las Artes in Buenos Aires zu sehen sein.<\/li>\n<li>\u201eMujeres P\u00fablicas\u201c, Retrospektive (2003-2007). Arcimboldo, Reconquista 761, Nr. 14. Mo-Fr 15-19, Sa 17-20 Uhr. 10.3.-10.4.<\/li>\n<li>\u201e\u00c1rbol\u201c, Werke von Jorge \u00c1lvaro, Alicia Carletti, Febe Defelipe, Gabriel Gr\u00fcn, A\u00edda Kolodny, Mart\u00edn Llamedo, Claudia Melo, Diego Perrotta, M. Laura Pini, Gabriel Sainz, Ignacio Vald\u00e9z, Germ\u00e1n Wendel, Dar\u00edo Zana. Holz, Arroyo 862. 12.3.-4.4.<\/li>\n<li>5. MAMbA\/Fundaci\u00f3n Telef\u00f3nica-Preis f\u00fcr Kunst und Neue Technologien. Gastkuratorin: Laura Buccellato. <a href=\"http:\/\/www.espacioft.org.ar\/Default.asp\">Espacio Fundaci\u00f3n Telef\u00f3nica<\/a>, Arenales 1540. Di-So 14-20 Uhr. Eintritt frei. Seit 12.3.<\/li>\n<li>\u201eBenito Quinquela Mart\u00edn. Aguafuertes\u201c. Pabell\u00f3n de las Bellas Artes de la UCA (Katholische Universit\u00e4t), Alicia Morrea de Justo H\u00f6he 1300, Puerto Madero. Di-So 11-19 Uhr. 13.3.-13.4.<\/li>\n<li>Andrea Ladvocat, Gladys Rubio, \u201eNada en com\u00fan\u201c, Fotos, Gem\u00e4lde. <a href=\"http:\/\/www.empatia-arte.com\/\">Empat\u00eda<\/a>, Carlos Pellegrini 1255. 13.3.-15.4.<\/li>\n<li>Paula Pellejero und Alejandro Thornton, \u201eForever\u201c, Zeichnungen. <a href=\"http:\/\/www.elsidelrio.com.ar\/\">Elsi del R\u00edo<\/a>, Ar\u00e9valo 1748, Palermo Hollywood. 13.3.-19.4.<\/li>\n<li>Leila Tschopp, \u201eMaterial sobre una \u00e9poca\u201c. <a href=\"http:\/\/www.arte713.com\/\">713 Arte Contempor\u00e1neo<\/a>, Defensa 713. Mo-Sa 13-19 Uhr. 13.3.-17.4.<\/li>\n<li>Santiago Porter, \u201eFotograf\u00edas recientes\u201c. VVVgallery, Aguirre 1153, 2. Stock A. Mi-Fr 16-20, Sa 15.30-18.30 Uhr. 14.3.-19.4.<\/li>\n<li>Pablo Su\u00e1rez (1937-2006). Kuratorin: Patricia Rizzo. Werke verschiedener Schaffens-Etappen von 1962 bis 2006, dokumentarisches Material (Fotos, Zeitungsartikel, Texte, Kataloge) und einige Bilder von wenig bekannten oder verlorengegangenen Werken. <a href=\"http:\/\/www.museocastagnino.org.ar\/\">Museo Castagnino+macro, Abteilung Castagnino<\/a>, Av. Pellegrini 2202, Rosario. 14.3.-27.4.<\/li>\n<li>Carlos C\u00e1ceres Sobrea. Die 30 Werke sind eine Schenkung an das Museum des in Frankreich lebenden argentinischen K\u00fcnstlers. <a href=\"http:\/\/www.macla.laplata.gov.ar\/\">MACLA, Museo de Arte Contempor\u00e1neo Latinoamericano de La Plata<\/a>, S\u00e4le 2 und 3, Calle 50 entre 6 y 7, La Plata. Di-Fr 10-20, Sa und So 14-22 Uhr. 14.3.-14.4.<\/li>\n<li>N\u00e9stor Villar Errecart, Gem\u00e4lde. Colecci\u00f3n Alvear de Zurbar\u00e1n, Av. Alvear 1658. Mo-Fr 10.30-21, Sa 10.30-13 Uhr. 17.3.-19.4.<\/li>\n<li>\u201eViva Politi\u201c. <a href=\"http:\/\/www.brartgallery.com.ar\/includes\/contenido\/home.php\">Bohnencamp &#038; Revale<\/a>, Maip\u00fa 979\/981. 18.3.-4.4.<\/li>\n<li>Ricardo Crespo, \u201eLa vida como un Juego de Ni\u00f1os es\u201c. Kurator: Federico Platener. Organisiert von <a href=\"http:\/\/www.plat.com.ar\/\">PLat Pensamiento Lateral<\/a> und der argentinischen Regierung. Sala de Conferencias de la Casa Rosada (Konferenzsaal des Regierungsgeb\u00e4udes), Balcarce 50. Mo-Fr 10-16 Uhr. 19.3.-14.4.<\/li>\n<li>Jorge Gonz\u00e1lez Perr\u00edn, Zeichnungen und Gem\u00e4lde. Espacio de Arte Pasaje 17, Pasaje de la Piedad Nr. 17 (Bartolom\u00e9 Mitre 1575, Klingel 17). Di-Fr 11-19 Uhr. 19.3.-11.4.<\/li>\n<li>Marcela Arga\u00f1araz, Gem\u00e4lde. <a href=\"http:\/\/mariaelenakravetzgallery.com\/\">Mar\u00eda Elena Kravetz Galer\u00eda de Arte<\/a>, San Jer\u00f3nimo 448, C\u00f3rdoba. 19.3.-19.4.<\/li>\n<li>Mar\u00eda Linzoain, Gem\u00e4lde. Zurbar\u00e1n &#8211; El Arte de los Argentinos, Cerrito 1522. Mo-Fr 11-21, Sa 10-13 Uhr. 19.3.-23.4.<\/li>\n<li>Osvaldo Svanacini, \u201eSobre la poes\u00eda\u201c, Gem\u00e4lde. <a href=\"http:\/\/www.roart.com.ar\/\">RO Galer\u00eda de Arte<\/a>, Paran\u00e1 1158. Mo-Fr 11-20 Uhr. Seit 19.3.<\/li>\n<li>Flavia Da Rin, \u201eEl misterio del ni\u00f1o muerto\u201c. Hauptsaal. \/ Leopoldo Estol, \u201eLa ma\u00f1ana del mundo\u201c. NuevoEspacio. <a href=\"http:\/\/www.ruthbenzacar.com\/\">Ruth Benzacar Galer\u00eda de Arte<\/a>, Florida 1000. 26.3.-3.5.<\/li>\n<li>Eduardo Navarro, \u201eFabricantes Unidos\u201c. La Dulce, Av. Rivadavia 2627, Once. 27.3.-5.7.<\/li>\n<li>Diego Perrotta, \u201eEntre el bien y el mal\u201c. Espacio de Arte AMIA, Pasteur 633. Mo-Do 10-19, Fr 10-16 Uhr. Eintritt frei. 1.4.-25.4. Er\u00f6ffnung: 3.4., 19 Uhr.<\/li>\n<li>Antonio Segu\u00ed, \u201eal carborundum\u201c. <a href=\"http:\/\/www.rubbers.com.ar\/\">Galer\u00eda Rubbers Internacional<\/a>, Av. Alvear 1595. Er\u00f6ffnung: 3.4., 19 Uhr. Bis 22.4.<\/li>\n<li>\u201eRozarte\u201c, Graphiken und Objekte. Vorstellung einer Multimedia-CD mit verschiedenen Dokumenten und Werken der gleichnamigen Rosariner Gruppe von 1989 bis 1997, die in den Museumsschatz \u00fcbergehen werden. <a href=\"http:\/\/www.museocastagnino.org.ar\/\">Museo Castagnino+macro<\/a>, Zweigstelle Castagnino, Av. Pellegrini 2202, Rosario. Er\u00f6ffnung: 3.4., 20 Uhr. Die Ausstellung von Graphiken und Objekten kann man bis zum 27.4. besuchen.<\/li>\n<li>Adri\u00e1n Paiva, Gem\u00e4lde. \/ Linda Cartridge (Norwegen), \u201eLas calles &#8211; Beyond the surface\u201c, Foto-Gem\u00e4lde. <a href=\"http:\/\/www.masottatorres.com.ar\/\">MasottaTorres Arte Contempor\u00e1neo<\/a>, M\u00e9xico 459, San Telmo. Er\u00f6ffnung: 4.4., 19 Uhr.<\/li>\n<\/ul>\n","protected":false},"excerpt":{"rendered":"<p>Click aqu\u00ed para leer la versi\u00f3n en castellano. Ausstellungs-Kalender 29.03.08-05.04.08 Ab 1. April zeigt Diego Perrotta im Espacio de Arte AMIA die Ausstellung \u201eEntre el bien y el mal\u201c. Ausstellungszentren MALBA (Museo de Arte Latinoamericano de Buenos Aires), Av. Figueroa Alcorta 3415 (Do-Mo und feiertags 12-20 Uhr, Di geschlossen, Mi bis 21 Uhr, Eintritt frei. [&hellip;]<\/p>\n","protected":false},"author":1,"featured_media":0,"comment_status":"open","ping_status":"open","sticky":false,"template":"","format":"standard","meta":{"footnotes":""},"categories":[3],"tags":[],"class_list":["post-1413","post","type-post","status-publish","format-standard","hentry","category-kalender-agenda"],"_links":{"self":[{"href":"https:\/\/kunstinargentinien.com\/index.php\/wp-json\/wp\/v2\/posts\/1413","targetHints":{"allow":["GET"]}}],"collection":[{"href":"https:\/\/kunstinargentinien.com\/index.php\/wp-json\/wp\/v2\/posts"}],"about":[{"href":"https:\/\/kunstinargentinien.com\/index.php\/wp-json\/wp\/v2\/types\/post"}],"author":[{"embeddable":true,"href":"https:\/\/kunstinargentinien.com\/index.php\/wp-json\/wp\/v2\/users\/1"}],"replies":[{"embeddable":true,"href":"https:\/\/kunstinargentinien.com\/index.php\/wp-json\/wp\/v2\/comments?post=1413"}],"version-history":[{"count":0,"href":"https:\/\/kunstinargentinien.com\/index.php\/wp-json\/wp\/v2\/posts\/1413\/revisions"}],"wp:attachment":[{"href":"https:\/\/kunstinargentinien.com\/index.php\/wp-json\/wp\/v2\/media?parent=1413"}],"wp:term":[{"taxonomy":"category","embeddable":true,"href":"https:\/\/kunstinargentinien.com\/index.php\/wp-json\/wp\/v2\/categories?post=1413"},{"taxonomy":"post_tag","embeddable":true,"href":"https:\/\/kunstinargentinien.com\/index.php\/wp-json\/wp\/v2\/tags?post=1413"}],"curies":[{"name":"wp","href":"https:\/\/api.w.org\/{rel}","templated":true}]}}