{"id":144,"date":"2005-07-10T17:20:50","date_gmt":"2005-07-10T20:20:50","guid":{"rendered":"http:\/\/kunstinargentinien.com\/index.php\/2005\/07\/10\/werner-herzog\/"},"modified":"2005-07-10T22:04:59","modified_gmt":"2005-07-11T01:04:59","slug":"werner-herzog","status":"publish","type":"post","link":"https:\/\/kunstinargentinien.com\/index.php\/2005\/07\/10\/werner-herzog\/","title":{"rendered":"\u201cMis films son lo que yo soy\u201d"},"content":{"rendered":"<p><a href=\"http:\/\/kunstinargentinien.com\/index.php\/2005\/07\/10\/filme\/\">Klicken Sie hier, um die deutsche Version zu lesen.<\/a><\/p>\n<p><strong>Im\u00e1genes sobre el trabajo del director de cine alem\u00e1n Werner Herzog<\/strong><\/p>\n<p><img decoding=\"async\" src=\"http:\/\/kunstinargentinien.com\/wp-content\/uploads\/Herzog6.jpg\" alt=\"\" \/><\/p>\n<p>En el primer piso del &#8220;Hall Central Carlos Morel&#8221; del Teatro San Mart\u00edn se puede ver hasta el 31 de julio la muestra &#8220;Mis films son lo que yo soy&#8221; sobre diferentes facetas de varios rodajes del director de cine alem\u00e1n Werner Herzog. Paralelamente, en la Sala Leopoldo Lugones, en el 9\u00ba piso del Complejo Teatral, se muestra hasta el 24 de julio una retrospectiva de las pel\u00edculas de Herzog, dos de ellas sin estrenar en la Argentina.<\/p>\n<p>La mayor parte de las 50 fotograf\u00edas pertenecen al fot\u00f3grafo suizo Beat Presser, quien acompa\u00f1o a Herzog en muchos de sus viajes llenos de aventuras a sitios de rodaje remotos. Los im\u00e1genes abren una visi\u00f3n \u00fanica sobre la producci\u00f3n cinematogr\u00e1fica de Herzog y su trabajo con su actor favorito y &#8220;enemigo \u00edntimo&#8221;, Klaus Kinski. Especialmente para los que conocen y aprecian la obra de Herzog, se da una perspectiva nueva y apasionante.<\/p>\n<p>Completan la muestra algunas im\u00e1genes de otros fot\u00f3grafos que documentaron el trabajo de Herzog, que pertenecen a la colecci\u00f3n del Museo del Cine, Berl\u00edn.<\/p>\n<p><em>(&#8220;Werner Herzog: Mis films son lo que yo soy&#8221;. Teatro San Mart\u00edn, Av. Corrientes 1530, 1\u00ba piso &#8220;Hall Central Carlos Morel&#8221;.  Todos los d\u00edas desde las 11 hs hasta el final del \u00faltimo espect\u00e1culo. 5.7.-31.7.)<\/em><\/p>\n","protected":false},"excerpt":{"rendered":"<p>Klicken Sie hier, um die deutsche Version zu lesen. Im\u00e1genes sobre el trabajo del director de cine alem\u00e1n Werner Herzog En el primer piso del &#8220;Hall Central Carlos Morel&#8221; del Teatro San Mart\u00edn se puede ver hasta el 31 de julio la muestra &#8220;Mis films son lo que yo soy&#8221; sobre diferentes facetas de varios [&hellip;]<\/p>\n","protected":false},"author":1,"featured_media":0,"comment_status":"open","ping_status":"open","sticky":false,"template":"","format":"standard","meta":{"footnotes":""},"categories":[4],"tags":[],"class_list":["post-144","post","type-post","status-publish","format-standard","hentry","category-tipp-der-woche-recomendacion-de-la-semana"],"_links":{"self":[{"href":"https:\/\/kunstinargentinien.com\/index.php\/wp-json\/wp\/v2\/posts\/144","targetHints":{"allow":["GET"]}}],"collection":[{"href":"https:\/\/kunstinargentinien.com\/index.php\/wp-json\/wp\/v2\/posts"}],"about":[{"href":"https:\/\/kunstinargentinien.com\/index.php\/wp-json\/wp\/v2\/types\/post"}],"author":[{"embeddable":true,"href":"https:\/\/kunstinargentinien.com\/index.php\/wp-json\/wp\/v2\/users\/1"}],"replies":[{"embeddable":true,"href":"https:\/\/kunstinargentinien.com\/index.php\/wp-json\/wp\/v2\/comments?post=144"}],"version-history":[{"count":0,"href":"https:\/\/kunstinargentinien.com\/index.php\/wp-json\/wp\/v2\/posts\/144\/revisions"}],"wp:attachment":[{"href":"https:\/\/kunstinargentinien.com\/index.php\/wp-json\/wp\/v2\/media?parent=144"}],"wp:term":[{"taxonomy":"category","embeddable":true,"href":"https:\/\/kunstinargentinien.com\/index.php\/wp-json\/wp\/v2\/categories?post=144"},{"taxonomy":"post_tag","embeddable":true,"href":"https:\/\/kunstinargentinien.com\/index.php\/wp-json\/wp\/v2\/tags?post=144"}],"curies":[{"name":"wp","href":"https:\/\/api.w.org\/{rel}","templated":true}]}}