{"id":14556,"date":"2013-02-01T12:28:50","date_gmt":"2013-02-01T15:28:50","guid":{"rendered":"http:\/\/kunstinargentinien.com\/?p=14556"},"modified":"2013-02-02T12:28:25","modified_gmt":"2013-02-02T15:28:25","slug":"superheld-enttarnt","status":"publish","type":"post","link":"https:\/\/kunstinargentinien.com\/index.php\/2013\/02\/01\/superheld-enttarnt\/","title":{"rendered":"Superheld enttarnt"},"content":{"rendered":"<p><strong>Dem argentinischen Verbrecherj\u00e4ger &#8220;Menganno&#8221; wurde eine Schie\u00dferei zum Verh\u00e4ngnis<\/p>\n<p><em>Von Chiara Kettmeir<\/em><\/strong><\/p>\n<p><a href=\"http:\/\/kunstinargentinien.com\/wp-content\/uploads\/2013\/02\/menganno55.jpg\"><img loading=\"lazy\" decoding=\"async\" src=\"http:\/\/kunstinargentinien.com\/wp-content\/uploads\/2013\/02\/menganno55.jpg\" alt=\"\" title=\"menganno55\" width=\"250\" height=\"188\" class=\"alignright size-full wp-image-14598\" \/><\/a>Die Realit\u00e4t imitiert die Kunst. W\u00e4hrend in der Welt der Comics Metropolis seinen Superman, Gotham City Batman und Manhattan Spiderman hat, k\u00f6nnen sich die B\u00fcrger des ganz realen Buenos Aires mit einem eigenen Superhelden r\u00fchmen &#8211; Menganno. Seit mehreren Jahren patrouilliert der selbsternannte Superheld, dessen Name von &#8220;mengano&#8221;\u009d, irgend jemand bzw. &#8220;Otto Normalverbraucher&#8221; abgeleitet ist, bei Einbruch der Dunkelheit in Lan\u00fas in Gro\u00df-Buenos Aires durch die Stra\u00dfen. Hier sorgt der argentinische Verbrecherj\u00e4ger f\u00fcr Recht und Ordnung, hilft bed\u00fcrftigen Menschen und gibt Ratschl\u00e4ge zum Thema Sicherheit in dem nicht gerade ungef\u00e4hrlichen Umfeld.<\/p>\n<p>Das Nonplusultra eines jeden Superhelden ist die Geheimhaltung seiner Identit\u00e4t. Seine Gewandung, die dies gew\u00e4hrleistet, signalisiert den B\u00fcrgern dabei auf nonverbale Weise Schutz und Sicherheit. Gleichzeitig wird ein Gut gesch\u00fctzt, das einen Superhelden \u00fcberhaupt erst verletzlich macht &#8211; sein Privatleben. Doch nun ist Menganno aufgeflogen: Seine Geheimidentit\u00e4t wurde von der Polizei entlarvt, da er in eine Schie\u00dferei verwickelt war: Menganno ist ein 43-j\u00e4hriger Ex-Polizist, der von 1986 bis 1996 im Dienst stand. In der Nacht des 22. Januar wurde Menganno, der unkost\u00fcmiert mit seiner Frau im Auto unterwegs war, gem\u00e4\u00df seinen Angaben von drei M\u00e4nnern mit Sch\u00fcssen konfrontiert. Dabei machte er selbst von seiner Waffe Gebrauch, deren Lizenz jedoch letztes Jahr abgelaufen ist. Nun muss sich der selbsterkorene Ordnungsh\u00fcter vor Gericht verantworten.<\/p>\n<p>Abgesehen von dem Skandal, dass seine ehemaligen Kollegen seine wahre Identit\u00e4t preisgaben und dadurch ihn und seine Familie einer erh\u00f6hten Gefahr aussetzen, l\u00f6st dieses Ereignis eine Polemik \u00fcber die Legitimit\u00e4t der Selbstjustiz aus. &#8220;Wer gro\u00dfe Macht hat, tr\u00e4gt auch eine gro\u00dfe Verantwortung&#8221;, sagte einst Ben Parker zu seinem Neffen Spiderman. Aber nicht jeder kann mit dieser Verantwortung umgehen.<\/p>\n<p><strong>Foto:<\/strong><br \/>\nDer in den Nationalfarben maskierte Held eifert der Comiclegende Captain America nach.<\/p>\n","protected":false},"excerpt":{"rendered":"<p>Dem argentinischen Verbrecherj\u00e4ger &#8220;Menganno&#8221; wurde eine Schie\u00dferei zum Verh\u00e4ngnis Von Chiara Kettmeir Die Realit\u00e4t imitiert die Kunst. W\u00e4hrend in der Welt der Comics Metropolis seinen Superman, Gotham City Batman und Manhattan Spiderman hat, k\u00f6nnen sich die B\u00fcrger des ganz realen Buenos Aires mit einem eigenen Superhelden r\u00fchmen &#8211; Menganno. Seit mehreren Jahren patrouilliert der selbsternannte [&hellip;]<\/p>\n","protected":false},"author":1,"featured_media":0,"comment_status":"open","ping_status":"open","sticky":false,"template":"","format":"standard","meta":{"footnotes":""},"categories":[14],"tags":[],"class_list":["post-14556","post","type-post","status-publish","format-standard","hentry","category-gesellschaft-sociedad"],"_links":{"self":[{"href":"https:\/\/kunstinargentinien.com\/index.php\/wp-json\/wp\/v2\/posts\/14556","targetHints":{"allow":["GET"]}}],"collection":[{"href":"https:\/\/kunstinargentinien.com\/index.php\/wp-json\/wp\/v2\/posts"}],"about":[{"href":"https:\/\/kunstinargentinien.com\/index.php\/wp-json\/wp\/v2\/types\/post"}],"author":[{"embeddable":true,"href":"https:\/\/kunstinargentinien.com\/index.php\/wp-json\/wp\/v2\/users\/1"}],"replies":[{"embeddable":true,"href":"https:\/\/kunstinargentinien.com\/index.php\/wp-json\/wp\/v2\/comments?post=14556"}],"version-history":[{"count":8,"href":"https:\/\/kunstinargentinien.com\/index.php\/wp-json\/wp\/v2\/posts\/14556\/revisions"}],"predecessor-version":[{"id":14599,"href":"https:\/\/kunstinargentinien.com\/index.php\/wp-json\/wp\/v2\/posts\/14556\/revisions\/14599"}],"wp:attachment":[{"href":"https:\/\/kunstinargentinien.com\/index.php\/wp-json\/wp\/v2\/media?parent=14556"}],"wp:term":[{"taxonomy":"category","embeddable":true,"href":"https:\/\/kunstinargentinien.com\/index.php\/wp-json\/wp\/v2\/categories?post=14556"},{"taxonomy":"post_tag","embeddable":true,"href":"https:\/\/kunstinargentinien.com\/index.php\/wp-json\/wp\/v2\/tags?post=14556"}],"curies":[{"name":"wp","href":"https:\/\/api.w.org\/{rel}","templated":true}]}}