{"id":1459,"date":"2008-05-07T15:09:04","date_gmt":"2008-05-07T18:09:04","guid":{"rendered":"http:\/\/kunstinargentinien.com\/index.php\/2008\/05\/07\/uberbordende-kreativitat\/"},"modified":"2008-05-07T15:09:04","modified_gmt":"2008-05-07T18:09:04","slug":"uberbordende-kreativitat","status":"publish","type":"post","link":"https:\/\/kunstinargentinien.com\/index.php\/2008\/05\/07\/uberbordende-kreativitat\/","title":{"rendered":"\u00dcberbordende Kreativit\u00e4t"},"content":{"rendered":"<p><strong>Nicol\u00e1s Rubi\u00f3 bei Mosaik<\/p>\n<p><em>Von Susanne Franz<\/em><\/strong><\/p>\n<p><img decoding=\"async\" id=\"image1455\" alt=Nico2.jpg src=\"http:\/\/kunstinargentinien.com\/wp-content\/uploads\/2008\/05\/Nico2.jpg\" \/><\/p>\n<p>Nicol\u00e1s Rubi\u00f3 zeigt seit Dienstag in der Galerie Mosaik in San Isidro seine bisher umfangreichste Ausstellung, \u201cSeries Latinoamericanas\u201d, ein beredtes Zeugnis seiner \u00fcberbordenden Kreativit\u00e4t und unerm\u00fcdlichen Schaffenskraft. Bis zum 29. Mai kann man die Schau des Ausnahme-K\u00fcnstlers besuchen, der zudem jeden Donnerstag jeweils um 19 Uhr einen Vortrag h\u00e4lt: am 8.5. \u00fcber die Textilk\u00fcnstlerin Silke, am 15.5. \u201cEl hombre que esparc\u00eda la niebla\u201d \u00fcber seinen Vater; am 22.5. \u201cLos mil y un tapices de Silvina Trigos\u201d und am 29.5. \u201cUn fundidor, una escultora\u201d, eine Hommage an seine vor kurzem verstorbene Ehefrau, die K\u00fcnstlerin Esther Barugel.<\/p>\n<ul>\n<li>Galer\u00eda Mosaik, Av. Sucre 2774, Beccar, San Isidro. Mo-Sa 10-13 u. 16-20 Uhr. Bis 29.5.<\/li>\n<\/ul>\n","protected":false},"excerpt":{"rendered":"<p>Nicol\u00e1s Rubi\u00f3 bei Mosaik Von Susanne Franz Nicol\u00e1s Rubi\u00f3 zeigt seit Dienstag in der Galerie Mosaik in San Isidro seine bisher umfangreichste Ausstellung, \u201cSeries Latinoamericanas\u201d, ein beredtes Zeugnis seiner \u00fcberbordenden Kreativit\u00e4t und unerm\u00fcdlichen Schaffenskraft. Bis zum 29. Mai kann man die Schau des Ausnahme-K\u00fcnstlers besuchen, der zudem jeden Donnerstag jeweils um 19 Uhr einen Vortrag [&hellip;]<\/p>\n","protected":false},"author":1,"featured_media":0,"comment_status":"open","ping_status":"open","sticky":false,"template":"","format":"standard","meta":{"footnotes":""},"categories":[4],"tags":[],"class_list":["post-1459","post","type-post","status-publish","format-standard","hentry","category-tipp-der-woche-recomendacion-de-la-semana"],"_links":{"self":[{"href":"https:\/\/kunstinargentinien.com\/index.php\/wp-json\/wp\/v2\/posts\/1459","targetHints":{"allow":["GET"]}}],"collection":[{"href":"https:\/\/kunstinargentinien.com\/index.php\/wp-json\/wp\/v2\/posts"}],"about":[{"href":"https:\/\/kunstinargentinien.com\/index.php\/wp-json\/wp\/v2\/types\/post"}],"author":[{"embeddable":true,"href":"https:\/\/kunstinargentinien.com\/index.php\/wp-json\/wp\/v2\/users\/1"}],"replies":[{"embeddable":true,"href":"https:\/\/kunstinargentinien.com\/index.php\/wp-json\/wp\/v2\/comments?post=1459"}],"version-history":[{"count":0,"href":"https:\/\/kunstinargentinien.com\/index.php\/wp-json\/wp\/v2\/posts\/1459\/revisions"}],"wp:attachment":[{"href":"https:\/\/kunstinargentinien.com\/index.php\/wp-json\/wp\/v2\/media?parent=1459"}],"wp:term":[{"taxonomy":"category","embeddable":true,"href":"https:\/\/kunstinargentinien.com\/index.php\/wp-json\/wp\/v2\/categories?post=1459"},{"taxonomy":"post_tag","embeddable":true,"href":"https:\/\/kunstinargentinien.com\/index.php\/wp-json\/wp\/v2\/tags?post=1459"}],"curies":[{"name":"wp","href":"https:\/\/api.w.org\/{rel}","templated":true}]}}