{"id":1461,"date":"2008-05-17T13:26:24","date_gmt":"2008-05-17T16:26:24","guid":{"rendered":"http:\/\/kunstinargentinien.com\/index.php\/2008\/05\/17\/agenda-kalender-111\/"},"modified":"2008-05-21T12:43:39","modified_gmt":"2008-05-21T15:43:39","slug":"agenda-kalender-111","status":"publish","type":"post","link":"https:\/\/kunstinargentinien.com\/index.php\/2008\/05\/17\/agenda-kalender-111\/","title":{"rendered":"Agenda \/ Kalender"},"content":{"rendered":"<p><a href=\"http:\/\/kunstinargentinien.com\/index.php\/2008\/05\/17\/kalender-agenda-118\/\">Klicken Sie hier, um die deutsche Version zu lesen.<\/a><\/p>\n<p><strong>Agenda de Muestras 17\/05\/08-24\/05\/08<\/strong><\/p>\n<div align=center><img decoding=\"async\" id=\"image1462\" src=\"http:\/\/kunstinargentinien.com\/wp-content\/uploads\/2008\/05\/grata.JPG\" alt=\"grata.JPG\" \/><br \/>\n<em>Hasta fines de junio se puede visitar la muestra &#8220;Naturaleza y Artificio&#8221;, curada por Graciela Taquini, en el Centro Cultural San Mart\u00edn.<\/em><\/div>\n<p><em><strong>Centros de exposiciones<\/strong><\/em><\/p>\n<ul>\n<li><a href=\"http:\/\/www.malba.org.ar\/web\/\">MALBA<\/a> (Museo de Arte Latinoamericano de Buenos Aires), Av. Figueroa Alcorta 3415 (Jue-Lun y feriados 12-20 hs, martes cerrado, Mi\u00e9rcoles hasta 21 hs, entrada libre. Los otros d\u00edas: entrada 12 pesos, docentes y mayores de 65 a\u00f1os 6 pesos, estudiantes, menores de 12 a\u00f1os y discapacitados gratis): Tarsila do Amaral, &#8220;Viajera&#8221;. 28.03.-02.06.<\/li>\n<li><a href=\"http:\/\/www.mnba.org.ar\/\">Museo Nacional de Bellas Artes<\/a> (MNBA), Av. del Libertador 1473 (Mar-Vie 12.30-19.30, Sab y Dom 9.30-19.30 hs. Entrada libre): &#8220;Las armas de la pintura. La Naci\u00f3n en construcci\u00f3n (1852-1870)&#8221;. Primer piso, Sala 106. 18.03.-01.06. \/ &#8220;Ayerza, Witcomb, Paillet &#8211; or\u00edgenes de la fotograf\u00eda en la Argentina&#8221;. Segundo piso. 18.03.-01.06. \/ &#8220;Peppermint Candy. Caramelo de menta&#8221;, arte contempor\u00e1neo de Corea. Curadora: Seungwan Kang. PB, Pabell\u00f3n. 07.05.-06.07.<\/li>\n<li><a href=\"http:\/\/www.centroculturalrecoleta.org\/\">Centro Cultural Recoleta<\/a>, Jun\u00edn 1930 (Mar-Vie 14-21, Sab, Dom y feriados 10-21 hs, entrada 1 peso): &#8220;Carlos Saura \u2013 Los sue\u00f1os del espejo&#8221;, muestra de la trayectoria cinematogr\u00e1fica de Carlos Saura a trav\u00e9s de una importante selecci\u00f3n de proyecciones, fotograf\u00edas, dibujos, cuadernos de rodaje y guiones. Curadores: Chus Tudelilla y Paco Algaba. Salas 4, 5, 6, 7, 8, 9 y 10. 15.04.-18.05. \/ Pablo Su\u00e1rez, retrospectiva. Curadora: Patricia Rizzo. Sala Cronopios. Inauguraci\u00f3n: 20.05., 19 hs. Hasta 22.06. \/ Liliana Maresca, &#8220;Transmutaciones&#8221;. Curadora: Adriana Laur\u00eda. Salas &#8220;C&#8221; y &#8220;J&#8221;. Inauguraci\u00f3n: 20.05., 19 hs. Hasta 22.06. \/ Cynthia Cohen, &#8220;Sin palabras&#8221;. Salas 5 y 6. Inauguraci\u00f3n: 23.05., 19 hs. Hasta 16.06. \/ Virginia Del Giudice, &#8220;Vanitas\/Paladiotipos&#8221;. Sala 7. Inauguraci\u00f3n: 23.05., 19 hs. Hasta 16.06. \/ Jos\u00e9 Trujillo, pinturas. Sala 8. Inauguraci\u00f3n: 23.05., 19 hs. Hasta 16.06.<\/li>\n<p><!--more--><\/p>\n<li><a href=\"http:\/\/www.ccborges.org.ar\/\">Centro Cultural Borges<\/a>, Viamonte\/San Mart\u00edn (Lun-Sab 10-21, Dom 12-21 hs. Entrada 8 pesos, jubilados y estudiantes 5 pesos): &#8220;Inspiraciones africanas: Entre la modernidad y la herencia ancestral&#8221;. 25.04.-25.05. \/ &#8220;Los Muralistas en Galer\u00edas Pac\u00edfico&#8221;. Sala 23. Desde 15.05.<\/li>\n<li>FotoGaler\u00eda del Teatro San Mart\u00edn, Av. Corrientes 1530 (Lun-Vie desde las 12 hs, Sab y Dom desde las 14 hs, hasta la finalizaci\u00f3n de las actividades del d\u00eda en el teatro. Entrada libre): Daniel Rodr\u00edguez, fotograf\u00edas 1979-2005. En las salas del primer piso del Hall Central Carlos Morel. 01.04.-01.06. \/  Oscar Pintor, &#8220;Restos de una inundaci\u00f3n&#8221;, fotos. En la FotoGaler\u00eda. 06.05.-01.06.<\/li>\n<\/ul>\n<p><em><strong>Otras exposiciones<\/strong><\/em><\/p>\n<ul>\n<li>&#8220;Premio MAMbA\/Fundaci\u00f3n Telef\u00f3nica. Arte y Nuevas Tecnolog\u00edas, 5ta edici\u00f3n&#8221;. Curadora invitada: Laura Buccellato. <a href=\"http:\/\/www.espacioft.org.ar\/Default.asp\">Espacio Fundaci\u00f3n Telef\u00f3nica<\/a>, Arenales 1540. Mar-Dom 14-20 hs. Entrada gratuita. 12.03.-23.05.<\/li>\n<li>Eduardo Navarro, &#8220;Fabricantes Unidos&#8221;. La Dulce, Av. Rivadavia 2627, Once. 27.03.-05.07.<\/li>\n<li>Fotograf\u00edas de los alumnos de <a href=\"http:\/\/www.ph15.org.ar\/\">ph15<\/a>. Biblioteca Nacional, Sala Juan L. Ortiz, Ag\u00fcero 2502, 3\u00b0 piso. Lun-Vie 10-20, Sab y Dom 13-18 hs. 03.04.-18.05.<\/li>\n<li>&#8220;Naturaleza y Artificio&#8221;. Curadora: Graciela Taquini. Centro Cultural San Mart\u00edn, Sarmiento 1555. Entrada gratis. 15.04.-30.06.<\/li>\n<li>Carlos Alonso, &#8220;La guerra al Mal\u00f3n&#8221;, muestra de las obras originales que realiz\u00f3 el Maestro para ilustrar el texto hom\u00f3nimo del Comandante Prado, a pedido de la Editorial Eudeba, en el a\u00f1o 1965. Centro de las Artes Teatro Argentino, Sala Pettoruti, Avenida 51 entre 9 y 10, La Plata. Mar-Dom 10-20 hs. Entrada libre. 17.04.-18.05.<\/li>\n<li>Eugenio Ampudia (Espa\u00f1a), &#8220;S\u00f3lo una idea devoradora&#8221;. <a href=\"http:\/\/www.macromuseo.org.ar\/\">Museo de Arte Contempor\u00e1neo de Rosario (MACRO)<\/a>, Bv. Oro\u00f1o y el r\u00edo Paran\u00e1, Rosario. Jue-Mar 14-20 hs. Visitas: Jue-Mar 15 y 18 hs. 17.04.-26.06.<\/li>\n<li>&#8220;No sabe \/ No contesta. Pr\u00e1cticas fotogr\u00e1ficas latinoamericanas&#8221;. Obras de Luis Gonz\u00e1lez Palma (Guatemala), Cecilia Paredes (Per\u00fa\/Costa Rica), Francisca Garc\u00eda (Chile), Diego Lama (Per\u00fa), Mart\u00edn Weber (Argentina), Mar\u00eda Teresa Ponce (Ecuador), \u00c1ngela Bonadies (Venezuela), Esteban Pastorino (Argentina), V\u00edctor V\u00e1zquez (Puerto Rico), Gabriela Zuccolillo (Paraguay), Leandro Katz (Argentina), Jos\u00e9 Alejandro Restrepo (Colombia), Alfonso Castillo (Argentina), Narda Alvarado (Bolivia), Mart\u00edn Sastre (Uruguay), Carlos Montes de Oca (Chile), Matilde Mar\u00edn (Argentina), Jos\u00e9 Luis Bravo (M\u00e9xico), Gilda Mantilla y Raimond Chaves (Per\u00fa), entre otros. Curador: Rodrigo Alonso. Arte x Arte, Lavalleja 1062. Lun-Vie 13-19 hs. 17.04.-06.06.<\/li>\n<li>&#8220;Surrealismo Argentino&#8221;, obras de Antonio Berni, Roberto Aizenberg, Juan Batlle Planas, Guillermo Roux, Antonio Segu\u00ed, Juan del Prete, A\u00edda Carballo, V\u00edctor Chab y Raquel Forner, entre otros. Pabell\u00f3n de las Bellas Artes &#8211; UCA, Alicia Moreau de Justo 1300, Puerto Madero. Mar-Dom 11-19 hs. 17.04.-18.05.<\/li>\n<li>Ernesto Deira (Buenos Aires, 1928 &#8211; Par\u00eds, 1986), &#8220;Los fragmentos del conflicto&#8221;. <a href=\"http:\/\/www.mac.uchile.cl\/\">Museo de Arte Contempor\u00e1neo MAC<\/a>, Parque Forestal s\/n, Metro Bellas Artes, Santiago, Chile. Mar-Sab 11-19, Dom 11-18 hs. 17.04.-08.06.<\/li>\n<li>Nicol\u00e1s Menza, &#8220;El banquete y otros platos&#8221;, pinturas. Museo Quinquela Mart\u00edn, Av. Pedro de Mendoza 1835, La Boca. Mar-Dom 10-18 hs. 19.04.-20.05.<\/li>\n<li>&#8220;Grandes Maestros Argentinos&#8221;, obras de Antonio Berni, Victor Chab, Jorge Frasca, Lola Frexas, Koek-Koek, Quinquela Mart\u00edn, Edmundo Valladares, entre otros. <a href=\"http:\/\/www.galeriamediterranea.com.ar\/\">Galer\u00eda de Arte Mediterr\u00e1nea<\/a>, Pacheco 2380 (Monroe 4900), Villa Urquiza. Lun-Vie 10-20.30, Sab 10-17 hs. 19.04.-20.05.<\/li>\n<li>&#8220;Cultura Subyugada &#8211; Interrupciones y resistencias sobre lo femenino&#8221;. Curadora: Graciela Ovejero. Participan artistas y colaboradores procedentes de Alemania, Argentina, Canad\u00e1, Ir\u00e1n, EEUU, Barbados, Uganda, India, Tailandia, Jap\u00f3n, Pakist\u00e1n, Suiza, China, Cuba, Brasil, Hong Kong, Francia e Inglaterra. Fondo Nacional de las Artes, Alsina 673. Lun-Vie 10-18 hs. 22.04.-23.05.<\/li>\n<li>&#8220;Recu\u00e9rdame por siempre. Joyas de la gr\u00e1fica postal de los siglos XIX-XX&#8221;, Colecci\u00f3n Castellano Fotheringham. Curador: Patricio L\u00f3pez M\u00e9ndez. Museo Isaac Fern\u00e1ndez Blanco, Suipacha 1422. Mar-Dom 14-19 hs. Entrada General: $1. 22.04.-25.05.<\/li>\n<li>Guillermo Llacay, &#8220;Retazos Urbanos&#8221;, pintura. <a href=\"http:\/\/www.elsidelrio.com.ar\/\">Elsi del R\u00edo Arte Contempor\u00e1neo<\/a>, Ar\u00e9valo 1748, entre Honduras y El Salvador, Palermo Hollywood. Mar-Vie 15-20, Sab 11-14 hs. 23.04.-24.05.<\/li>\n<li>Marcelo de la Fuente, &#8220;Lasca&#8221;, fotos. 713 Arte Contempor\u00e1neo, Defensa 713, San Telmo. Lun-Sab 13-19 hs. 24.04.-31.05.<\/li>\n<li>Louise Crawford &#038; St\u00e9phan Gu\u00e9neau, &#8220;Mientras la ciudad duerme&#8221;, fotos. <a href=\"http:\/\/www.vvvgallery.com\/\">VVVgallery<\/a>, Aguirre 1153, 2\u00ba. Mie-Vie 16-20, Sab 15.30-18.30 hs. 24.04.-07.06.<\/li>\n<li>Alejandro Boim, pinturas. Zurbar\u00e1n &#8211; El Arte de los Argentinos, Cerrito 1522. Lun-Vie 11-21, Sab 10-13 hs. 24.04.-04.06.<\/li>\n<li>Dani Dan, &#8220;Complicidad c\u00f3smica&#8221;. <a href=\"http:\/\/www.praxis-art.com\/\">Praxis International Art<\/a>, Arenales 1311. Lun-Vie 10.30-20, Sab 10.30-14 hs. 25.04.-28.05.<\/li>\n<li>Cristina Tomsig, &#8220;Juegos Materiales&#8221;, esculturas. Empat\u00eda, Carlos Pellegrini 1255. Lun-Vie 11-20, Sab 10-13 hs. 30.04.-31.05.<\/li>\n<li>&#8220;Juan Grela. Obra Gr\u00e1fica&#8221;. <a href=\"http:\/\/www.museocastagnino.org.ar\/\">Museo Municipal de Bellas Artes J.B. Castagnino<\/a>, Av. Pellegrini 2202, Rosario. Lun, Mie, Jue y Vie 14-20, Sab, Dom y feriados 13-19 hs. Recorridos para p\u00fablico en general: Mie-Lun 18 hs. 02.05.-01.06.<\/li>\n<li>Jos\u00e9 Luis Anzizar, Irene Banchero, Rom\u00e1n Vitali, &#8220;Actos de Fe&#8221;. Curadora: Alina Tortosa. Espacio de Arte Fundaci\u00f3n Standard Bank, Riobamba 1276. Lun-Vie 10-20 hs. 05.05.-20.06.<\/li>\n<li>&#8220;Le\u00f3n Ferrari. Antol\u00f3gica&#8221;. <a href=\"http:\/\/www.museocastagnino.org.ar\/\">Museo Municipal de Bellas Artes J.B. Castagnino<\/a>, Av. Pellegrini 2202, Rosario. Lun, Mie, Jue y Vie 14-20, Sab, Dom y feriados 13-19 hs. Recorridos para p\u00fablico en general Mie-Lun, 18 hs. 06.05.-29.05.<\/li>\n<li>Nicol\u00e1s Rubi\u00f3, &#8220;Series Latinoamericanas&#8221;. Galer\u00eda Mosaik, Av. Sucre 2774, Beccar, San Isidro. Lun-Sab 10-13 y 16-20 hs. 06.05.-29.05.<\/li>\n<li>Mart\u00edn Blaszko, &#8220;60 A\u00f1os de Arte&#8221;, esculturas. Laura Haber Galer\u00eda de Arte, Juncal 885. Lun-Vie 11-20, Sab 11-15 hs. Desde 06.05.<\/li>\n<li>Claudia Gherstenfeld, &#8220;Avanti&#8221;. Decastelli Arte, Chile 354, San Telmo. Dom-Vie 11-18 hs. 06.05.-01.06.<\/li>\n<li>Marcia Schvartz, &#8220;El \u00c1nima&#8221;, recorrido por la producci\u00f3n de la artista desde 1976 hasta la actualidad. Trabajos en \u00f3leo, lanas, dibujos sobre arpillera, cer\u00e1micas y backlights (contraluces). Curador: Gabriel Levinas. Museo de la Universidad Nacional de Tres de Febrero (MUNTREF), Valent\u00edn G\u00f3mez 4828, Caseros (frente a estaci\u00f3n). Lun-Sab 11-20 hs. Visitas guiadas: Sab 15.30 hs. Desde 07.05.<\/li>\n<li>Miguel Rothschild, &#8220;Con penas ni gloria&#8221;. Sala principal. \/ Nicola Costantino, &#8220;La cena&#8221;. NuevoEspacio. <a href=\"http:\/\/www.ruthbenzacar.com\/\">Ruth Benzacar Galer\u00eda de Arte<\/a>, Florida 1000. 07.05.-14.06.<\/li>\n<li>Nestor Goyanes, &#8220;De cartas, barcos y trenes&#8221;, grabados. Atica, Libertad 1240, PB &#8220;9&#8221;. Lun-Vie 11-13 y 15-20, Sab 11-13.30 hs. 07.05.-31.05.<\/li>\n<li>Ana Dragone, pinturas. <a href=\"http:\/\/www.britishartscentre.org.ar\/\">British Arts Centre<\/a>, Suipacha 1333. 07.05.-30.05.<\/li>\n<li>Roxana Salvatori, &#8220;Paisajes Urbanos&#8221;, pinturas. Asociaci\u00f3n Cultural Pestalozzi, Freire 1882, Belgrano R. Mar-Vie 14-19 hs. Desde 07.05.<\/li>\n<li>Claudio Herrera, &#8220;Brainstorm&#8221;, pinturas. <a href=\"http:\/\/www.wussmann.com.ar\/\">Galer\u00eda de Arte Wussmann<\/a>, Venezuela 570. Desde 08.05.<\/li>\n<li>Guadalupe Fern\u00e1ndez, &#8220;Fulgor&#8221;. \/ Mar\u00eda Ib\u00e1\u00f1ez Lago, &#8220;A vuelo de p\u00e1jaro&#8221;. \/ Gabriela Guti\u00e9rrez, &#8220;Encanto Sucur\u00ed&#8221;. <a href=\"http:\/\/www.masottatorres.com.ar\/\">MasottaTorres Arte Contempor\u00e1neo<\/a>, M\u00e9xico 459, San Telmo. Desde 08.05. 22.05., 18.30 hs: &#8220;Caf\u00e9 aleatorio&#8221;, encuentro con las tres artistas. \/ &#8220;Karaoke visual&#8221;, performance de Mar\u00eda Ib\u00e1\u00f1ez Lago y Juliana Cecci.<\/li>\n<li>Augusto Porcel, &#8220;Jinete Argentino&#8221;, fotos. La Biblioth\u00e8que, Uruguay 1223, puerta roja al fondo. Desde 08.05.<\/li>\n<li>Guillermo Tragant, &#8220;Mapas&#8221;. Curador: Federico Platener. <a href=\"http:\/\/www.plat.com.ar\/\">PLat Pensamiento Lateral<\/a>, Andr\u00e9s Arguibel 2826, Las Ca\u00f1itas. Lun-Vie 18-22 hs. 08.05.-03.06.<\/li>\n<li>Juan Carlos Lasser, muestra homenaje a 1 a\u00f1o de su ausencia. Thames Galer\u00eda de Arte, Thames 1776. 08.05.-20.05.<\/li>\n<li>&#8220;Dibujo contempor\u00e1neo croata&#8221;, colecci\u00f3n de 140 obras realizadas por los 70 artistas pl\u00e1sticos m\u00e1s importantes de Croacia. Palais de Glace, Posadas 1725. Mar-Vie 12-20, Sab y Dom 10-20 hs. Entrada libre y gratuita. 08.05.-01.06.<\/li>\n<li>Patricio Larrambebere, intervenci\u00f3n. En el ciclo &#8220;Diario abierto (e intervenido por un artista)&#8221;. Curador: M\u00e1ximo Jacoby. Redacci\u00f3n del diario Cr\u00edtica de la Argentina, Maipu 271. S\u00e1bados de mayo 10-13 hs. Desde 10.05.<\/li>\n<li>&#8220;Tema: La Vaca&#8221;, muestra colectiva de 36 artistas, entre ellos Gerardo Feldstein, Norberto Onofrio, Amalia P\u00e9rez Molek y Ana L\u00eda Werthein. <a href=\"http:\/\/www.galeriabarbarie.com\/\">Barbarie Arte Contempor\u00e1neo<\/a>, Estancia La Cinacina, Lavalle 1, San Antonio de Areco (Ruta 8 &#8211; km 112). 11.05.-07.09.<\/li>\n<li><a href=\"http:\/\/www.tobiasbruns.com\/\">Tobias Bruns<\/a>, &#8220;2525&#8221;, pinturas. Hotel Loft y Arte, Hip\u00f3lito Yrigoyen 1194 (y Salta). 13.05.-13.07.<\/li>\n<li>Ricardo Cohen (&#8220;Rocambole&#8221;), &#8220;Rocambole vs. Cohen&#8221;. Espacio de Arte AMIA, Pasteur 633. Lun-Jue 10-19, Vie 10-16 hs. 13.05.-05.06. Inuaguraci\u00f3n: 21.05., 19 hs.<\/li>\n<li>&#8220;El juego en el arte&#8221;, obras de Silvia Brewda, Claudio Gallina, Liliana Golubinsky, Luisa Gonzalez, Nicol\u00e1s Menza, Manuel Mujica Lainez, Luis Niveiro, Horacio S\u00e1nchez Fantino, Virginia Spinelli. Curador: Sergio Artola. Mundo Nuevo Gallery Art, Av. Callao 1870, PB. 14.05.-20.06.<\/li>\n<li>&#8220;veinti 1 maneras de decir&#8221;, muestra de obras realizadas por 21 artistas durante la Cl\u00ednica de la Imagen en Diagonal Espacio de Arte &#8211; Mendoza, coordinada por Marcela Furlani y Eduardo M\u00e9dici durante el a\u00f1o 2007. Curador: H\u00e9ctor M\u00e9dici. <a href=\"http:\/\/www.pasaje17.com.ar\/\">Espacio de Arte Pasaje 17<\/a>, Pasaje de la Piedad N\u00ba 17 (Bm\u00e9. Mitre 1575, timbre 17). Lun-Vie 12.30-19.30 hs. 14.05.-06.06.<\/li>\n<li>Liliana Golubinsky, &#8220;Cuesti\u00f3n de Actitud&#8221;, muestra dedicada a Natalio Jorge Povarch\u00e9. <a href=\"http:\/\/www.rubbers.com.ar\/\">Galer\u00eda Rubbers Internacional<\/a>, Av. Alvear 1595. 15.05.-03.06.<\/li>\n<li>Arte contempor\u00e1neo, obras de Miguel Panarisi, Maggie De Koenigsberg, In\u00e9s Vega, Duilio Pierri, Kuki Benski, Gerardo Wohlgemuth, Silvina Lobo, Nahuel Vecino. Barcelona House, Uriarte 1689, Palermo. Se trata de la propuesta de Diego Lacassagne, que convertir\u00e1 a Barcelona Peluqueros en un curioso espacio donde conviven peinadores y artistas. A partir del 15 de mayo, la casa antigua de Barcelona Peluqueros se transformar\u00e1 en un espacio de arte, sin dejar de cumplir su funci\u00f3n primera. La idea es combinar en un mismo lugar distintos aspectos de la est\u00e9tica con la premisa de poner en juego nuevas sensibilidades. Mar-Sab 9.30-20 hs. 15.05.-21.06.<\/li>\n<li>Hermenegildo S\u00e1bat, dibujos y pinturas. Fundaci\u00f3n R\u00f3mulo Raggio, Gaspar Campos 861, Vicente L\u00f3pez. Prov. Bs.As. Lun-Vie 13-17 hs. 15.05.-03.06.<\/li>\n<li>&#8220;DOMUS \/ CASA&#8221;, obras de Marta Ares, Marcela Astorga, Fabiana Barreda, Dino Bruzzone, Isabel Chedufau, Marina De Caro, Mara Facchin, Ana Gallardo, Enio Iommi, Silvana Lacarra, Nuna Mangiante, Andrea Moccio, Diana Schufer, Clorindo Testa. Curador: Jorge L\u00f3pez Anaya. <a href=\"http:\/\/www.fundacionfjklemm.org\/\">Fundaci\u00f3n Federico Jorge Klemm<\/a>, Marcelo T. de Alvear 626. Lun-Vie 11-20 hs. Desde 15.05.<\/li>\n<li>&#8220;Mundos Paralelos&#8221;, obras de Luis Abraham, Rosa Audisio, M\u00f3nica Caputo, Silvina Lobo, Roberto Rey y Rub\u00e9n Sassano. Curadora: Mariela Alonso. Museo Municipal de Arte de La Plata (MUMART), Salas A y B, Centro Cultural Pasaje Dardo Rocha, Calle 50 entre 6 y 7, La Plata. Lun-Vie 10-20 hs. 15.05.-15.06.<\/li>\n<li>Gerry Frost (EEUU), instalaciones. <a href=\"http:\/\/www.artecomprimido.blogspot.com\/\">Arte Comprimido<\/a>, Acu\u00f1a de Figueroa 1658. Lun-Vie 14-19, Sab 14-18 hs. Inauguraci\u00f3n: 17.05., 19 hs. Hasta 31.05.<\/li>\n<li><a href=\"http:\/\/www.waltermichaelis.com\/WalterMichaelis.htm\">Walter Michaelis<\/a>, &#8220;Abstracciones&#8221;, pinturas y cer\u00e1micas. Curadora: Alicia Cunto. Museo Metropolitano, Castex 3217. Lun-Vie 14-20, Sab y Dom 14-18 hs. Inauguraci\u00f3n: 20.05., 19.30 hs. Hasta 01.06.<\/li>\n<p><img decoding=\"async\" id=\"image1464\" src=\"http:\/\/kunstinargentinien.com\/wp-content\/uploads\/2008\/05\/celia.jpg\" alt=\"celia.jpg\" \/><\/p>\n<li>Celia Marc\u00f3 Del Pont, &#8220;Territorios&#8221;, fotos + arte digital. <a href=\"http:\/\/www.mariaelenakravetzgallery.com\/\">Mar\u00eda Elena Kravetz Galer\u00eda de Arte<\/a>, San Jer\u00f3nimo 448, Ciudad de C\u00f3rdoba. Inauguraci\u00f3n: 21.05., 19.30 hs.<\/li>\n<li>&#8220;Celeste y Blanco: 25 de Mayo hacia el Bicentenario&#8221;, obras de Jos\u00e9 Luis Anzizar, Luis Fernando Benedit, Mart\u00edn Churba, Nora Iniesta, L\u00e9onie Matthis, Ricardo Paz. Curador: Fernando Entin. Museo de Arte Tigre (MAT), Paseo Victorica 972, Tigre. Mie-Vie 9-19, Sab, Dom y feriados 12-19 hs. Inauguraci\u00f3n: 25.05., 17 hs.<\/li>\n<li><a href=\"http:\/\/www.arteba.org.ar\/\">&#8220;arteBA08&#8221;<\/a>. La Rural, Pabellones Azul y Verde, Av. Sarmiento 2704. Todos los d\u00edas 13-22 hs. Entrada general 20 pesos, jubilados y estudiantes con acreditaci\u00f3n 10 pesos, menores de 12 a\u00f1os gratis. 29.05.-02.06.<\/li>\n<\/ul>\n","protected":false},"excerpt":{"rendered":"<p>Klicken Sie hier, um die deutsche Version zu lesen. Agenda de Muestras 17\/05\/08-24\/05\/08 Hasta fines de junio se puede visitar la muestra &#8220;Naturaleza y Artificio&#8221;, curada por Graciela Taquini, en el Centro Cultural San Mart\u00edn. Centros de exposiciones MALBA (Museo de Arte Latinoamericano de Buenos Aires), Av. Figueroa Alcorta 3415 (Jue-Lun y feriados 12-20 hs, [&hellip;]<\/p>\n","protected":false},"author":1,"featured_media":0,"comment_status":"open","ping_status":"open","sticky":false,"template":"","format":"standard","meta":{"footnotes":""},"categories":[3],"tags":[],"class_list":["post-1461","post","type-post","status-publish","format-standard","hentry","category-kalender-agenda"],"_links":{"self":[{"href":"https:\/\/kunstinargentinien.com\/index.php\/wp-json\/wp\/v2\/posts\/1461","targetHints":{"allow":["GET"]}}],"collection":[{"href":"https:\/\/kunstinargentinien.com\/index.php\/wp-json\/wp\/v2\/posts"}],"about":[{"href":"https:\/\/kunstinargentinien.com\/index.php\/wp-json\/wp\/v2\/types\/post"}],"author":[{"embeddable":true,"href":"https:\/\/kunstinargentinien.com\/index.php\/wp-json\/wp\/v2\/users\/1"}],"replies":[{"embeddable":true,"href":"https:\/\/kunstinargentinien.com\/index.php\/wp-json\/wp\/v2\/comments?post=1461"}],"version-history":[{"count":0,"href":"https:\/\/kunstinargentinien.com\/index.php\/wp-json\/wp\/v2\/posts\/1461\/revisions"}],"wp:attachment":[{"href":"https:\/\/kunstinargentinien.com\/index.php\/wp-json\/wp\/v2\/media?parent=1461"}],"wp:term":[{"taxonomy":"category","embeddable":true,"href":"https:\/\/kunstinargentinien.com\/index.php\/wp-json\/wp\/v2\/categories?post=1461"},{"taxonomy":"post_tag","embeddable":true,"href":"https:\/\/kunstinargentinien.com\/index.php\/wp-json\/wp\/v2\/tags?post=1461"}],"curies":[{"name":"wp","href":"https:\/\/api.w.org\/{rel}","templated":true}]}}