{"id":1507,"date":"2008-07-19T10:09:42","date_gmt":"2008-07-19T13:09:42","guid":{"rendered":"http:\/\/kunstinargentinien.com\/index.php\/2008\/07\/19\/mehr-als-nur-abwechslung\/"},"modified":"2008-07-19T12:29:06","modified_gmt":"2008-07-19T15:29:06","slug":"mehr-als-nur-abwechslung","status":"publish","type":"post","link":"https:\/\/kunstinargentinien.com\/index.php\/2008\/07\/19\/mehr-als-nur-abwechslung\/","title":{"rendered":"Mehr als nur Abwechslung"},"content":{"rendered":"<p><strong>Winterferienprogramm im Malba<\/p>\n<p><em>Von Susanne Franz<\/em><\/strong><\/p>\n<p><img decoding=\"async\" id=\"image1508\" alt=Malba2.jpg src=\"http:\/\/kunstinargentinien.com\/wp-content\/uploads\/2008\/07\/Malba2.jpg\" \/><\/p>\n<p>Von Samstag, dem 26. Juli, bis Sonntag, den 10. August, bietet das <a href=\"http:\/\/www.malba.org.ar\/web\/\">Museo de Arte Latinoamericano de Buenos Aires (Malba &#8211; Fundaci\u00f3n Costantini, Av. Figueroa Alcorta 3415)<\/a> wieder ein interessantes Winterferienprogramm. Die uruguayische Musik- und Theatergruppe \u201eCantacuentos\u201c gibt allein vier Vorstellungen ihrer neuen Show \u201ePura maravilla\u201c. Die preisgekr\u00f6nte Truppe, die bereits vier CDs herausgegeben hat, \u00fcberzeugt mit Schwung und Humor und einer Menge technischer Extras (30.7., 31.7., 1.8. und 2.8. jeweils 16 Uhr; Eintritt 16 Pesos; Vorverkauf ab 21.7.).<\/p>\n<p>In den Ferien wird auch das beliebte interaktive Programm \u201eFamilias en Malba\u201c angeboten, das sich am besten f\u00fcr Kinder zwischen 4 und 10 Jahren eignet, die von enem Erwachsenen begleitet werden sollen. Spielerisch wird den Kindern und ihren Familien anhand ausgew\u00e4hlter Werke der Sammlung Kunst n\u00e4her gebracht, und abschlie\u00dfend k\u00f6nnen sie im Rahmen eines Workshops ihrer eigenen Kreativit\u00e4t Ausdruck verleihen (27.7., 31.7., 3.8., 7.8. und 10.8., 17 und 17.30 Uhr; Eintritt 7 Pesos).<\/p>\n<p>Im Kinoworkshop \u201e\u00a1Hacete la pel\u00edcula!\u201c f\u00fcr 6- bis 10-J\u00e4hrige, die von einem Erwachsenen begleitet werden, k\u00f6nnen die Kinder die Kinoschatzkammer des Malba kennenlernen und mit einfachen Mitteln selbst Kino machen (28.7., 4.8. und 6.8. um 17 Uhr; Eintritt 7 Pesos).<\/p>\n<p>F\u00fcr den Kinozyklus \u201eGrandes pel\u00edculas para chicos\u201c, der vom 7. bis 10.8. l\u00e4uft,  hat die Museumsabteilung malba.cine wieder unvergessliche Filmklassiker f\u00fcr Gro\u00df und Klein herausgesucht.<\/p>\n<p>Und zuletzt lockt noch die Design-Ausstellung \u201eMu\u00f1ecos de autor\u201c (Handgemachte Puppen) im sch\u00f6nen Museumsladen, die am 29.7. um 16 Uhr mit der Gratis-Show \u201eEl ping\u00fcinazo\u201c (Puppen- und Objekttheater) er\u00f6ffnet wird. Die ausgestellten Puppen wurden von den K\u00fcnstlern und Designern Corina Mascotti, Ver\u00f3nica Romano, Juana Neumann, Claudio Maroni und Silvia Troian entworfen, ausgesucht hat sie die Kuratorin Mariana Bandin.<\/p>\n<p><em>Erschienen im &#8220;Argentinischen Tageblatt&#8221; vom 19.07.08.<\/em><\/p>\n","protected":false},"excerpt":{"rendered":"<p>Winterferienprogramm im Malba Von Susanne Franz Von Samstag, dem 26. Juli, bis Sonntag, den 10. August, bietet das Museo de Arte Latinoamericano de Buenos Aires (Malba &#8211; Fundaci\u00f3n Costantini, Av. Figueroa Alcorta 3415) wieder ein interessantes Winterferienprogramm. Die uruguayische Musik- und Theatergruppe \u201eCantacuentos\u201c gibt allein vier Vorstellungen ihrer neuen Show \u201ePura maravilla\u201c. Die preisgekr\u00f6nte Truppe, [&hellip;]<\/p>\n","protected":false},"author":1,"featured_media":0,"comment_status":"open","ping_status":"open","sticky":false,"template":"","format":"standard","meta":{"footnotes":""},"categories":[1],"tags":[],"class_list":["post-1507","post","type-post","status-publish","format-standard","hentry","category-allgemein-general"],"_links":{"self":[{"href":"https:\/\/kunstinargentinien.com\/index.php\/wp-json\/wp\/v2\/posts\/1507","targetHints":{"allow":["GET"]}}],"collection":[{"href":"https:\/\/kunstinargentinien.com\/index.php\/wp-json\/wp\/v2\/posts"}],"about":[{"href":"https:\/\/kunstinargentinien.com\/index.php\/wp-json\/wp\/v2\/types\/post"}],"author":[{"embeddable":true,"href":"https:\/\/kunstinargentinien.com\/index.php\/wp-json\/wp\/v2\/users\/1"}],"replies":[{"embeddable":true,"href":"https:\/\/kunstinargentinien.com\/index.php\/wp-json\/wp\/v2\/comments?post=1507"}],"version-history":[{"count":0,"href":"https:\/\/kunstinargentinien.com\/index.php\/wp-json\/wp\/v2\/posts\/1507\/revisions"}],"wp:attachment":[{"href":"https:\/\/kunstinargentinien.com\/index.php\/wp-json\/wp\/v2\/media?parent=1507"}],"wp:term":[{"taxonomy":"category","embeddable":true,"href":"https:\/\/kunstinargentinien.com\/index.php\/wp-json\/wp\/v2\/categories?post=1507"},{"taxonomy":"post_tag","embeddable":true,"href":"https:\/\/kunstinargentinien.com\/index.php\/wp-json\/wp\/v2\/tags?post=1507"}],"curies":[{"name":"wp","href":"https:\/\/api.w.org\/{rel}","templated":true}]}}